{"id":36563,"date":"2025-09-24T11:57:00","date_gmt":"2025-09-24T11:57:00","guid":{"rendered":"https:\/\/zonacuriosa.com.br\/a203b76a-dc98-4e2e-861c-fe0973435567\/"},"modified":"2025-09-24T11:57:56","modified_gmt":"2025-09-24T11:57:56","slug":"a203b76a-dc98-4e2e-861c-fe0973435567","status":"publish","type":"post","link":"https:\/\/zonacuriosa.com.br\/es\/a203b76a-dc98-4e2e-861c-fe0973435567\/","title":{"rendered":"Se busca carnicero\/a: salario a convenir, contrato indefinido y oportunidad en el sector alimentario."},"content":{"rendered":"<div class=\"mx-5 sm:mx-0 prose text-left mb-5\">\n<\/p>\n<div style=\"background: #ffffff; border-radius: 12px; box-shadow: 0 10px 30px rgba(0, 0, 0, 0.1); width: 100%; max-width: 340px; padding: 25px; transition: transform 0.3s ease-in-out; overflow: visible; display: flex; flex-direction: column; position: relative; border: 1px solid #28a745; margin-top: 70px; margin-bottom: 50px; margin-left: auto; margin-right: auto;\">\n<div style=\"position: absolute; top: -35px; right: 15px; color: #28a745; padding: 5px 10px; border-radius: 6px; font-size: 14px; font-weight: bold; display: flex; align-items: center; z-index: 10;\">Recomendado para ti<\/div>\n<div data-namespace-header=\"\" style=\"\">\n<h3 data-namespace-title=\"\" style=\"color: #333; font-size: 20px; font-weight: bold; text-align: left; margin-right: 50px; min-height: 50px; margin-top: 0px;\">Carnicero<\/h3>\n<\/p><\/div>\n<p data-namespace-prompt=\"\" style=\"font-size: 16px; color: #666; margin-bottom: 20px; line-height: 1.5; flex-grow: 1; text-align: left; margin-top: 0px;\">Se busca carnicero\/a para puesto fijo. Las funciones incluyen la preparaci\u00f3n, el corte y la presentaci\u00f3n de la carne en una empresa del sector alimentario. Salario a convenir. Oportunidad laboral estable.<\/p>\n<p>    <a data-namespace-url=\"\" href=\"https:\/\/zonacuriosa.com.br\/es\/redirect\/?https:\/\/www.bne.com.br\/vaga-de-emprego-na-area-alimentos-em-eusebio-ce\/magarefe\/4134823?utm_campaign=google_jobs_apply&#038;utm_source=google_jobs_apply&#038;utm_medium=organic\" style=\"width: 100%; display: inline-block; color: white; text-decoration: none; border-radius: 6px; font-size: 16px; font-weight: bold; text-align: center; transition: transform 0.3s ease, background 0.3s ease; margin-top: auto;\" data-namespace-id=\"5c0d2565-3ba9-4280-a382-ad2a691e2285\"><br \/>\n        <button style=\"width: 100%; height: 55px; background: #e9e9ed; border: 1px solid black; color: black;\">\u00a1Solicita ahora!<\/button><br \/>\n    <\/a><br \/>\n    <small style=\"margin-top: 10px; color: #777; font-size: 12px; text-align: center; display: block;\">Ser\u00e1s redirigido a otro sitio web.<\/small>\n<\/div>\n<h2>Oportunidad de trabajo como carnicero: qu\u00e9 esperar en el d\u00eda a d\u00eda.<\/h2>\n<p>El papel del carnicero consiste en preparar y cortar la carne, trabajando directamente con el manejo de diferentes tipos de cortes en un entorno industrial.<\/p>\n<p>Estos profesionales son responsables de realizar cortes t\u00e9cnicos, preparar bandejas, organizar las carnes y mantener la calidad de los alimentos que se preparan a diario.<\/p>\n<p>Adem\u00e1s, el carnicero debe garantizar las normas de higiene y seguridad alimentaria, asegur\u00e1ndose de que se sigan los procedimientos al pie de la letra.<\/p>\n<p>La rutina implica prestar especial atenci\u00f3n a la separaci\u00f3n de los cortes de carne, la limpieza del \u00e1rea de trabajo y el apoyo a otras actividades propias del sector de la restauraci\u00f3n.<\/p>\n<p>Es importante tener destreza manual, atenci\u00f3n al detalle y resistencia f\u00edsica para afrontar la intensa din\u00e1mica del trabajo.<\/p>\n<h2>Aspectos positivos del puesto<\/h2>\n<p>Uno de los principales atractivos de este puesto es el contrato de trabajo indefinido, que proporciona estabilidad al trabajador dentro de la empresa contratante.<\/p>\n<p>El salario se negociar\u00e1 directamente, lo que permitir\u00e1 debatir y evaluar la experiencia del profesional durante el proceso de selecci\u00f3n.<\/p>\n<p>La industria alimentaria ofrece una alta demanda y oportunidades de crecimiento, especialmente para aquellos que buscan especializarse como carniceros.<\/p>\n<p>Existe potencial para el desarrollo profesional, ya que quienes dominan el puesto tienen posibilidades de progresar en el sector.<\/p>\n<p>Otro aspecto positivo es la integraci\u00f3n en un equipo consolidado, lo que fomenta el aprendizaje y el intercambio de experiencias a diario.<\/p>\n<h2>Principales desaf\u00edos del carnicero<\/h2>\n<p>El trabajo exige una buena resistencia f\u00edsica, ya que las actividades son continuas e implican levantar y mover trozos de carne.<\/p>\n<p>El ritmo fren\u00e9tico puede resultar un desaf\u00edo para quienes no est\u00e1n familiarizados con el sector de la producci\u00f3n de alimentos.<\/p>\n<p>Es fundamental ser disciplinado con las normas de higiene, ya que existen inspecciones y requisitos estrictos en cuanto a los procesos y la limpieza del entorno.<\/p>\n<p>Existen plazos de entrega y objetivos de productividad que pueden generar presi\u00f3n durante los per\u00edodos de mayor actividad en la empresa.<\/p>\n<p>Por \u00faltimo, es necesaria una r\u00e1pida adaptaci\u00f3n, ya que los diferentes tipos de carne requieren t\u00e9cnicas y habilidades de corte espec\u00edficas.<\/p>\n<h2>Veredicto: \u00bfMerece la pena solicitarlo?<\/h2>\n<p>Si buscas estabilidad y quieres trabajar en una empresa del sector alimentario, este puesto de carnicero es una opci\u00f3n v\u00e1lida.<\/p>\n<p>El hecho de que el contrato sea permanente aumenta su atractivo para quienes buscan seguridad y oportunidades de crecimiento profesional.<\/p>\n<p>Si bien el trabajo requiere buena condici\u00f3n f\u00edsica y habilidad, ofrece la posibilidad de ascenso profesional para los profesionales dedicados.<\/p>\n<p>Los beneficios pr\u00e1cticos compensan los desaf\u00edos diarios, lo que hace que el puesto resulte atractivo para quienes ya tienen experiencia en el sector.<\/p>\n<p>Por lo tanto, esta podr\u00eda ser una excelente oportunidad para aquellos que buscan un desarrollo profesional continuo.<\/p>\n<div style=\"background: #ffffff; border-radius: 12px; box-shadow: 0 10px 30px rgba(0, 0, 0, 0.1); width: 100%; max-width: 340px; padding: 25px; transition: transform 0.3s ease-in-out; overflow: visible; display: flex; flex-direction: column; position: relative; border: 1px solid #28a745; margin-top: 70px; margin-bottom: 50px; margin-left: auto; margin-right: auto;\">\n<div style=\"position: absolute; top: -35px; right: 15px; color: #28a745; padding: 5px 10px; border-radius: 6px; font-size: 14px; font-weight: bold; display: flex; align-items: center; z-index: 10;\">Recomendado para ti<\/div>\n<div data-namespace-header=\"\" style=\"\">\n<h3 data-namespace-title=\"\" style=\"color: #333; font-size: 20px; font-weight: bold; text-align: left; margin-right: 50px; min-height: 50px; margin-top: 0px;\">Carnicero<\/h3>\n<\/p><\/div>\n<p data-namespace-prompt=\"\" style=\"font-size: 16px; color: #666; margin-bottom: 20px; line-height: 1.5; flex-grow: 1; text-align: left; margin-top: 0px;\">Se busca carnicero\/a para puesto fijo. Las funciones incluyen la preparaci\u00f3n, el corte y la presentaci\u00f3n de la carne en una empresa del sector alimentario. Salario a convenir. Oportunidad laboral estable.<\/p>\n<p>    <a data-namespace-url=\"\" href=\"https:\/\/zonacuriosa.com.br\/es\/redirect\/?https:\/\/www.bne.com.br\/vaga-de-emprego-na-area-alimentos-em-eusebio-ce\/magarefe\/4134823?utm_campaign=google_jobs_apply&#038;utm_source=google_jobs_apply&#038;utm_medium=organic\" style=\"width: 100%; display: inline-block; color: white; text-decoration: none; border-radius: 6px; font-size: 16px; font-weight: bold; text-align: center; transition: transform 0.3s ease, background 0.3s ease; margin-top: auto;\" data-namespace-id=\"5c0d2565-3ba9-4280-a382-ad2a691e2285\"><br \/>\n        <button style=\"width: 100%; height: 55px; background: #e9e9ed; border: 1px solid black; color: black;\">\u00a1Solicita ahora!<\/button><br \/>\n    <\/a><br \/>\n    <small style=\"margin-top: 10px; color: #777; font-size: 12px; text-align: center; display: block;\">Ser\u00e1s redirigido a otro sitio web.<\/small>\n<\/div>\n<\/div>","protected":false},"excerpt":{"rendered":"<p>Inf\u00f3rmate sobre los detalles del puesto de carnicero: salario a convenir, contrato indefinido y una oportunidad en la industria alimentaria. \u00a1Descubre m\u00e1s y comprueba si es la oportunidad ideal para ti!<\/p>","protected":false},"author":113,"featured_media":0,"comment_status":"open","ping_status":"open","sticky":false,"template":"","format":"standard","meta":{"footnotes":""},"categories":[11],"tags":[],"yoast_head":"<!-- This site is optimized with the Yoast SEO plugin v23.3 - https:\/\/yoast.com\/wordpress\/plugins\/seo\/ -->\n<title>Vaga de Magarefe: Sal\u00e1rio a Combinar, Contrato Efetivo e Oportunidade no Setor de Alimentos - Zona Curiosa<\/title>\n<meta name=\"robots\" content=\"index, follow, max-snippet:-1, max-image-preview:large, max-video-preview:-1\" \/>\n<link rel=\"canonical\" href=\"https:\/\/zonacuriosa.com.br\/es\/a203b76a-dc98-4e2e-861c-fe0973435567\/\" \/>\n<meta property=\"og:locale\" content=\"es_MX\" \/>\n<meta property=\"og:type\" content=\"article\" \/>\n<meta property=\"og:title\" content=\"Vaga de Magarefe: Sal\u00e1rio a Combinar, Contrato Efetivo e Oportunidade no Setor de Alimentos - Zona Curiosa\" \/>\n<meta property=\"og:description\" content=\"Conhe\u00e7a os detalhes da vaga de magarefe: sal\u00e1rio a combinar, contrato efetivo e oportunidade no setor de alimentos. Saiba mais e avalie se \u00e9 a oportunidade ideal para voc\u00ea!\" \/>\n<meta property=\"og:url\" content=\"https:\/\/zonacuriosa.com.br\/es\/a203b76a-dc98-4e2e-861c-fe0973435567\/\" \/>\n<meta property=\"og:site_name\" content=\"Zona Curiosa\" \/>\n<meta property=\"article:published_time\" content=\"2025-09-24T11:57:00+00:00\" \/>\n<meta property=\"article:modified_time\" content=\"2025-09-24T11:57:56+00:00\" \/>\n<meta name=\"author\" content=\"ederaugusttomuller\" \/>\n<meta name=\"twitter:card\" content=\"summary_large_image\" \/>\n<meta name=\"twitter:label1\" content=\"Written by\" \/>\n\t<meta name=\"twitter:data1\" content=\"ederaugusttomuller\" \/>\n\t<meta name=\"twitter:label2\" content=\"Est. reading time\" \/>\n\t<meta name=\"twitter:data2\" content=\"3 minutos\" \/>\n<script type=\"application\/ld+json\" class=\"yoast-schema-graph\">{\"@context\":\"https:\/\/schema.org\",\"@graph\":[{\"@type\":\"WebPage\",\"@id\":\"https:\/\/zonacuriosa.com.br\/a203b76a-dc98-4e2e-861c-fe0973435567\/\",\"url\":\"https:\/\/zonacuriosa.com.br\/a203b76a-dc98-4e2e-861c-fe0973435567\/\",\"name\":\"Vaga de Magarefe: Sal\u00e1rio a Combinar, Contrato Efetivo e Oportunidade no Setor de Alimentos - Zona Curiosa\",\"isPartOf\":{\"@id\":\"https:\/\/zonacuriosa.com.br\/#website\"},\"datePublished\":\"2025-09-24T11:57:00+00:00\",\"dateModified\":\"2025-09-24T11:57:56+00:00\",\"author\":{\"@id\":\"https:\/\/zonacuriosa.com.br\/#\/schema\/person\/890d2e5780ff9ae3803551e7f1d7a46d\"},\"breadcrumb\":{\"@id\":\"https:\/\/zonacuriosa.com.br\/a203b76a-dc98-4e2e-861c-fe0973435567\/#breadcrumb\"},\"inLanguage\":\"es-MX\",\"potentialAction\":[{\"@type\":\"ReadAction\",\"target\":[\"https:\/\/zonacuriosa.com.br\/a203b76a-dc98-4e2e-861c-fe0973435567\/\"]}]},{\"@type\":\"BreadcrumbList\",\"@id\":\"https:\/\/zonacuriosa.com.br\/a203b76a-dc98-4e2e-861c-fe0973435567\/#breadcrumb\",\"itemListElement\":[{\"@type\":\"ListItem\",\"position\":1,\"name\":\"Home\",\"item\":\"https:\/\/zonacuriosa.com.br\/\"},{\"@type\":\"ListItem\",\"position\":2,\"name\":\"Vaga de Magarefe: Sal\u00e1rio a Combinar, Contrato Efetivo e Oportunidade no Setor de Alimentos\"}]},{\"@type\":\"WebSite\",\"@id\":\"https:\/\/zonacuriosa.com.br\/#website\",\"url\":\"https:\/\/zonacuriosa.com.br\/\",\"name\":\"Zona Curiosa\",\"description\":\"\",\"potentialAction\":[{\"@type\":\"SearchAction\",\"target\":{\"@type\":\"EntryPoint\",\"urlTemplate\":\"https:\/\/zonacuriosa.com.br\/?s={search_term_string}\"},\"query-input\":\"required name=search_term_string\"}],\"inLanguage\":\"es-MX\"},{\"@type\":\"Person\",\"@id\":\"https:\/\/zonacuriosa.com.br\/#\/schema\/person\/890d2e5780ff9ae3803551e7f1d7a46d\",\"name\":\"ederaugusttomuller\",\"image\":{\"@type\":\"ImageObject\",\"inLanguage\":\"es-MX\",\"@id\":\"https:\/\/zonacuriosa.com.br\/#\/schema\/person\/image\/\",\"url\":\"https:\/\/secure.gravatar.com\/avatar\/96357ca64e7ff2bf802e5dba125702c6?s=96&d=mm&r=g\",\"contentUrl\":\"https:\/\/secure.gravatar.com\/avatar\/96357ca64e7ff2bf802e5dba125702c6?s=96&d=mm&r=g\",\"caption\":\"ederaugusttomuller\"},\"url\":\"https:\/\/zonacuriosa.com.br\/es\/author\/ederaugusttomuller\/\"}]}<\/script>\n<!-- \/ Yoast SEO plugin. -->","yoast_head_json":{"title":"Vaga de Magarefe: Sal\u00e1rio a Combinar, Contrato Efetivo e Oportunidade no Setor de Alimentos - Zona Curiosa","robots":{"index":"index","follow":"follow","max-snippet":"max-snippet:-1","max-image-preview":"max-image-preview:large","max-video-preview":"max-video-preview:-1"},"canonical":"https:\/\/zonacuriosa.com.br\/es\/a203b76a-dc98-4e2e-861c-fe0973435567\/","og_locale":"es_MX","og_type":"article","og_title":"Vaga de Magarefe: Sal\u00e1rio a Combinar, Contrato Efetivo e Oportunidade no Setor de Alimentos - Zona Curiosa","og_description":"Conhe\u00e7a os detalhes da vaga de magarefe: sal\u00e1rio a combinar, contrato efetivo e oportunidade no setor de alimentos. Saiba mais e avalie se \u00e9 a oportunidade ideal para voc\u00ea!","og_url":"https:\/\/zonacuriosa.com.br\/es\/a203b76a-dc98-4e2e-861c-fe0973435567\/","og_site_name":"Zona Curiosa","article_published_time":"2025-09-24T11:57:00+00:00","article_modified_time":"2025-09-24T11:57:56+00:00","author":"ederaugusttomuller","twitter_card":"summary_large_image","twitter_misc":{"Written by":"ederaugusttomuller","Est. reading time":"3 minutos"},"schema":{"@context":"https:\/\/schema.org","@graph":[{"@type":"WebPage","@id":"https:\/\/zonacuriosa.com.br\/a203b76a-dc98-4e2e-861c-fe0973435567\/","url":"https:\/\/zonacuriosa.com.br\/a203b76a-dc98-4e2e-861c-fe0973435567\/","name":"Vaga de Magarefe: Sal\u00e1rio a Combinar, Contrato Efetivo e Oportunidade no Setor de Alimentos - Zona Curiosa","isPartOf":{"@id":"https:\/\/zonacuriosa.com.br\/#website"},"datePublished":"2025-09-24T11:57:00+00:00","dateModified":"2025-09-24T11:57:56+00:00","author":{"@id":"https:\/\/zonacuriosa.com.br\/#\/schema\/person\/890d2e5780ff9ae3803551e7f1d7a46d"},"breadcrumb":{"@id":"https:\/\/zonacuriosa.com.br\/a203b76a-dc98-4e2e-861c-fe0973435567\/#breadcrumb"},"inLanguage":"es-MX","potentialAction":[{"@type":"ReadAction","target":["https:\/\/zonacuriosa.com.br\/a203b76a-dc98-4e2e-861c-fe0973435567\/"]}]},{"@type":"BreadcrumbList","@id":"https:\/\/zonacuriosa.com.br\/a203b76a-dc98-4e2e-861c-fe0973435567\/#breadcrumb","itemListElement":[{"@type":"ListItem","position":1,"name":"Home","item":"https:\/\/zonacuriosa.com.br\/"},{"@type":"ListItem","position":2,"name":"Vaga de Magarefe: Sal\u00e1rio a Combinar, Contrato Efetivo e Oportunidade no Setor de Alimentos"}]},{"@type":"WebSite","@id":"https:\/\/zonacuriosa.com.br\/#website","url":"https:\/\/zonacuriosa.com.br\/","name":"Zona Curiosa","description":"","potentialAction":[{"@type":"SearchAction","target":{"@type":"EntryPoint","urlTemplate":"https:\/\/zonacuriosa.com.br\/?s={search_term_string}"},"query-input":"required name=search_term_string"}],"inLanguage":"es-MX"},{"@type":"Person","@id":"https:\/\/zonacuriosa.com.br\/#\/schema\/person\/890d2e5780ff9ae3803551e7f1d7a46d","name":"ederaugusttomuller","image":{"@type":"ImageObject","inLanguage":"es-MX","@id":"https:\/\/zonacuriosa.com.br\/#\/schema\/person\/image\/","url":"https:\/\/secure.gravatar.com\/avatar\/96357ca64e7ff2bf802e5dba125702c6?s=96&d=mm&r=g","contentUrl":"https:\/\/secure.gravatar.com\/avatar\/96357ca64e7ff2bf802e5dba125702c6?s=96&d=mm&r=g","caption":"ederaugusttomuller"},"url":"https:\/\/zonacuriosa.com.br\/es\/author\/ederaugusttomuller\/"}]}},"_links":{"self":[{"href":"https:\/\/zonacuriosa.com.br\/es\/wp-json\/wp\/v2\/posts\/36563"}],"collection":[{"href":"https:\/\/zonacuriosa.com.br\/es\/wp-json\/wp\/v2\/posts"}],"about":[{"href":"https:\/\/zonacuriosa.com.br\/es\/wp-json\/wp\/v2\/types\/post"}],"author":[{"embeddable":true,"href":"https:\/\/zonacuriosa.com.br\/es\/wp-json\/wp\/v2\/users\/113"}],"replies":[{"embeddable":true,"href":"https:\/\/zonacuriosa.com.br\/es\/wp-json\/wp\/v2\/comments?post=36563"}],"version-history":[{"count":1,"href":"https:\/\/zonacuriosa.com.br\/es\/wp-json\/wp\/v2\/posts\/36563\/revisions"}],"predecessor-version":[{"id":36580,"href":"https:\/\/zonacuriosa.com.br\/es\/wp-json\/wp\/v2\/posts\/36563\/revisions\/36580"}],"wp:attachment":[{"href":"https:\/\/zonacuriosa.com.br\/es\/wp-json\/wp\/v2\/media?parent=36563"}],"wp:term":[{"taxonomy":"category","embeddable":true,"href":"https:\/\/zonacuriosa.com.br\/es\/wp-json\/wp\/v2\/categories?post=36563"},{"taxonomy":"post_tag","embeddable":true,"href":"https:\/\/zonacuriosa.com.br\/es\/wp-json\/wp\/v2\/tags?post=36563"}],"curies":[{"name":"wp","href":"https:\/\/api.w.org\/{rel}","templated":true}]}}