{"id":36475,"date":"2025-09-24T02:01:00","date_gmt":"2025-09-24T02:01:00","guid":{"rendered":"https:\/\/zonacuriosa.com.br\/a7719ddf-66fa-4083-97c4-4ecbe5324915\/"},"modified":"2025-09-24T02:01:10","modified_gmt":"2025-09-24T02:01:10","slug":"a7719ddf-66fa-4083-97c4-4ecbe5324915","status":"publish","type":"post","link":"https:\/\/zonacuriosa.com.br\/es\/a7719ddf-66fa-4083-97c4-4ecbe5324915\/","title":{"rendered":"Oferta de empleo para auxiliar de guarder\u00eda: organizaci\u00f3n, apoyo y oportunidades en el sector educativo."},"content":{"rendered":"<div class=\"mx-5 sm:mx-0 prose text-left mb-5\">\n<\/p>\n<div style=\"background: #ffffff; border-radius: 12px; box-shadow: 0 10px 30px rgba(0, 0, 0, 0.1); width: 100%; max-width: 340px; padding: 25px; transition: transform 0.3s ease-in-out; overflow: visible; display: flex; flex-direction: column; position: relative; border: 1px solid #28a745; margin-top: 70px; margin-bottom: 50px; margin-left: auto; margin-right: auto;\">\n<div style=\"position: absolute; top: -35px; right: 15px; color: #28a745; padding: 5px 10px; border-radius: 6px; font-size: 14px; font-weight: bold; display: flex; align-items: center; z-index: 10;\">Recomendado para ti<\/div>\n<div data-namespace-header=\"\" style=\"\">\n<h3 data-namespace-title=\"\" style=\"color: #333; font-size: 20px; font-weight: bold; text-align: left; margin-right: 50px; min-height: 50px; margin-top: 0px;\">Auxiliar de guarder\u00eda<\/h3>\n<\/p><\/div>\n<p data-namespace-prompt=\"\" style=\"font-size: 16px; color: #666; margin-bottom: 20px; line-height: 1.5; flex-grow: 1; text-align: left; margin-top: 0px;\">Apoyar las actividades diarias de los ni\u00f1os, mantener el orden en el aula y supervisar las comidas y los periodos de descanso. Puesto fijo, salario a convenir.<\/p>\n<p>    <a data-namespace-url=\"\" href=\"https:\/\/zonacuriosa.com.br\/es\/redirect\/?https:\/\/www.bne.com.br\/vaga-de-emprego-na-area-educacao-em-duque-de-caxias-rj\/auxiliar-de-creche\/4112157?utm_campaign=google_jobs_apply&#038;utm_source=google_jobs_apply&#038;utm_medium=organic\" style=\"width: 100%; display: inline-block; color: white; text-decoration: none; border-radius: 6px; font-size: 16px; font-weight: bold; text-align: center; transition: transform 0.3s ease, background 0.3s ease; margin-top: auto;\" data-namespace-id=\"5c0d2565-3ba9-4280-a382-ad2a691e2285\"><br \/>\n        <button style=\"width: 100%; height: 55px; background: #e9e9ed; border: 1px solid black; color: black;\">\u00a1Solicita ahora!<\/button><br \/>\n    <\/a><br \/>\n    <small style=\"margin-top: 10px; color: #777; font-size: 12px; text-align: center; display: block;\">Ser\u00e1s redirigido a otro sitio web.<\/small>\n<\/div>\n<p>Se busca auxiliar de guarder\u00eda para profesionales que deseen contribuir al crecimiento y desarrollo de los ni\u00f1os peque\u00f1os. El salario es negociable y el puesto es permanente, lo que garantiza estabilidad. En el entorno laboral se valora la colaboraci\u00f3n, la organizaci\u00f3n y el inter\u00e9s genuino por el bienestar infantil.<\/p>\n<h2>Rutina diaria de un auxiliar de guarder\u00eda<\/h2>\n<p>La rutina diaria incluye organizar el aula, los materiales y las carpetas con los trabajos de los ni\u00f1os, manteniendo siempre todo accesible y limpio.<\/p>\n<p>La participaci\u00f3n en actividades curriculares y extracurriculares es fundamental, ya que apoya al profesor y estimula la creatividad de los ni\u00f1os.<\/p>\n<p>Otro aspecto importante es supervisar las comidas y los periodos de descanso, garantizando que todos est\u00e9n seguros y c\u00f3modos durante todo el d\u00eda.<\/p>\n<p>El profesional tambi\u00e9n gu\u00eda juegos y actividades educativas, contribuyendo al desarrollo social y motor de los estudiantes.<\/p>\n<p>Por \u00faltimo, la rutina exige flexibilidad, cari\u00f1o hacia los ni\u00f1os y una atenci\u00f3n constante a los detalles, lo que hace que el trabajo sea gratificante.<\/p>\n<h2>Ventajas del puesto<\/h2>\n<p>Una de las grandes ventajas es el ambiente propicio para el desarrollo, que permite crear v\u00ednculos positivos tanto con los ni\u00f1os como con el personal escolar.<\/p>\n<p>Adem\u00e1s, este puesto ofrece la oportunidad de un aprendizaje continuo sobre la educaci\u00f3n infantil, lo que fomenta el crecimiento personal y profesional.<\/p>\n<p>Contar con beneficios adicionales al salario aumenta la motivaci\u00f3n de los empleados y contribuye a una mayor estabilidad financiera.<\/p>\n<h2>Desaf\u00edos y puntos de atenci\u00f3n<\/h2>\n<p>Tratar con ni\u00f1os requiere mucha paciencia, responsabilidad y la capacidad de adaptarse a diferentes situaciones y necesidades diarias.<\/p>\n<p>La presi\u00f3n por mantener la organizaci\u00f3n y la seguridad puede exigir energ\u00eda adicional y una actitud de vigilancia constante hacia las tareas.<\/p>\n<h2>Veredicto<\/h2>\n<p>El puesto de auxiliar de guarder\u00eda es ideal para quienes buscan influir en el desarrollo de los ni\u00f1os, trabajar en un entorno colaborativo y disfrutar de buenas condiciones laborales.<\/p>\n<div style=\"background: #ffffff; border-radius: 12px; box-shadow: 0 10px 30px rgba(0, 0, 0, 0.1); width: 100%; max-width: 340px; padding: 25px; transition: transform 0.3s ease-in-out; overflow: visible; display: flex; flex-direction: column; position: relative; border: 1px solid #28a745; margin-top: 70px; margin-bottom: 50px; margin-left: auto; margin-right: auto;\">\n<div style=\"position: absolute; top: -35px; right: 15px; color: #28a745; padding: 5px 10px; border-radius: 6px; font-size: 14px; font-weight: bold; display: flex; align-items: center; z-index: 10;\">Recomendado para ti<\/div>\n<div data-namespace-header=\"\" style=\"\">\n<h3 data-namespace-title=\"\" style=\"color: #333; font-size: 20px; font-weight: bold; text-align: left; margin-right: 50px; min-height: 50px; margin-top: 0px;\">Auxiliar de guarder\u00eda<\/h3>\n<\/p><\/div>\n<p data-namespace-prompt=\"\" style=\"font-size: 16px; color: #666; margin-bottom: 20px; line-height: 1.5; flex-grow: 1; text-align: left; margin-top: 0px;\">Apoyar las actividades diarias de los ni\u00f1os, mantener el orden en el aula y supervisar las comidas y los periodos de descanso. Puesto fijo, salario a convenir.<\/p>\n<p>    <a data-namespace-url=\"\" href=\"https:\/\/zonacuriosa.com.br\/es\/redirect\/?https:\/\/www.bne.com.br\/vaga-de-emprego-na-area-educacao-em-duque-de-caxias-rj\/auxiliar-de-creche\/4112157?utm_campaign=google_jobs_apply&#038;utm_source=google_jobs_apply&#038;utm_medium=organic\" style=\"width: 100%; display: inline-block; color: white; text-decoration: none; border-radius: 6px; font-size: 16px; font-weight: bold; text-align: center; transition: transform 0.3s ease, background 0.3s ease; margin-top: auto;\" data-namespace-id=\"5c0d2565-3ba9-4280-a382-ad2a691e2285\"><br \/>\n        <button style=\"width: 100%; height: 55px; background: #e9e9ed; border: 1px solid black; color: black;\">\u00a1Solicita ahora!<\/button><br \/>\n    <\/a><br \/>\n    <small style=\"margin-top: 10px; color: #777; font-size: 12px; text-align: center; display: block;\">Ser\u00e1s redirigido a otro sitio web.<\/small>\n<\/div>\n<\/div>","protected":false},"excerpt":{"rendered":"<p>Inf\u00f3rmate sobre el puesto de auxiliar de guarder\u00eda, descubre las ventajas y los retos de este rol y averigua si es el trabajo ideal para ti.<\/p>","protected":false},"author":113,"featured_media":0,"comment_status":"open","ping_status":"open","sticky":false,"template":"","format":"standard","meta":{"footnotes":""},"categories":[11],"tags":[],"yoast_head":"<!-- This site is optimized with the Yoast SEO plugin v23.3 - https:\/\/yoast.com\/wordpress\/plugins\/seo\/ -->\n<title>Vaga de Auxiliar de Creche: Organiza\u00e7\u00e3o, Apoio e Oportunidade no Setor Educacional - Zona Curiosa<\/title>\n<meta name=\"robots\" content=\"index, follow, max-snippet:-1, max-image-preview:large, max-video-preview:-1\" \/>\n<link rel=\"canonical\" href=\"https:\/\/zonacuriosa.com.br\/es\/a7719ddf-66fa-4083-97c4-4ecbe5324915\/\" \/>\n<meta property=\"og:locale\" content=\"es_MX\" \/>\n<meta property=\"og:type\" content=\"article\" \/>\n<meta property=\"og:title\" content=\"Vaga de Auxiliar de Creche: Organiza\u00e7\u00e3o, Apoio e Oportunidade no Setor Educacional - Zona Curiosa\" \/>\n<meta property=\"og:description\" content=\"Conhe\u00e7a a vaga de auxiliar de creche, descubra os pontos positivos e desafios dessa fun\u00e7\u00e3o e veja se este \u00e9 o emprego ideal para o seu perfil.\" \/>\n<meta property=\"og:url\" content=\"https:\/\/zonacuriosa.com.br\/es\/a7719ddf-66fa-4083-97c4-4ecbe5324915\/\" \/>\n<meta property=\"og:site_name\" content=\"Zona Curiosa\" \/>\n<meta property=\"article:published_time\" content=\"2025-09-24T02:01:00+00:00\" \/>\n<meta property=\"article:modified_time\" content=\"2025-09-24T02:01:10+00:00\" \/>\n<meta name=\"author\" content=\"ederaugusttomuller\" \/>\n<meta name=\"twitter:card\" content=\"summary_large_image\" \/>\n<meta name=\"twitter:label1\" content=\"Written by\" \/>\n\t<meta name=\"twitter:data1\" content=\"ederaugusttomuller\" \/>\n\t<meta name=\"twitter:label2\" content=\"Est. reading time\" \/>\n\t<meta name=\"twitter:data2\" content=\"2 minutos\" \/>\n<script type=\"application\/ld+json\" class=\"yoast-schema-graph\">{\"@context\":\"https:\/\/schema.org\",\"@graph\":[{\"@type\":\"WebPage\",\"@id\":\"https:\/\/zonacuriosa.com.br\/a7719ddf-66fa-4083-97c4-4ecbe5324915\/\",\"url\":\"https:\/\/zonacuriosa.com.br\/a7719ddf-66fa-4083-97c4-4ecbe5324915\/\",\"name\":\"Vaga de Auxiliar de Creche: Organiza\u00e7\u00e3o, Apoio e Oportunidade no Setor Educacional - Zona Curiosa\",\"isPartOf\":{\"@id\":\"https:\/\/zonacuriosa.com.br\/#website\"},\"datePublished\":\"2025-09-24T02:01:00+00:00\",\"dateModified\":\"2025-09-24T02:01:10+00:00\",\"author\":{\"@id\":\"https:\/\/zonacuriosa.com.br\/#\/schema\/person\/890d2e5780ff9ae3803551e7f1d7a46d\"},\"breadcrumb\":{\"@id\":\"https:\/\/zonacuriosa.com.br\/a7719ddf-66fa-4083-97c4-4ecbe5324915\/#breadcrumb\"},\"inLanguage\":\"es-MX\",\"potentialAction\":[{\"@type\":\"ReadAction\",\"target\":[\"https:\/\/zonacuriosa.com.br\/a7719ddf-66fa-4083-97c4-4ecbe5324915\/\"]}]},{\"@type\":\"BreadcrumbList\",\"@id\":\"https:\/\/zonacuriosa.com.br\/a7719ddf-66fa-4083-97c4-4ecbe5324915\/#breadcrumb\",\"itemListElement\":[{\"@type\":\"ListItem\",\"position\":1,\"name\":\"Home\",\"item\":\"https:\/\/zonacuriosa.com.br\/\"},{\"@type\":\"ListItem\",\"position\":2,\"name\":\"Vaga de Auxiliar de Creche: Organiza\u00e7\u00e3o, Apoio e Oportunidade no Setor Educacional\"}]},{\"@type\":\"WebSite\",\"@id\":\"https:\/\/zonacuriosa.com.br\/#website\",\"url\":\"https:\/\/zonacuriosa.com.br\/\",\"name\":\"Zona Curiosa\",\"description\":\"\",\"potentialAction\":[{\"@type\":\"SearchAction\",\"target\":{\"@type\":\"EntryPoint\",\"urlTemplate\":\"https:\/\/zonacuriosa.com.br\/?s={search_term_string}\"},\"query-input\":\"required name=search_term_string\"}],\"inLanguage\":\"es-MX\"},{\"@type\":\"Person\",\"@id\":\"https:\/\/zonacuriosa.com.br\/#\/schema\/person\/890d2e5780ff9ae3803551e7f1d7a46d\",\"name\":\"ederaugusttomuller\",\"image\":{\"@type\":\"ImageObject\",\"inLanguage\":\"es-MX\",\"@id\":\"https:\/\/zonacuriosa.com.br\/#\/schema\/person\/image\/\",\"url\":\"https:\/\/secure.gravatar.com\/avatar\/96357ca64e7ff2bf802e5dba125702c6?s=96&d=mm&r=g\",\"contentUrl\":\"https:\/\/secure.gravatar.com\/avatar\/96357ca64e7ff2bf802e5dba125702c6?s=96&d=mm&r=g\",\"caption\":\"ederaugusttomuller\"},\"url\":\"https:\/\/zonacuriosa.com.br\/es\/author\/ederaugusttomuller\/\"}]}<\/script>\n<!-- \/ Yoast SEO plugin. -->","yoast_head_json":{"title":"Vaga de Auxiliar de Creche: Organiza\u00e7\u00e3o, Apoio e Oportunidade no Setor Educacional - Zona Curiosa","robots":{"index":"index","follow":"follow","max-snippet":"max-snippet:-1","max-image-preview":"max-image-preview:large","max-video-preview":"max-video-preview:-1"},"canonical":"https:\/\/zonacuriosa.com.br\/es\/a7719ddf-66fa-4083-97c4-4ecbe5324915\/","og_locale":"es_MX","og_type":"article","og_title":"Vaga de Auxiliar de Creche: Organiza\u00e7\u00e3o, Apoio e Oportunidade no Setor Educacional - Zona Curiosa","og_description":"Conhe\u00e7a a vaga de auxiliar de creche, descubra os pontos positivos e desafios dessa fun\u00e7\u00e3o e veja se este \u00e9 o emprego ideal para o seu perfil.","og_url":"https:\/\/zonacuriosa.com.br\/es\/a7719ddf-66fa-4083-97c4-4ecbe5324915\/","og_site_name":"Zona Curiosa","article_published_time":"2025-09-24T02:01:00+00:00","article_modified_time":"2025-09-24T02:01:10+00:00","author":"ederaugusttomuller","twitter_card":"summary_large_image","twitter_misc":{"Written by":"ederaugusttomuller","Est. reading time":"2 minutos"},"schema":{"@context":"https:\/\/schema.org","@graph":[{"@type":"WebPage","@id":"https:\/\/zonacuriosa.com.br\/a7719ddf-66fa-4083-97c4-4ecbe5324915\/","url":"https:\/\/zonacuriosa.com.br\/a7719ddf-66fa-4083-97c4-4ecbe5324915\/","name":"Vaga de Auxiliar de Creche: Organiza\u00e7\u00e3o, Apoio e Oportunidade no Setor Educacional - Zona Curiosa","isPartOf":{"@id":"https:\/\/zonacuriosa.com.br\/#website"},"datePublished":"2025-09-24T02:01:00+00:00","dateModified":"2025-09-24T02:01:10+00:00","author":{"@id":"https:\/\/zonacuriosa.com.br\/#\/schema\/person\/890d2e5780ff9ae3803551e7f1d7a46d"},"breadcrumb":{"@id":"https:\/\/zonacuriosa.com.br\/a7719ddf-66fa-4083-97c4-4ecbe5324915\/#breadcrumb"},"inLanguage":"es-MX","potentialAction":[{"@type":"ReadAction","target":["https:\/\/zonacuriosa.com.br\/a7719ddf-66fa-4083-97c4-4ecbe5324915\/"]}]},{"@type":"BreadcrumbList","@id":"https:\/\/zonacuriosa.com.br\/a7719ddf-66fa-4083-97c4-4ecbe5324915\/#breadcrumb","itemListElement":[{"@type":"ListItem","position":1,"name":"Home","item":"https:\/\/zonacuriosa.com.br\/"},{"@type":"ListItem","position":2,"name":"Vaga de Auxiliar de Creche: Organiza\u00e7\u00e3o, Apoio e Oportunidade no Setor Educacional"}]},{"@type":"WebSite","@id":"https:\/\/zonacuriosa.com.br\/#website","url":"https:\/\/zonacuriosa.com.br\/","name":"Zona Curiosa","description":"","potentialAction":[{"@type":"SearchAction","target":{"@type":"EntryPoint","urlTemplate":"https:\/\/zonacuriosa.com.br\/?s={search_term_string}"},"query-input":"required name=search_term_string"}],"inLanguage":"es-MX"},{"@type":"Person","@id":"https:\/\/zonacuriosa.com.br\/#\/schema\/person\/890d2e5780ff9ae3803551e7f1d7a46d","name":"ederaugusttomuller","image":{"@type":"ImageObject","inLanguage":"es-MX","@id":"https:\/\/zonacuriosa.com.br\/#\/schema\/person\/image\/","url":"https:\/\/secure.gravatar.com\/avatar\/96357ca64e7ff2bf802e5dba125702c6?s=96&d=mm&r=g","contentUrl":"https:\/\/secure.gravatar.com\/avatar\/96357ca64e7ff2bf802e5dba125702c6?s=96&d=mm&r=g","caption":"ederaugusttomuller"},"url":"https:\/\/zonacuriosa.com.br\/es\/author\/ederaugusttomuller\/"}]}},"_links":{"self":[{"href":"https:\/\/zonacuriosa.com.br\/es\/wp-json\/wp\/v2\/posts\/36475"}],"collection":[{"href":"https:\/\/zonacuriosa.com.br\/es\/wp-json\/wp\/v2\/posts"}],"about":[{"href":"https:\/\/zonacuriosa.com.br\/es\/wp-json\/wp\/v2\/types\/post"}],"author":[{"embeddable":true,"href":"https:\/\/zonacuriosa.com.br\/es\/wp-json\/wp\/v2\/users\/113"}],"replies":[{"embeddable":true,"href":"https:\/\/zonacuriosa.com.br\/es\/wp-json\/wp\/v2\/comments?post=36475"}],"version-history":[{"count":1,"href":"https:\/\/zonacuriosa.com.br\/es\/wp-json\/wp\/v2\/posts\/36475\/revisions"}],"predecessor-version":[{"id":36487,"href":"https:\/\/zonacuriosa.com.br\/es\/wp-json\/wp\/v2\/posts\/36475\/revisions\/36487"}],"wp:attachment":[{"href":"https:\/\/zonacuriosa.com.br\/es\/wp-json\/wp\/v2\/media?parent=36475"}],"wp:term":[{"taxonomy":"category","embeddable":true,"href":"https:\/\/zonacuriosa.com.br\/es\/wp-json\/wp\/v2\/categories?post=36475"},{"taxonomy":"post_tag","embeddable":true,"href":"https:\/\/zonacuriosa.com.br\/es\/wp-json\/wp\/v2\/tags?post=36475"}],"curies":[{"name":"wp","href":"https:\/\/api.w.org\/{rel}","templated":true}]}}