{"id":36207,"date":"2025-09-23T23:59:00","date_gmt":"2025-09-23T23:59:00","guid":{"rendered":"https:\/\/zonacuriosa.com.br\/2e8cbf11-924c-4b86-9b17-e0a387b6a4fd\/"},"modified":"2025-09-23T23:59:22","modified_gmt":"2025-09-23T23:59:22","slug":"2e8cbf11-924c-4b86-9b17-e0a387b6a4fd","status":"publish","type":"post","link":"https:\/\/zonacuriosa.com.br\/es\/2e8cbf11-924c-4b86-9b17-e0a387b6a4fd\/","title":{"rendered":"Empleado de fruter\u00eda: salario atractivo, prestaciones y rutina manejable."},"content":{"rendered":"<div class=\"mx-5 sm:mx-0 prose text-left mb-5\">\n<\/p>\n<div style=\"background: #ffffff; border-radius: 12px; box-shadow: 0 10px 30px rgba(0, 0, 0, 0.1); width: 100%; max-width: 340px; padding: 25px; transition: transform 0.3s ease-in-out; overflow: visible; display: flex; flex-direction: column; position: relative; border: 1px solid #28a745; margin-top: 70px; margin-bottom: 50px; margin-left: auto; margin-right: auto;\">\n<div style=\"position: absolute; top: -35px; right: 15px; color: #28a745; padding: 5px 10px; border-radius: 6px; font-size: 14px; font-weight: bold; display: flex; align-items: center; z-index: 10;\">Recomendado para ti<\/div>\n<div data-namespace-header=\"\" style=\"\">\n<h3 data-namespace-title=\"\" style=\"color: #333; font-size: 20px; font-weight: bold; text-align: left; margin-right: 50px; min-height: 50px; margin-top: 0px;\">Empleado de la secci\u00f3n de frutas y verduras<\/h3>\n<\/p><\/div>\n<p data-namespace-prompt=\"\" style=\"font-size: 16px; color: #666; margin-bottom: 20px; line-height: 1.5; flex-grow: 1; text-align: left; margin-top: 0px;\">Puesto para quienes buscan un salario fijo con prestaciones, atenci\u00f3n al cliente presencial y buenas posibilidades de obtener un contrato indefinido. Se aceptan personas con discapacidad y solo se requiere educaci\u00f3n primaria.<\/p>\n<p>    <a data-namespace-url=\"\" href=\"https:\/\/zonacuriosa.com.br\/es\/redirect\/?https:\/\/www.infojobs.com.br\/vaga-de-balconista-flv-em-sao-paulo__10939792.aspx?utm_campaign=google_jobs_apply&#038;utm_source=google_jobs_apply&#038;utm_medium=organic\" style=\"width: 100%; display: inline-block; color: white; text-decoration: none; border-radius: 6px; font-size: 16px; font-weight: bold; text-align: center; transition: transform 0.3s ease, background 0.3s ease; margin-top: auto;\" data-namespace-id=\"5c0d2565-3ba9-4280-a382-ad2a691e2285\"><br \/>\n        <button style=\"width: 100%; height: 55px; background: #e9e9ed; border: 1px solid black; color: black;\">\u00a1Solicita ahora!<\/button><br \/>\n    <\/a><br \/>\n    <small style=\"margin-top: 10px; color: #777; font-size: 12px; text-align: center; display: block;\">Ser\u00e1s redirigido a otro sitio web.<\/small>\n<\/div>\n<p>El puesto de dependiente\/a de frutas y verduras ofrece un salario de R$1.971,00 mensuales bajo un contrato CLT (Ley Laboral Brasile\u00f1a), con un turno de tarde a tiempo parcial. El trabajo es totalmente presencial y el proceso de selecci\u00f3n es inclusivo, con oportunidades para personas con discapacidad.<\/p>\n<p>Entre los principales beneficios se incluyen: seguro m\u00e9dico y dental gratuito despu\u00e9s de tres meses, comidas en las instalaciones los fines de semana y d\u00edas festivos, subsidio de transporte, participaci\u00f3n en programas de descuento y una bonificaci\u00f3n mensual por asistencia.<\/p>\n<h2>\u00bfC\u00f3mo es un d\u00eda t\u00edpico para un empleado de mostrador de frutas y verduras?<\/h2>\n<p>El profesional es responsable de retirar las frutas, verduras y hortalizas de las vitrinas para limpiar y desinfectar la zona.<\/p>\n<p>Tambi\u00e9n implica reabastecer los productos seg\u00fan el sistema FIFO (primero en entrar, primero en salir), priorizando la calidad y la organizaci\u00f3n en el \u00e1rea de ventas.<\/p>\n<p>Otras tareas incluyen pelar, cortar, empaquetar y poner precio a los art\u00edculos, garantizando un espacio atractivo y seguro para los clientes.<\/p>\n<p>El empleado tambi\u00e9n ayuda a descargar la mercanc\u00eda, a comprobar su calidad y cantidad, y a separar los productos que no son aptos para el consumo.<\/p>\n<p>Es fundamental mantener el orden y la higiene en el sector, incluyendo los equipos, utensilios y m\u00e1quinas de uso diario.<\/p>\n<h2>Aspectos positivos de la oferta de trabajo<\/h2>\n<p>Lo m\u00e1s destacable es el atractivo salario inicial y los completos beneficios. Muchos puestos no ofrecen seguro m\u00e9dico gratuito, pero aqu\u00ed el empleado contar\u00e1 con este privilegio tras el per\u00edodo de prueba.<\/p>\n<p>Otra caracter\u00edstica distintiva es la posibilidad de contratar a personas con discapacidad, lo que aumenta la inclusi\u00f3n y la diversidad dentro del equipo.<\/p>\n<h2>Aspectos negativos de la oferta de empleo<\/h2>\n<p>El horario de trabajo es a tiempo parcial, lo que para algunos puede significar un salario m\u00e1s bajo en comparaci\u00f3n con los puestos a tiempo completo.<\/p>\n<p>La obligaci\u00f3n de trabajar los fines de semana puede no resultar atractiva para quienes buscan una rutina tradicional, pero esa es la realidad del sector minorista.<\/p>\n<h2>Veredicto final<\/h2>\n<p>El puesto de dependiente\/a de fruter\u00eda es ideal para quienes desean incorporarse al sector de la alimentaci\u00f3n, ya que ofrece atractivos beneficios y un ambiente de trabajo inclusivo. El salario es competitivo en funci\u00f3n del nivel de estudios requerido y existen oportunidades de desarrollo para quienes demuestren un buen desempe\u00f1o.<\/p>\n<div style=\"background: #ffffff; border-radius: 12px; box-shadow: 0 10px 30px rgba(0, 0, 0, 0.1); width: 100%; max-width: 340px; padding: 25px; transition: transform 0.3s ease-in-out; overflow: visible; display: flex; flex-direction: column; position: relative; border: 1px solid #28a745; margin-top: 70px; margin-bottom: 50px; margin-left: auto; margin-right: auto;\">\n<div style=\"position: absolute; top: -35px; right: 15px; color: #28a745; padding: 5px 10px; border-radius: 6px; font-size: 14px; font-weight: bold; display: flex; align-items: center; z-index: 10;\">Recomendado para ti<\/div>\n<div data-namespace-header=\"\" style=\"\">\n<h3 data-namespace-title=\"\" style=\"color: #333; font-size: 20px; font-weight: bold; text-align: left; margin-right: 50px; min-height: 50px; margin-top: 0px;\">Empleado de la secci\u00f3n de frutas y verduras<\/h3>\n<\/p><\/div>\n<p data-namespace-prompt=\"\" style=\"font-size: 16px; color: #666; margin-bottom: 20px; line-height: 1.5; flex-grow: 1; text-align: left; margin-top: 0px;\">Puesto para quienes buscan un salario fijo con prestaciones, atenci\u00f3n al cliente presencial y buenas posibilidades de obtener un contrato indefinido. Se aceptan personas con discapacidad y solo se requiere educaci\u00f3n primaria.<\/p>\n<p>    <a data-namespace-url=\"\" href=\"https:\/\/zonacuriosa.com.br\/es\/redirect\/?https:\/\/www.infojobs.com.br\/vaga-de-balconista-flv-em-sao-paulo__10939792.aspx?utm_campaign=google_jobs_apply&#038;utm_source=google_jobs_apply&#038;utm_medium=organic\" style=\"width: 100%; display: inline-block; color: white; text-decoration: none; border-radius: 6px; font-size: 16px; font-weight: bold; text-align: center; transition: transform 0.3s ease, background 0.3s ease; margin-top: auto;\" data-namespace-id=\"5c0d2565-3ba9-4280-a382-ad2a691e2285\"><br \/>\n        <button style=\"width: 100%; height: 55px; background: #e9e9ed; border: 1px solid black; color: black;\">\u00a1Solicita ahora!<\/button><br \/>\n    <\/a><br \/>\n    <small style=\"margin-top: 10px; color: #777; font-size: 12px; text-align: center; display: block;\">Ser\u00e1s redirigido a otro sitio web.<\/small>\n<\/div>\n<\/div>","protected":false},"excerpt":{"rendered":"<p>Consulta los detalles sobre el puesto de Auxiliar de Frutas y Verduras: salario fijo, prestaciones completas, inclusi\u00f3n de personas con discapacidad y una verdadera oportunidad de crecimiento en el sector de la venta minorista de alimentos.<\/p>","protected":false},"author":113,"featured_media":0,"comment_status":"open","ping_status":"open","sticky":false,"template":"","format":"standard","meta":{"footnotes":""},"categories":[11],"tags":[],"yoast_head":"<!-- This site is optimized with the Yoast SEO plugin v23.3 - https:\/\/yoast.com\/wordpress\/plugins\/seo\/ -->\n<title>Balconista de FLV: sal\u00e1rio atrativo, benef\u00edcios e rotina acess\u00edvel - Zona Curiosa<\/title>\n<meta name=\"robots\" content=\"index, follow, max-snippet:-1, max-image-preview:large, max-video-preview:-1\" \/>\n<link rel=\"canonical\" href=\"https:\/\/zonacuriosa.com.br\/es\/2e8cbf11-924c-4b86-9b17-e0a387b6a4fd\/\" \/>\n<meta property=\"og:locale\" content=\"es_MX\" \/>\n<meta property=\"og:type\" content=\"article\" \/>\n<meta property=\"og:title\" content=\"Balconista de FLV: sal\u00e1rio atrativo, benef\u00edcios e rotina acess\u00edvel - Zona Curiosa\" \/>\n<meta property=\"og:description\" content=\"Confira detalhes sobre a vaga de Balconista de FLV: sal\u00e1rio fixo, benef\u00edcios completos, inclus\u00e3o para PCD e oportunidade real de crescimento no varejo de alimentos.\" \/>\n<meta property=\"og:url\" content=\"https:\/\/zonacuriosa.com.br\/es\/2e8cbf11-924c-4b86-9b17-e0a387b6a4fd\/\" \/>\n<meta property=\"og:site_name\" content=\"Zona Curiosa\" \/>\n<meta property=\"article:published_time\" content=\"2025-09-23T23:59:00+00:00\" \/>\n<meta property=\"article:modified_time\" content=\"2025-09-23T23:59:22+00:00\" \/>\n<meta name=\"author\" content=\"ederaugusttomuller\" \/>\n<meta name=\"twitter:card\" content=\"summary_large_image\" \/>\n<meta name=\"twitter:label1\" content=\"Written by\" \/>\n\t<meta name=\"twitter:data1\" content=\"ederaugusttomuller\" \/>\n\t<meta name=\"twitter:label2\" content=\"Est. reading time\" \/>\n\t<meta name=\"twitter:data2\" content=\"2 minutos\" \/>\n<script type=\"application\/ld+json\" class=\"yoast-schema-graph\">{\"@context\":\"https:\/\/schema.org\",\"@graph\":[{\"@type\":\"WebPage\",\"@id\":\"https:\/\/zonacuriosa.com.br\/2e8cbf11-924c-4b86-9b17-e0a387b6a4fd\/\",\"url\":\"https:\/\/zonacuriosa.com.br\/2e8cbf11-924c-4b86-9b17-e0a387b6a4fd\/\",\"name\":\"Balconista de FLV: sal\u00e1rio atrativo, benef\u00edcios e rotina acess\u00edvel - Zona Curiosa\",\"isPartOf\":{\"@id\":\"https:\/\/zonacuriosa.com.br\/#website\"},\"datePublished\":\"2025-09-23T23:59:00+00:00\",\"dateModified\":\"2025-09-23T23:59:22+00:00\",\"author\":{\"@id\":\"https:\/\/zonacuriosa.com.br\/#\/schema\/person\/890d2e5780ff9ae3803551e7f1d7a46d\"},\"breadcrumb\":{\"@id\":\"https:\/\/zonacuriosa.com.br\/2e8cbf11-924c-4b86-9b17-e0a387b6a4fd\/#breadcrumb\"},\"inLanguage\":\"es-MX\",\"potentialAction\":[{\"@type\":\"ReadAction\",\"target\":[\"https:\/\/zonacuriosa.com.br\/2e8cbf11-924c-4b86-9b17-e0a387b6a4fd\/\"]}]},{\"@type\":\"BreadcrumbList\",\"@id\":\"https:\/\/zonacuriosa.com.br\/2e8cbf11-924c-4b86-9b17-e0a387b6a4fd\/#breadcrumb\",\"itemListElement\":[{\"@type\":\"ListItem\",\"position\":1,\"name\":\"Home\",\"item\":\"https:\/\/zonacuriosa.com.br\/\"},{\"@type\":\"ListItem\",\"position\":2,\"name\":\"Balconista de FLV: sal\u00e1rio atrativo, benef\u00edcios e rotina acess\u00edvel\"}]},{\"@type\":\"WebSite\",\"@id\":\"https:\/\/zonacuriosa.com.br\/#website\",\"url\":\"https:\/\/zonacuriosa.com.br\/\",\"name\":\"Zona Curiosa\",\"description\":\"\",\"potentialAction\":[{\"@type\":\"SearchAction\",\"target\":{\"@type\":\"EntryPoint\",\"urlTemplate\":\"https:\/\/zonacuriosa.com.br\/?s={search_term_string}\"},\"query-input\":\"required name=search_term_string\"}],\"inLanguage\":\"es-MX\"},{\"@type\":\"Person\",\"@id\":\"https:\/\/zonacuriosa.com.br\/#\/schema\/person\/890d2e5780ff9ae3803551e7f1d7a46d\",\"name\":\"ederaugusttomuller\",\"image\":{\"@type\":\"ImageObject\",\"inLanguage\":\"es-MX\",\"@id\":\"https:\/\/zonacuriosa.com.br\/#\/schema\/person\/image\/\",\"url\":\"https:\/\/secure.gravatar.com\/avatar\/96357ca64e7ff2bf802e5dba125702c6?s=96&d=mm&r=g\",\"contentUrl\":\"https:\/\/secure.gravatar.com\/avatar\/96357ca64e7ff2bf802e5dba125702c6?s=96&d=mm&r=g\",\"caption\":\"ederaugusttomuller\"},\"url\":\"https:\/\/zonacuriosa.com.br\/es\/author\/ederaugusttomuller\/\"}]}<\/script>\n<!-- \/ Yoast SEO plugin. -->","yoast_head_json":{"title":"Balconista de FLV: sal\u00e1rio atrativo, benef\u00edcios e rotina acess\u00edvel - Zona Curiosa","robots":{"index":"index","follow":"follow","max-snippet":"max-snippet:-1","max-image-preview":"max-image-preview:large","max-video-preview":"max-video-preview:-1"},"canonical":"https:\/\/zonacuriosa.com.br\/es\/2e8cbf11-924c-4b86-9b17-e0a387b6a4fd\/","og_locale":"es_MX","og_type":"article","og_title":"Balconista de FLV: sal\u00e1rio atrativo, benef\u00edcios e rotina acess\u00edvel - Zona Curiosa","og_description":"Confira detalhes sobre a vaga de Balconista de FLV: sal\u00e1rio fixo, benef\u00edcios completos, inclus\u00e3o para PCD e oportunidade real de crescimento no varejo de alimentos.","og_url":"https:\/\/zonacuriosa.com.br\/es\/2e8cbf11-924c-4b86-9b17-e0a387b6a4fd\/","og_site_name":"Zona Curiosa","article_published_time":"2025-09-23T23:59:00+00:00","article_modified_time":"2025-09-23T23:59:22+00:00","author":"ederaugusttomuller","twitter_card":"summary_large_image","twitter_misc":{"Written by":"ederaugusttomuller","Est. reading time":"2 minutos"},"schema":{"@context":"https:\/\/schema.org","@graph":[{"@type":"WebPage","@id":"https:\/\/zonacuriosa.com.br\/2e8cbf11-924c-4b86-9b17-e0a387b6a4fd\/","url":"https:\/\/zonacuriosa.com.br\/2e8cbf11-924c-4b86-9b17-e0a387b6a4fd\/","name":"Balconista de FLV: sal\u00e1rio atrativo, benef\u00edcios e rotina acess\u00edvel - Zona Curiosa","isPartOf":{"@id":"https:\/\/zonacuriosa.com.br\/#website"},"datePublished":"2025-09-23T23:59:00+00:00","dateModified":"2025-09-23T23:59:22+00:00","author":{"@id":"https:\/\/zonacuriosa.com.br\/#\/schema\/person\/890d2e5780ff9ae3803551e7f1d7a46d"},"breadcrumb":{"@id":"https:\/\/zonacuriosa.com.br\/2e8cbf11-924c-4b86-9b17-e0a387b6a4fd\/#breadcrumb"},"inLanguage":"es-MX","potentialAction":[{"@type":"ReadAction","target":["https:\/\/zonacuriosa.com.br\/2e8cbf11-924c-4b86-9b17-e0a387b6a4fd\/"]}]},{"@type":"BreadcrumbList","@id":"https:\/\/zonacuriosa.com.br\/2e8cbf11-924c-4b86-9b17-e0a387b6a4fd\/#breadcrumb","itemListElement":[{"@type":"ListItem","position":1,"name":"Home","item":"https:\/\/zonacuriosa.com.br\/"},{"@type":"ListItem","position":2,"name":"Balconista de FLV: sal\u00e1rio atrativo, benef\u00edcios e rotina acess\u00edvel"}]},{"@type":"WebSite","@id":"https:\/\/zonacuriosa.com.br\/#website","url":"https:\/\/zonacuriosa.com.br\/","name":"Zona Curiosa","description":"","potentialAction":[{"@type":"SearchAction","target":{"@type":"EntryPoint","urlTemplate":"https:\/\/zonacuriosa.com.br\/?s={search_term_string}"},"query-input":"required name=search_term_string"}],"inLanguage":"es-MX"},{"@type":"Person","@id":"https:\/\/zonacuriosa.com.br\/#\/schema\/person\/890d2e5780ff9ae3803551e7f1d7a46d","name":"ederaugusttomuller","image":{"@type":"ImageObject","inLanguage":"es-MX","@id":"https:\/\/zonacuriosa.com.br\/#\/schema\/person\/image\/","url":"https:\/\/secure.gravatar.com\/avatar\/96357ca64e7ff2bf802e5dba125702c6?s=96&d=mm&r=g","contentUrl":"https:\/\/secure.gravatar.com\/avatar\/96357ca64e7ff2bf802e5dba125702c6?s=96&d=mm&r=g","caption":"ederaugusttomuller"},"url":"https:\/\/zonacuriosa.com.br\/es\/author\/ederaugusttomuller\/"}]}},"_links":{"self":[{"href":"https:\/\/zonacuriosa.com.br\/es\/wp-json\/wp\/v2\/posts\/36207"}],"collection":[{"href":"https:\/\/zonacuriosa.com.br\/es\/wp-json\/wp\/v2\/posts"}],"about":[{"href":"https:\/\/zonacuriosa.com.br\/es\/wp-json\/wp\/v2\/types\/post"}],"author":[{"embeddable":true,"href":"https:\/\/zonacuriosa.com.br\/es\/wp-json\/wp\/v2\/users\/113"}],"replies":[{"embeddable":true,"href":"https:\/\/zonacuriosa.com.br\/es\/wp-json\/wp\/v2\/comments?post=36207"}],"version-history":[{"count":1,"href":"https:\/\/zonacuriosa.com.br\/es\/wp-json\/wp\/v2\/posts\/36207\/revisions"}],"predecessor-version":[{"id":36289,"href":"https:\/\/zonacuriosa.com.br\/es\/wp-json\/wp\/v2\/posts\/36207\/revisions\/36289"}],"wp:attachment":[{"href":"https:\/\/zonacuriosa.com.br\/es\/wp-json\/wp\/v2\/media?parent=36207"}],"wp:term":[{"taxonomy":"category","embeddable":true,"href":"https:\/\/zonacuriosa.com.br\/es\/wp-json\/wp\/v2\/categories?post=36207"},{"taxonomy":"post_tag","embeddable":true,"href":"https:\/\/zonacuriosa.com.br\/es\/wp-json\/wp\/v2\/tags?post=36207"}],"curies":[{"name":"wp","href":"https:\/\/api.w.org\/{rel}","templated":true}]}}