{"id":36093,"date":"2025-09-23T23:37:00","date_gmt":"2025-09-23T23:37:00","guid":{"rendered":"https:\/\/zonacuriosa.com.br\/e41c06f5-3be6-4f21-9074-f55364b1f644\/"},"modified":"2025-09-23T23:37:52","modified_gmt":"2025-09-23T23:37:52","slug":"e41c06f5-3be6-4f21-9074-f55364b1f644","status":"publish","type":"post","link":"https:\/\/zonacuriosa.com.br\/es\/e41c06f5-3be6-4f21-9074-f55364b1f644\/","title":{"rendered":"Puesto de Auxiliar de L\u00e1cteos: Salario (CLT), Beneficios y Requisitos Clave"},"content":{"rendered":"<div class=\"mx-5 sm:mx-0 prose text-left mb-5\">\n<\/p>\n<div style=\"background: #ffffff; border-radius: 12px; box-shadow: 0 10px 30px rgba(0, 0, 0, 0.1); width: 100%; max-width: 340px; padding: 25px; transition: transform 0.3s ease-in-out; overflow: visible; display: flex; flex-direction: column; position: relative; border: 1px solid #28a745; margin-top: 70px; margin-bottom: 50px; margin-left: auto; margin-right: auto;\">\n<div style=\"position: absolute; top: -35px; right: 15px; color: #28a745; padding: 5px 10px; border-radius: 6px; font-size: 14px; font-weight: bold; display: flex; align-items: center; z-index: 10;\">Recomendado para ti<\/div>\n<div data-namespace-header=\"\" style=\"\">\n<h3 data-namespace-title=\"\" style=\"color: #333; font-size: 20px; font-weight: bold; text-align: left; margin-right: 50px; min-height: 50px; margin-top: 0px;\">Empleado de la lecher\u00eda<\/h3>\n<\/p><\/div>\n<p data-namespace-prompt=\"\" style=\"font-size: 16px; color: #666; margin-bottom: 20px; line-height: 1.5; flex-grow: 1; text-align: left; margin-top: 0px;\">Atenci\u00f3n al cliente, reposici\u00f3n de stock y etiquetado de precios, con un salario entre R$1.518,00 y R$1.625,00. Jornada completa, contrato CLT, se requiere bachillerato. Se valora la experiencia y se ofrece ayuda para el transporte.<\/p>\n<p>    <a data-namespace-url=\"\" href=\"https:\/\/zonacuriosa.com.br\/es\/redirect\/?https:\/\/www.infojobs.com.br\/vaga-de-balconista-laticinio-em-rio-janeiro__10759701.aspx?utm_campaign=google_jobs_apply&#038;utm_source=google_jobs_apply&#038;utm_medium=organic\" style=\"width: 100%; display: inline-block; color: white; text-decoration: none; border-radius: 6px; font-size: 16px; font-weight: bold; text-align: center; transition: transform 0.3s ease, background 0.3s ease; margin-top: auto;\" data-namespace-id=\"5c0d2565-3ba9-4280-a382-ad2a691e2285\"><br \/>\n        <button style=\"width: 100%; height: 55px; background: #e9e9ed; border: 1px solid black; color: black;\">\u00a1Solicita ahora!<\/button><br \/>\n    <\/a><br \/>\n    <small style=\"margin-top: 10px; color: #777; font-size: 12px; text-align: center; display: block;\">Ser\u00e1s redirigido a otro sitio web.<\/small>\n<\/div>\n<p>El puesto de Auxiliar de L\u00e1cteos ofrece un salario bruto mensual de entre R$1.518,00 y R$1.625,00, con jornada completa bajo el r\u00e9gimen CLT (Ley del Trabajo de Brasil). Los candidatos deben haber completado la educaci\u00f3n secundaria y se valorar\u00e1 positivamente la experiencia de uno a tres a\u00f1os. Se ofrece adem\u00e1s un subsidio de transporte.<\/p>\n<h2>Principales responsabilidades de este puesto<\/h2>\n<p>El\/La dependiente\/a de l\u00e1cteos es responsable del servicio al cliente, proporcionando informaci\u00f3n sobre los productos y ayudando a los clientes a tomar la decisi\u00f3n correcta.<\/p>\n<p>Otras funciones incluyen reponer los productos en el mostrador y los estantes, manteniendo siempre la organizaci\u00f3n e higiene del \u00e1rea.<\/p>\n<p>Tambi\u00e9n es necesario controlar las fechas de caducidad de los productos y retirar los caducados para garantizar la calidad al cliente.<\/p>\n<p>Parte del trabajo consiste en pesar, envasar y poner precio a los productos para garantizar la transparencia y la comodidad del consumidor.<\/p>\n<p>Colaborar en la producci\u00f3n de productos l\u00e1cteos forma parte de la rutina diaria, aportando variedad y frescura al mostrador.<\/p>\n<h2>Aspectos positivos del puesto<\/h2>\n<p>El salario se encuentra dentro del promedio para la zona operativa, con estabilidad y un contrato CLT (Ley Laboral Brasile\u00f1a), que ofrece importantes garant\u00edas laborales para el empleado.<\/p>\n<p>Adem\u00e1s, el beneficio del bono de transporte es una caracter\u00edstica atractiva, ya que facilita el desplazamiento diario entre el hogar y el trabajo.<\/p>\n<h2>Aspectos negativos del puesto<\/h2>\n<p>El trabajo es presencial y requiere disposici\u00f3n para mantener un ritmo regular e higiene durante toda la jornada laboral, exigiendo atenci\u00f3n continua.<\/p>\n<p>El requisito de experiencia previa puede limitar el acceso a los candidatos que buscan su primer empleo en la industria alimentaria.<\/p>\n<h2>Veredicto final<\/h2>\n<p>Para quienes ya tienen experiencia y buscan estabilidad en el sector alimentario, el puesto de dependiente\/a de mostrador de l\u00e1cteos es excelente. El ambiente es din\u00e1mico y ofrece buenas oportunidades de atenci\u00f3n al cliente.<\/p>\n<div style=\"background: #ffffff; border-radius: 12px; box-shadow: 0 10px 30px rgba(0, 0, 0, 0.1); width: 100%; max-width: 340px; padding: 25px; transition: transform 0.3s ease-in-out; overflow: visible; display: flex; flex-direction: column; position: relative; border: 1px solid #28a745; margin-top: 70px; margin-bottom: 50px; margin-left: auto; margin-right: auto;\">\n<div style=\"position: absolute; top: -35px; right: 15px; color: #28a745; padding: 5px 10px; border-radius: 6px; font-size: 14px; font-weight: bold; display: flex; align-items: center; z-index: 10;\">Recomendado para ti<\/div>\n<div data-namespace-header=\"\" style=\"\">\n<h3 data-namespace-title=\"\" style=\"color: #333; font-size: 20px; font-weight: bold; text-align: left; margin-right: 50px; min-height: 50px; margin-top: 0px;\">Empleado de la lecher\u00eda<\/h3>\n<\/p><\/div>\n<p data-namespace-prompt=\"\" style=\"font-size: 16px; color: #666; margin-bottom: 20px; line-height: 1.5; flex-grow: 1; text-align: left; margin-top: 0px;\">Atenci\u00f3n al cliente, reposici\u00f3n de stock y etiquetado de precios, con un salario entre R$1.518,00 y R$1.625,00. Jornada completa, contrato CLT, se requiere bachillerato. Se valora la experiencia y se ofrece ayuda para el transporte.<\/p>\n<p>    <a data-namespace-url=\"\" href=\"https:\/\/zonacuriosa.com.br\/es\/redirect\/?https:\/\/www.infojobs.com.br\/vaga-de-balconista-laticinio-em-rio-janeiro__10759701.aspx?utm_campaign=google_jobs_apply&#038;utm_source=google_jobs_apply&#038;utm_medium=organic\" style=\"width: 100%; display: inline-block; color: white; text-decoration: none; border-radius: 6px; font-size: 16px; font-weight: bold; text-align: center; transition: transform 0.3s ease, background 0.3s ease; margin-top: auto;\" data-namespace-id=\"5c0d2565-3ba9-4280-a382-ad2a691e2285\"><br \/>\n        <button style=\"width: 100%; height: 55px; background: #e9e9ed; border: 1px solid black; color: black;\">\u00a1Solicita ahora!<\/button><br \/>\n    <\/a><br \/>\n    <small style=\"margin-top: 10px; color: #777; font-size: 12px; text-align: center; display: block;\">Ser\u00e1s redirigido a otro sitio web.<\/small>\n<\/div>\n<\/div>","protected":false},"excerpt":{"rendered":"<p>Averigua si el puesto de Auxiliar de L\u00e1cteos es ideal para ti. Consulta el salario, el horario, las ventajas, las desventajas y todo lo que necesitas saber antes de postularte. Descubre qu\u00e9 hace que esta oportunidad sea \u00fanica.<\/p>","protected":false},"author":113,"featured_media":0,"comment_status":"open","ping_status":"open","sticky":false,"template":"","format":"standard","meta":{"footnotes":""},"categories":[11],"tags":[],"yoast_head":"<!-- This site is optimized with the Yoast SEO plugin v23.3 - https:\/\/yoast.com\/wordpress\/plugins\/seo\/ -->\n<title>Vaga Balconista de Latic\u00ednio: Sal\u00e1rio CLT, Benef\u00edcios e Requisitos Destacados - Zona Curiosa<\/title>\n<meta name=\"robots\" content=\"index, follow, max-snippet:-1, max-image-preview:large, max-video-preview:-1\" \/>\n<link rel=\"canonical\" href=\"https:\/\/zonacuriosa.com.br\/es\/e41c06f5-3be6-4f21-9074-f55364b1f644\/\" \/>\n<meta property=\"og:locale\" content=\"es_MX\" \/>\n<meta property=\"og:type\" content=\"article\" \/>\n<meta property=\"og:title\" content=\"Vaga Balconista de Latic\u00ednio: Sal\u00e1rio CLT, Benef\u00edcios e Requisitos Destacados - Zona Curiosa\" \/>\n<meta property=\"og:description\" content=\"Descubra se a vaga de Balconista de Latic\u00ednio \u00e9 ideal para voc\u00ea. Veja sal\u00e1rio, rotina, pr\u00f3s, contras e tudo que precisa saber antes de se inscrever. Confira o que mais destaca essa oportunidade.\" \/>\n<meta property=\"og:url\" content=\"https:\/\/zonacuriosa.com.br\/es\/e41c06f5-3be6-4f21-9074-f55364b1f644\/\" \/>\n<meta property=\"og:site_name\" content=\"Zona Curiosa\" \/>\n<meta property=\"article:published_time\" content=\"2025-09-23T23:37:00+00:00\" \/>\n<meta property=\"article:modified_time\" content=\"2025-09-23T23:37:52+00:00\" \/>\n<meta name=\"author\" content=\"ederaugusttomuller\" \/>\n<meta name=\"twitter:card\" content=\"summary_large_image\" \/>\n<meta name=\"twitter:label1\" content=\"Written by\" \/>\n\t<meta name=\"twitter:data1\" content=\"ederaugusttomuller\" \/>\n\t<meta name=\"twitter:label2\" content=\"Est. reading time\" \/>\n\t<meta name=\"twitter:data2\" content=\"2 minutos\" \/>\n<script type=\"application\/ld+json\" class=\"yoast-schema-graph\">{\"@context\":\"https:\/\/schema.org\",\"@graph\":[{\"@type\":\"WebPage\",\"@id\":\"https:\/\/zonacuriosa.com.br\/e41c06f5-3be6-4f21-9074-f55364b1f644\/\",\"url\":\"https:\/\/zonacuriosa.com.br\/e41c06f5-3be6-4f21-9074-f55364b1f644\/\",\"name\":\"Vaga Balconista de Latic\u00ednio: Sal\u00e1rio CLT, Benef\u00edcios e Requisitos Destacados - Zona Curiosa\",\"isPartOf\":{\"@id\":\"https:\/\/zonacuriosa.com.br\/#website\"},\"datePublished\":\"2025-09-23T23:37:00+00:00\",\"dateModified\":\"2025-09-23T23:37:52+00:00\",\"author\":{\"@id\":\"https:\/\/zonacuriosa.com.br\/#\/schema\/person\/890d2e5780ff9ae3803551e7f1d7a46d\"},\"breadcrumb\":{\"@id\":\"https:\/\/zonacuriosa.com.br\/e41c06f5-3be6-4f21-9074-f55364b1f644\/#breadcrumb\"},\"inLanguage\":\"es-MX\",\"potentialAction\":[{\"@type\":\"ReadAction\",\"target\":[\"https:\/\/zonacuriosa.com.br\/e41c06f5-3be6-4f21-9074-f55364b1f644\/\"]}]},{\"@type\":\"BreadcrumbList\",\"@id\":\"https:\/\/zonacuriosa.com.br\/e41c06f5-3be6-4f21-9074-f55364b1f644\/#breadcrumb\",\"itemListElement\":[{\"@type\":\"ListItem\",\"position\":1,\"name\":\"Home\",\"item\":\"https:\/\/zonacuriosa.com.br\/\"},{\"@type\":\"ListItem\",\"position\":2,\"name\":\"Vaga Balconista de Latic\u00ednio: Sal\u00e1rio CLT, Benef\u00edcios e Requisitos Destacados\"}]},{\"@type\":\"WebSite\",\"@id\":\"https:\/\/zonacuriosa.com.br\/#website\",\"url\":\"https:\/\/zonacuriosa.com.br\/\",\"name\":\"Zona Curiosa\",\"description\":\"\",\"potentialAction\":[{\"@type\":\"SearchAction\",\"target\":{\"@type\":\"EntryPoint\",\"urlTemplate\":\"https:\/\/zonacuriosa.com.br\/?s={search_term_string}\"},\"query-input\":\"required name=search_term_string\"}],\"inLanguage\":\"es-MX\"},{\"@type\":\"Person\",\"@id\":\"https:\/\/zonacuriosa.com.br\/#\/schema\/person\/890d2e5780ff9ae3803551e7f1d7a46d\",\"name\":\"ederaugusttomuller\",\"image\":{\"@type\":\"ImageObject\",\"inLanguage\":\"es-MX\",\"@id\":\"https:\/\/zonacuriosa.com.br\/#\/schema\/person\/image\/\",\"url\":\"https:\/\/secure.gravatar.com\/avatar\/96357ca64e7ff2bf802e5dba125702c6?s=96&d=mm&r=g\",\"contentUrl\":\"https:\/\/secure.gravatar.com\/avatar\/96357ca64e7ff2bf802e5dba125702c6?s=96&d=mm&r=g\",\"caption\":\"ederaugusttomuller\"},\"url\":\"https:\/\/zonacuriosa.com.br\/es\/author\/ederaugusttomuller\/\"}]}<\/script>\n<!-- \/ Yoast SEO plugin. -->","yoast_head_json":{"title":"Vaga Balconista de Latic\u00ednio: Sal\u00e1rio CLT, Benef\u00edcios e Requisitos Destacados - Zona Curiosa","robots":{"index":"index","follow":"follow","max-snippet":"max-snippet:-1","max-image-preview":"max-image-preview:large","max-video-preview":"max-video-preview:-1"},"canonical":"https:\/\/zonacuriosa.com.br\/es\/e41c06f5-3be6-4f21-9074-f55364b1f644\/","og_locale":"es_MX","og_type":"article","og_title":"Vaga Balconista de Latic\u00ednio: Sal\u00e1rio CLT, Benef\u00edcios e Requisitos Destacados - Zona Curiosa","og_description":"Descubra se a vaga de Balconista de Latic\u00ednio \u00e9 ideal para voc\u00ea. Veja sal\u00e1rio, rotina, pr\u00f3s, contras e tudo que precisa saber antes de se inscrever. Confira o que mais destaca essa oportunidade.","og_url":"https:\/\/zonacuriosa.com.br\/es\/e41c06f5-3be6-4f21-9074-f55364b1f644\/","og_site_name":"Zona Curiosa","article_published_time":"2025-09-23T23:37:00+00:00","article_modified_time":"2025-09-23T23:37:52+00:00","author":"ederaugusttomuller","twitter_card":"summary_large_image","twitter_misc":{"Written by":"ederaugusttomuller","Est. reading time":"2 minutos"},"schema":{"@context":"https:\/\/schema.org","@graph":[{"@type":"WebPage","@id":"https:\/\/zonacuriosa.com.br\/e41c06f5-3be6-4f21-9074-f55364b1f644\/","url":"https:\/\/zonacuriosa.com.br\/e41c06f5-3be6-4f21-9074-f55364b1f644\/","name":"Vaga Balconista de Latic\u00ednio: Sal\u00e1rio CLT, Benef\u00edcios e Requisitos Destacados - Zona Curiosa","isPartOf":{"@id":"https:\/\/zonacuriosa.com.br\/#website"},"datePublished":"2025-09-23T23:37:00+00:00","dateModified":"2025-09-23T23:37:52+00:00","author":{"@id":"https:\/\/zonacuriosa.com.br\/#\/schema\/person\/890d2e5780ff9ae3803551e7f1d7a46d"},"breadcrumb":{"@id":"https:\/\/zonacuriosa.com.br\/e41c06f5-3be6-4f21-9074-f55364b1f644\/#breadcrumb"},"inLanguage":"es-MX","potentialAction":[{"@type":"ReadAction","target":["https:\/\/zonacuriosa.com.br\/e41c06f5-3be6-4f21-9074-f55364b1f644\/"]}]},{"@type":"BreadcrumbList","@id":"https:\/\/zonacuriosa.com.br\/e41c06f5-3be6-4f21-9074-f55364b1f644\/#breadcrumb","itemListElement":[{"@type":"ListItem","position":1,"name":"Home","item":"https:\/\/zonacuriosa.com.br\/"},{"@type":"ListItem","position":2,"name":"Vaga Balconista de Latic\u00ednio: Sal\u00e1rio CLT, Benef\u00edcios e Requisitos Destacados"}]},{"@type":"WebSite","@id":"https:\/\/zonacuriosa.com.br\/#website","url":"https:\/\/zonacuriosa.com.br\/","name":"Zona Curiosa","description":"","potentialAction":[{"@type":"SearchAction","target":{"@type":"EntryPoint","urlTemplate":"https:\/\/zonacuriosa.com.br\/?s={search_term_string}"},"query-input":"required name=search_term_string"}],"inLanguage":"es-MX"},{"@type":"Person","@id":"https:\/\/zonacuriosa.com.br\/#\/schema\/person\/890d2e5780ff9ae3803551e7f1d7a46d","name":"ederaugusttomuller","image":{"@type":"ImageObject","inLanguage":"es-MX","@id":"https:\/\/zonacuriosa.com.br\/#\/schema\/person\/image\/","url":"https:\/\/secure.gravatar.com\/avatar\/96357ca64e7ff2bf802e5dba125702c6?s=96&d=mm&r=g","contentUrl":"https:\/\/secure.gravatar.com\/avatar\/96357ca64e7ff2bf802e5dba125702c6?s=96&d=mm&r=g","caption":"ederaugusttomuller"},"url":"https:\/\/zonacuriosa.com.br\/es\/author\/ederaugusttomuller\/"}]}},"_links":{"self":[{"href":"https:\/\/zonacuriosa.com.br\/es\/wp-json\/wp\/v2\/posts\/36093"}],"collection":[{"href":"https:\/\/zonacuriosa.com.br\/es\/wp-json\/wp\/v2\/posts"}],"about":[{"href":"https:\/\/zonacuriosa.com.br\/es\/wp-json\/wp\/v2\/types\/post"}],"author":[{"embeddable":true,"href":"https:\/\/zonacuriosa.com.br\/es\/wp-json\/wp\/v2\/users\/113"}],"replies":[{"embeddable":true,"href":"https:\/\/zonacuriosa.com.br\/es\/wp-json\/wp\/v2\/comments?post=36093"}],"version-history":[{"count":1,"href":"https:\/\/zonacuriosa.com.br\/es\/wp-json\/wp\/v2\/posts\/36093\/revisions"}],"predecessor-version":[{"id":36201,"href":"https:\/\/zonacuriosa.com.br\/es\/wp-json\/wp\/v2\/posts\/36093\/revisions\/36201"}],"wp:attachment":[{"href":"https:\/\/zonacuriosa.com.br\/es\/wp-json\/wp\/v2\/media?parent=36093"}],"wp:term":[{"taxonomy":"category","embeddable":true,"href":"https:\/\/zonacuriosa.com.br\/es\/wp-json\/wp\/v2\/categories?post=36093"},{"taxonomy":"post_tag","embeddable":true,"href":"https:\/\/zonacuriosa.com.br\/es\/wp-json\/wp\/v2\/tags?post=36093"}],"curies":[{"name":"wp","href":"https:\/\/api.w.org\/{rel}","templated":true}]}}