{"id":36079,"date":"2025-09-23T23:32:00","date_gmt":"2025-09-23T23:32:00","guid":{"rendered":"https:\/\/zonacuriosa.com.br\/86dcd6ac-219c-44e3-a756-5259f21087f0\/"},"modified":"2025-09-23T23:32:08","modified_gmt":"2025-09-23T23:32:08","slug":"86dcd6ac-219c-44e3-a756-5259f21087f0","status":"publish","type":"post","link":"https:\/\/zonacuriosa.com.br\/es\/86dcd6ac-219c-44e3-a756-5259f21087f0\/","title":{"rendered":"Puesto de vide\u00f3grafo: Oportunidad permanente para profesionales creativos"},"content":{"rendered":"<div class=\"mx-5 sm:mx-0 prose text-left mb-5\">\n<\/p>\n<div style=\"background: #ffffff; border-radius: 12px; box-shadow: 0 10px 30px rgba(0, 0, 0, 0.1); width: 100%; max-width: 340px; padding: 25px; transition: transform 0.3s ease-in-out; overflow: visible; display: flex; flex-direction: column; position: relative; border: 1px solid #28a745; margin-top: 70px; margin-bottom: 50px; margin-left: auto; margin-right: auto;\">\n<div style=\"position: absolute; top: -35px; right: 15px; color: #28a745; padding: 5px 10px; border-radius: 6px; font-size: 14px; font-weight: bold; display: flex; align-items: center; z-index: 10;\">Recomendado para ti<\/div>\n<div data-namespace-header=\"\" style=\"\">\n<h3 data-namespace-title=\"\" style=\"color: #333; font-size: 20px; font-weight: bold; text-align: left; margin-right: 50px; min-height: 50px; margin-top: 0px;\">C\u00e1mara<\/h3>\n<\/p><\/div>\n<p data-namespace-prompt=\"\" style=\"font-size: 16px; color: #666; margin-bottom: 20px; line-height: 1.5; flex-grow: 1; text-align: left; margin-top: 0px;\">Se busca vide\u00f3grafo\/a para puesto fijo, especializado\/a en personas con discapacidad. Una oportunidad para quienes practican deportes, son corredores\/as y buscan desarrollarse en el \u00e1mbito de la comunicaci\u00f3n.<\/p>\n<p>    <a data-namespace-url=\"\" href=\"https:\/\/zonacuriosa.com.br\/es\/redirect\/?https:\/\/www.bne.com.br\/vaga-de-emprego-na-area-comunicacao-em-niteroi-rj\/filmador\/3892935?utm_campaign=google_jobs_apply&#038;utm_source=google_jobs_apply&#038;utm_medium=organic\" style=\"width: 100%; display: inline-block; color: white; text-decoration: none; border-radius: 6px; font-size: 16px; font-weight: bold; text-align: center; transition: transform 0.3s ease, background 0.3s ease; margin-top: auto;\" data-namespace-id=\"5c0d2565-3ba9-4280-a382-ad2a691e2285\"><br \/>\n        <button style=\"width: 100%; height: 55px; background: #e9e9ed; border: 1px solid black; color: black;\">\u00a1Solicita ahora!<\/button><br \/>\n    <\/a><br \/>\n    <small style=\"margin-top: 10px; color: #777; font-size: 12px; text-align: center; display: block;\">Ser\u00e1s redirigido a otro sitio web.<\/small>\n<\/div>\n<p><!-- Apresenta\u00e7\u00e3o da vaga --><br \/>\nEl puesto de vide\u00f3grafo\/a representa una excelente oportunidad para profesionales creativos que buscan incorporarse o reincorporarse al mercado laboral. Se ofrece un contrato indefinido y el salario se negociar\u00e1 con los candidatos durante el proceso de selecci\u00f3n. La empresa contratante pertenece al sector de la comunicaci\u00f3n y valora a los profesionales din\u00e1micos; por ello, anima a presentar su candidatura a personas con discapacidad que tengan experiencia o inter\u00e9s en el \u00e1mbito audiovisual.<\/p>\n<p><!-- Responsabilidades e rotinas do filmador --><\/p>\n<h2>Responsabilidades y actividades del puesto<\/h2>\n<p>El profesional ser\u00e1 responsable de capturar im\u00e1genes en diferentes contextos y proyectos, incluyendo eventos, producciones institucionales y campa\u00f1as internas. Sus responsabilidades incluyen operar equipos de grabaci\u00f3n, garantizar la calidad visual del material producido y colaborar con otros profesionales de la comunicaci\u00f3n.<\/p>\n<p>Tambi\u00e9n ser\u00e1 necesario trabajar al aire libre, por lo que buscamos personas que practiquen deporte y tengan un perfil activo. Mantener el equipo y los archivos digitales organizados forma parte de la rutina. Una comunicaci\u00f3n clara con el equipo es fundamental para lograr resultados eficientes y aportar valor a las actividades diarias del sector.<\/p>\n<p><!-- Pontos positivos da vaga --><\/p>\n<h2>Aspectos destacados y beneficios<\/h2>\n<p>La principal ventaja de este puesto es que est\u00e1 abierto a profesionales con discapacidad, fomentando la inclusi\u00f3n y la diversidad. Adem\u00e1s, quienes disfrutan del deporte encontrar\u00e1n un entorno que valora este perfil, lo que permite una mayor compatibilidad entre el trabajo y el estilo de vida del candidato.<\/p>\n<p>Otro aspecto positivo es el contrato indefinido, que garantiza mayor estabilidad y perspectivas de crecimiento dentro de la empresa. La posibilidad de negociar el salario individualmente aporta flexibilidad y respeto por la experiencia y la competencia del profesional.<\/p>\n<p><!-- Pontos negativos da vaga --><\/p>\n<h2>Desventajas y puntos a considerar<\/h2>\n<p>Entre los aspectos a considerar se encuentra la falta de informaci\u00f3n p\u00fablica sobre el empleador, lo que puede generar dudas en algunos candidatos. Adem\u00e1s, el salario es negociable, por lo que es necesario llegar a un acuerdo para que haya expectativas y valores alineados.<\/p>\n<p>Por \u00faltimo, buscar un perfil muy espec\u00edfico puede limitar las posibilidades de algunos profesionales, especialmente de aquellos que no practican deporte con regularidad o que no viven cerca de la empresa.<\/p>\n<p><!-- Veredito --><\/p>\n<h2>Veredicto final<\/h2>\n<p>Para quienes se ajusten al perfil deseado, este puesto de vide\u00f3grafo podr\u00eda ser una excelente opci\u00f3n en el sector de la comunicaci\u00f3n. Los beneficios que ofrece, en especial la apertura a la inclusi\u00f3n y la naturaleza indefinida del contrato, hacen que la oportunidad sea a\u00fan m\u00e1s atractiva para profesionales comprometidos que buscan nuevos retos profesionales.<\/p>\n<div style=\"background: #ffffff; border-radius: 12px; box-shadow: 0 10px 30px rgba(0, 0, 0, 0.1); width: 100%; max-width: 340px; padding: 25px; transition: transform 0.3s ease-in-out; overflow: visible; display: flex; flex-direction: column; position: relative; border: 1px solid #28a745; margin-top: 70px; margin-bottom: 50px; margin-left: auto; margin-right: auto;\">\n<div style=\"position: absolute; top: -35px; right: 15px; color: #28a745; padding: 5px 10px; border-radius: 6px; font-size: 14px; font-weight: bold; display: flex; align-items: center; z-index: 10;\">Recomendado para ti<\/div>\n<div data-namespace-header=\"\" style=\"\">\n<h3 data-namespace-title=\"\" style=\"color: #333; font-size: 20px; font-weight: bold; text-align: left; margin-right: 50px; min-height: 50px; margin-top: 0px;\">C\u00e1mara<\/h3>\n<\/p><\/div>\n<p data-namespace-prompt=\"\" style=\"font-size: 16px; color: #666; margin-bottom: 20px; line-height: 1.5; flex-grow: 1; text-align: left; margin-top: 0px;\">Se busca vide\u00f3grafo\/a para puesto fijo, especializado\/a en personas con discapacidad. Una oportunidad para quienes practican deportes, son corredores\/as y buscan desarrollarse en el \u00e1mbito de la comunicaci\u00f3n.<\/p>\n<p>    <a data-namespace-url=\"\" href=\"https:\/\/zonacuriosa.com.br\/es\/redirect\/?https:\/\/www.bne.com.br\/vaga-de-emprego-na-area-comunicacao-em-niteroi-rj\/filmador\/3892935?utm_campaign=google_jobs_apply&#038;utm_source=google_jobs_apply&#038;utm_medium=organic\" style=\"width: 100%; display: inline-block; color: white; text-decoration: none; border-radius: 6px; font-size: 16px; font-weight: bold; text-align: center; transition: transform 0.3s ease, background 0.3s ease; margin-top: auto;\" data-namespace-id=\"5c0d2565-3ba9-4280-a382-ad2a691e2285\"><br \/>\n        <button style=\"width: 100%; height: 55px; background: #e9e9ed; border: 1px solid black; color: black;\">\u00a1Solicita ahora!<\/button><br \/>\n    <\/a><br \/>\n    <small style=\"margin-top: 10px; color: #777; font-size: 12px; text-align: center; display: block;\">Ser\u00e1s redirigido a otro sitio web.<\/small>\n<\/div>\n<\/div>","protected":false},"excerpt":{"rendered":"<p>Descubre los detalles del puesto de vide\u00f3grafo\/a, con contrato indefinido y abierto a profesionales con discapacidad. Estabilidad, inclusi\u00f3n y oportunidades reales en el sector de la comunicaci\u00f3n. \u00a1Inf\u00f3rmate ya!<\/p>","protected":false},"author":113,"featured_media":0,"comment_status":"open","ping_status":"open","sticky":false,"template":"","format":"standard","meta":{"footnotes":""},"categories":[11],"tags":[],"yoast_head":"<!-- This site is optimized with the Yoast SEO plugin v23.3 - https:\/\/yoast.com\/wordpress\/plugins\/seo\/ -->\n<title>Vaga de Filmador: Oportunidade Efetiva para Profissionais Criativos - Zona Curiosa<\/title>\n<meta name=\"robots\" content=\"index, follow, max-snippet:-1, max-image-preview:large, max-video-preview:-1\" \/>\n<link rel=\"canonical\" href=\"https:\/\/zonacuriosa.com.br\/es\/86dcd6ac-219c-44e3-a756-5259f21087f0\/\" \/>\n<meta property=\"og:locale\" content=\"es_MX\" \/>\n<meta property=\"og:type\" content=\"article\" \/>\n<meta property=\"og:title\" content=\"Vaga de Filmador: Oportunidade Efetiva para Profissionais Criativos - Zona Curiosa\" \/>\n<meta property=\"og:description\" content=\"Descubra os detalhes da vaga de filmador, com contrato efetivo e abertura para profissionais PCD. Estabilidade, inclus\u00e3o e oportunidades reais no setor de comunica\u00e7\u00e3o. Saiba mais agora!\" \/>\n<meta property=\"og:url\" content=\"https:\/\/zonacuriosa.com.br\/es\/86dcd6ac-219c-44e3-a756-5259f21087f0\/\" \/>\n<meta property=\"og:site_name\" content=\"Zona Curiosa\" \/>\n<meta property=\"article:published_time\" content=\"2025-09-23T23:32:00+00:00\" \/>\n<meta property=\"article:modified_time\" content=\"2025-09-23T23:32:08+00:00\" \/>\n<meta name=\"author\" content=\"ederaugusttomuller\" \/>\n<meta name=\"twitter:card\" content=\"summary_large_image\" \/>\n<meta name=\"twitter:label1\" content=\"Written by\" \/>\n\t<meta name=\"twitter:data1\" content=\"ederaugusttomuller\" \/>\n\t<meta name=\"twitter:label2\" content=\"Est. reading time\" \/>\n\t<meta name=\"twitter:data2\" content=\"2 minutos\" \/>\n<script type=\"application\/ld+json\" class=\"yoast-schema-graph\">{\"@context\":\"https:\/\/schema.org\",\"@graph\":[{\"@type\":\"WebPage\",\"@id\":\"https:\/\/zonacuriosa.com.br\/86dcd6ac-219c-44e3-a756-5259f21087f0\/\",\"url\":\"https:\/\/zonacuriosa.com.br\/86dcd6ac-219c-44e3-a756-5259f21087f0\/\",\"name\":\"Vaga de Filmador: Oportunidade Efetiva para Profissionais Criativos - Zona Curiosa\",\"isPartOf\":{\"@id\":\"https:\/\/zonacuriosa.com.br\/#website\"},\"datePublished\":\"2025-09-23T23:32:00+00:00\",\"dateModified\":\"2025-09-23T23:32:08+00:00\",\"author\":{\"@id\":\"https:\/\/zonacuriosa.com.br\/#\/schema\/person\/890d2e5780ff9ae3803551e7f1d7a46d\"},\"breadcrumb\":{\"@id\":\"https:\/\/zonacuriosa.com.br\/86dcd6ac-219c-44e3-a756-5259f21087f0\/#breadcrumb\"},\"inLanguage\":\"es-MX\",\"potentialAction\":[{\"@type\":\"ReadAction\",\"target\":[\"https:\/\/zonacuriosa.com.br\/86dcd6ac-219c-44e3-a756-5259f21087f0\/\"]}]},{\"@type\":\"BreadcrumbList\",\"@id\":\"https:\/\/zonacuriosa.com.br\/86dcd6ac-219c-44e3-a756-5259f21087f0\/#breadcrumb\",\"itemListElement\":[{\"@type\":\"ListItem\",\"position\":1,\"name\":\"Home\",\"item\":\"https:\/\/zonacuriosa.com.br\/\"},{\"@type\":\"ListItem\",\"position\":2,\"name\":\"Vaga de Filmador: Oportunidade Efetiva para Profissionais Criativos\"}]},{\"@type\":\"WebSite\",\"@id\":\"https:\/\/zonacuriosa.com.br\/#website\",\"url\":\"https:\/\/zonacuriosa.com.br\/\",\"name\":\"Zona Curiosa\",\"description\":\"\",\"potentialAction\":[{\"@type\":\"SearchAction\",\"target\":{\"@type\":\"EntryPoint\",\"urlTemplate\":\"https:\/\/zonacuriosa.com.br\/?s={search_term_string}\"},\"query-input\":\"required name=search_term_string\"}],\"inLanguage\":\"es-MX\"},{\"@type\":\"Person\",\"@id\":\"https:\/\/zonacuriosa.com.br\/#\/schema\/person\/890d2e5780ff9ae3803551e7f1d7a46d\",\"name\":\"ederaugusttomuller\",\"image\":{\"@type\":\"ImageObject\",\"inLanguage\":\"es-MX\",\"@id\":\"https:\/\/zonacuriosa.com.br\/#\/schema\/person\/image\/\",\"url\":\"https:\/\/secure.gravatar.com\/avatar\/96357ca64e7ff2bf802e5dba125702c6?s=96&d=mm&r=g\",\"contentUrl\":\"https:\/\/secure.gravatar.com\/avatar\/96357ca64e7ff2bf802e5dba125702c6?s=96&d=mm&r=g\",\"caption\":\"ederaugusttomuller\"},\"url\":\"https:\/\/zonacuriosa.com.br\/es\/author\/ederaugusttomuller\/\"}]}<\/script>\n<!-- \/ Yoast SEO plugin. -->","yoast_head_json":{"title":"Vaga de Filmador: Oportunidade Efetiva para Profissionais Criativos - Zona Curiosa","robots":{"index":"index","follow":"follow","max-snippet":"max-snippet:-1","max-image-preview":"max-image-preview:large","max-video-preview":"max-video-preview:-1"},"canonical":"https:\/\/zonacuriosa.com.br\/es\/86dcd6ac-219c-44e3-a756-5259f21087f0\/","og_locale":"es_MX","og_type":"article","og_title":"Vaga de Filmador: Oportunidade Efetiva para Profissionais Criativos - Zona Curiosa","og_description":"Descubra os detalhes da vaga de filmador, com contrato efetivo e abertura para profissionais PCD. Estabilidade, inclus\u00e3o e oportunidades reais no setor de comunica\u00e7\u00e3o. Saiba mais agora!","og_url":"https:\/\/zonacuriosa.com.br\/es\/86dcd6ac-219c-44e3-a756-5259f21087f0\/","og_site_name":"Zona Curiosa","article_published_time":"2025-09-23T23:32:00+00:00","article_modified_time":"2025-09-23T23:32:08+00:00","author":"ederaugusttomuller","twitter_card":"summary_large_image","twitter_misc":{"Written by":"ederaugusttomuller","Est. reading time":"2 minutos"},"schema":{"@context":"https:\/\/schema.org","@graph":[{"@type":"WebPage","@id":"https:\/\/zonacuriosa.com.br\/86dcd6ac-219c-44e3-a756-5259f21087f0\/","url":"https:\/\/zonacuriosa.com.br\/86dcd6ac-219c-44e3-a756-5259f21087f0\/","name":"Vaga de Filmador: Oportunidade Efetiva para Profissionais Criativos - Zona Curiosa","isPartOf":{"@id":"https:\/\/zonacuriosa.com.br\/#website"},"datePublished":"2025-09-23T23:32:00+00:00","dateModified":"2025-09-23T23:32:08+00:00","author":{"@id":"https:\/\/zonacuriosa.com.br\/#\/schema\/person\/890d2e5780ff9ae3803551e7f1d7a46d"},"breadcrumb":{"@id":"https:\/\/zonacuriosa.com.br\/86dcd6ac-219c-44e3-a756-5259f21087f0\/#breadcrumb"},"inLanguage":"es-MX","potentialAction":[{"@type":"ReadAction","target":["https:\/\/zonacuriosa.com.br\/86dcd6ac-219c-44e3-a756-5259f21087f0\/"]}]},{"@type":"BreadcrumbList","@id":"https:\/\/zonacuriosa.com.br\/86dcd6ac-219c-44e3-a756-5259f21087f0\/#breadcrumb","itemListElement":[{"@type":"ListItem","position":1,"name":"Home","item":"https:\/\/zonacuriosa.com.br\/"},{"@type":"ListItem","position":2,"name":"Vaga de Filmador: Oportunidade Efetiva para Profissionais Criativos"}]},{"@type":"WebSite","@id":"https:\/\/zonacuriosa.com.br\/#website","url":"https:\/\/zonacuriosa.com.br\/","name":"Zona Curiosa","description":"","potentialAction":[{"@type":"SearchAction","target":{"@type":"EntryPoint","urlTemplate":"https:\/\/zonacuriosa.com.br\/?s={search_term_string}"},"query-input":"required name=search_term_string"}],"inLanguage":"es-MX"},{"@type":"Person","@id":"https:\/\/zonacuriosa.com.br\/#\/schema\/person\/890d2e5780ff9ae3803551e7f1d7a46d","name":"ederaugusttomuller","image":{"@type":"ImageObject","inLanguage":"es-MX","@id":"https:\/\/zonacuriosa.com.br\/#\/schema\/person\/image\/","url":"https:\/\/secure.gravatar.com\/avatar\/96357ca64e7ff2bf802e5dba125702c6?s=96&d=mm&r=g","contentUrl":"https:\/\/secure.gravatar.com\/avatar\/96357ca64e7ff2bf802e5dba125702c6?s=96&d=mm&r=g","caption":"ederaugusttomuller"},"url":"https:\/\/zonacuriosa.com.br\/es\/author\/ederaugusttomuller\/"}]}},"_links":{"self":[{"href":"https:\/\/zonacuriosa.com.br\/es\/wp-json\/wp\/v2\/posts\/36079"}],"collection":[{"href":"https:\/\/zonacuriosa.com.br\/es\/wp-json\/wp\/v2\/posts"}],"about":[{"href":"https:\/\/zonacuriosa.com.br\/es\/wp-json\/wp\/v2\/types\/post"}],"author":[{"embeddable":true,"href":"https:\/\/zonacuriosa.com.br\/es\/wp-json\/wp\/v2\/users\/113"}],"replies":[{"embeddable":true,"href":"https:\/\/zonacuriosa.com.br\/es\/wp-json\/wp\/v2\/comments?post=36079"}],"version-history":[{"count":1,"href":"https:\/\/zonacuriosa.com.br\/es\/wp-json\/wp\/v2\/posts\/36079\/revisions"}],"predecessor-version":[{"id":36176,"href":"https:\/\/zonacuriosa.com.br\/es\/wp-json\/wp\/v2\/posts\/36079\/revisions\/36176"}],"wp:attachment":[{"href":"https:\/\/zonacuriosa.com.br\/es\/wp-json\/wp\/v2\/media?parent=36079"}],"wp:term":[{"taxonomy":"category","embeddable":true,"href":"https:\/\/zonacuriosa.com.br\/es\/wp-json\/wp\/v2\/categories?post=36079"},{"taxonomy":"post_tag","embeddable":true,"href":"https:\/\/zonacuriosa.com.br\/es\/wp-json\/wp\/v2\/tags?post=36079"}],"curies":[{"name":"wp","href":"https:\/\/api.w.org\/{rel}","templated":true}]}}