{"id":35974,"date":"2025-09-23T22:59:00","date_gmt":"2025-09-23T22:59:00","guid":{"rendered":"https:\/\/zonacuriosa.com.br\/79a8f42c-c95c-4990-9872-e570bf048444\/"},"modified":"2025-09-23T22:59:40","modified_gmt":"2025-09-23T22:59:40","slug":"79a8f42c-c95c-4990-9872-e570bf048444","status":"publish","type":"post","link":"https:\/\/zonacuriosa.com.br\/es\/79a8f42c-c95c-4990-9872-e570bf048444\/","title":{"rendered":"Oferta de empleo para emprendedor: Puesto temporal enfocado en ventas y proactividad."},"content":{"rendered":"<div class=\"mx-5 sm:mx-0 prose text-left mb-5\">\n<\/p>\n<div style=\"background: #ffffff; border-radius: 12px; box-shadow: 0 10px 30px rgba(0, 0, 0, 0.1); width: 100%; max-width: 340px; padding: 25px; transition: transform 0.3s ease-in-out; overflow: visible; display: flex; flex-direction: column; position: relative; border: 1px solid #28a745; margin-top: 70px; margin-bottom: 50px; margin-left: auto; margin-right: auto;\">\n<div style=\"position: absolute; top: -35px; right: 15px; color: #28a745; padding: 5px 10px; border-radius: 6px; font-size: 14px; font-weight: bold; display: flex; align-items: center; z-index: 10;\">Recomendado para ti<\/div>\n<div data-namespace-header=\"\" style=\"\">\n<h3 data-namespace-title=\"\" style=\"color: #333; font-size: 20px; font-weight: bold; text-align: left; margin-right: 50px; min-height: 50px; margin-top: 0px;\">empresario<\/h3>\n<\/p><\/div>\n<p data-namespace-prompt=\"\" style=\"font-size: 16px; color: #666; margin-bottom: 20px; line-height: 1.5; flex-grow: 1; text-align: left; margin-top: 0px;\">Trabajo temporal en el sector de asociaciones, gestionando ventas, con iniciativa y autonom\u00eda. Puesto din\u00e1mico, con salario a convenir y oportunidades para desarrollar nuevas habilidades.<\/p>\n<p>    <a data-namespace-url=\"\" href=\"https:\/\/zonacuriosa.com.br\/es\/redirect\/?https:\/\/www.bne.com.br\/vaga-de-emprego-na-area-associacoes-e-diversos-em-guarulhos-sp\/empresario\/4615765?utm_campaign=google_jobs_apply&#038;utm_source=google_jobs_apply&#038;utm_medium=organic\" style=\"width: 100%; display: inline-block; color: white; text-decoration: none; border-radius: 6px; font-size: 16px; font-weight: bold; text-align: center; transition: transform 0.3s ease, background 0.3s ease; margin-top: auto;\" data-namespace-id=\"5c0d2565-3ba9-4280-a382-ad2a691e2285\"><br \/>\n        <button style=\"width: 100%; height: 55px; background: #e9e9ed; border: 1px solid black; color: black;\">\u00a1Solicita ahora!<\/button><br \/>\n    <\/a><br \/>\n    <small style=\"margin-top: 10px; color: #777; font-size: 12px; text-align: center; display: block;\">Ser\u00e1s redirigido a otro sitio web.<\/small>\n<\/div>\n<p>Esta oportunidad para emprendedores es un puesto temporal con remuneraci\u00f3n por convenir. La incorporaci\u00f3n es inmediata, lo que brinda mayor dinamismo a quienes buscan ingresar r\u00e1pidamente al mercado. El formato temporal beneficia tanto a quienes buscan una nueva experiencia como a quienes desean complementar sus ingresos.<\/p>\n<p>El candidato ideal debe ser mayor de edad, proactivo y tener inter\u00e9s en las ventas. Las responsabilidades incluyen la interacci\u00f3n directa con los clientes, la prospecci\u00f3n y la oferta de los servicios de la empresa. Existe la posibilidad de desarrollo personal, ya que el puesto fomenta la autonom\u00eda y el contacto directo con las operaciones diarias de la empresa.<\/p>\n<h2>Principales tareas y rutina de un emprendedor<\/h2>\n<p>En el desempe\u00f1o diario de este puesto, el profesional ser\u00e1 responsable de contactar y prospectar nuevos clientes, presentar servicios y explicar propuestas de valor. Establecer relaciones y mantener buenas habilidades de comunicaci\u00f3n con audiencias diversas es fundamental.<\/p>\n<p>Adem\u00e1s de centrarse en las ventas, es fundamental registrar todas las actividades diarias, manteniendo la organizaci\u00f3n y el control del proceso de atenci\u00f3n al cliente. Se valora la proactividad, ya que muchas decisiones deben tomarse de forma aut\u00f3noma.<\/p>\n<p>Diariamente, se espera que el emprendedor proponga nuevas estrategias de captaci\u00f3n de clientes, adaptando su discurso seg\u00fan la audiencia. La naturaleza din\u00e1mica del puesto permite un aprendizaje constante, especialmente en t\u00e9cnicas de venta.<\/p>\n<p>Este puesto puede implicar reuniones e identificaci\u00f3n de oportunidades con socios. El seguimiento de objetivos y resultados tambi\u00e9n forma parte de las responsabilidades, fomentando el desarrollo de habilidades anal\u00edticas.<\/p>\n<p>En diversas ocasiones, el emprendedor se enfrentar\u00e1 directamente a retos que pondr\u00e1n a prueba su creatividad y agilidad. Por ello, este rol suele resultar atractivo para quienes desean superar los l\u00edmites y dejar su huella en el entorno empresarial.<\/p>\n<h2>Aspectos positivos del puesto<\/h2>\n<p>Una de las mayores ventajas es la flexibilidad que ofrece el trabajo temporal, ideal para quienes buscan experiencias diversas. La oportunidad de ampliar tu red de contactos dentro del sector asociativo tambi\u00e9n supone una ventaja significativa.<\/p>\n<p>Enfocarse en las ventas desarrolla habilidades esenciales de mercado como la persuasi\u00f3n, la comunicaci\u00f3n y la negociaci\u00f3n. Esto enriquece tu curr\u00edculum y puede abrirte puertas a futuras oportunidades.<\/p>\n<p>Al tratarse de una vacante inmediata, el candidato seleccionado se adapta r\u00e1pidamente al trabajo y aprende con agilidad. La autonom\u00eda que se le brinda contribuye a su desarrollo personal.<\/p>\n<h2>Puntos negativos a considerar<\/h2>\n<p>Los puestos temporales no siempre garantizan estabilidad a largo plazo. Los profesionales deben planificar cuidadosamente sus pr\u00f3ximos pasos profesionales para evitar periodos de inactividad una vez finalizado su contrato.<\/p>\n<p>El salario es negociable, por lo que existe poca previsibilidad en los ingresos y puede ser necesario negociar las cantidades durante el proceso de selecci\u00f3n.<\/p>\n<p>Adem\u00e1s, el ritmo de ventas puede ser exigente, lo que requiere perseverancia para alcanzar los objetivos y afrontar los posibles contratiempos en el proceso de venta.<\/p>\n<h2>Veredicto final<\/h2>\n<p>El puesto temporal de representante de ventas es ideal para personas proactivas y decididas que valoran la autonom\u00eda y desean mejorar sus habilidades de venta. Al ser un puesto de corta duraci\u00f3n, es perfecto para quienes buscan nuevas experiencias o un empleo r\u00e1pido. El aprendizaje est\u00e1 garantizado, especialmente para quienes disfrutan de los retos y la flexibilidad.<\/p>\n<div style=\"background: #ffffff; border-radius: 12px; box-shadow: 0 10px 30px rgba(0, 0, 0, 0.1); width: 100%; max-width: 340px; padding: 25px; transition: transform 0.3s ease-in-out; overflow: visible; display: flex; flex-direction: column; position: relative; border: 1px solid #28a745; margin-top: 70px; margin-bottom: 50px; margin-left: auto; margin-right: auto;\">\n<div style=\"position: absolute; top: -35px; right: 15px; color: #28a745; padding: 5px 10px; border-radius: 6px; font-size: 14px; font-weight: bold; display: flex; align-items: center; z-index: 10;\">Recomendado para ti<\/div>\n<div data-namespace-header=\"\" style=\"\">\n<h3 data-namespace-title=\"\" style=\"color: #333; font-size: 20px; font-weight: bold; text-align: left; margin-right: 50px; min-height: 50px; margin-top: 0px;\">empresario<\/h3>\n<\/p><\/div>\n<p data-namespace-prompt=\"\" style=\"font-size: 16px; color: #666; margin-bottom: 20px; line-height: 1.5; flex-grow: 1; text-align: left; margin-top: 0px;\">Trabajo temporal en el sector de asociaciones, gestionando ventas, con iniciativa y autonom\u00eda. Puesto din\u00e1mico, con salario a convenir y oportunidades para desarrollar nuevas habilidades.<\/p>\n<p>    <a data-namespace-url=\"\" href=\"https:\/\/zonacuriosa.com.br\/es\/redirect\/?https:\/\/www.bne.com.br\/vaga-de-emprego-na-area-associacoes-e-diversos-em-guarulhos-sp\/empresario\/4615765?utm_campaign=google_jobs_apply&#038;utm_source=google_jobs_apply&#038;utm_medium=organic\" style=\"width: 100%; display: inline-block; color: white; text-decoration: none; border-radius: 6px; font-size: 16px; font-weight: bold; text-align: center; transition: transform 0.3s ease, background 0.3s ease; margin-top: auto;\" data-namespace-id=\"5c0d2565-3ba9-4280-a382-ad2a691e2285\"><br \/>\n        <button style=\"width: 100%; height: 55px; background: #e9e9ed; border: 1px solid black; color: black;\">\u00a1Solicita ahora!<\/button><br \/>\n    <\/a><br \/>\n    <small style=\"margin-top: 10px; color: #777; font-size: 12px; text-align: center; display: block;\">Ser\u00e1s redirigido a otro sitio web.<\/small>\n<\/div>\n<\/div>","protected":false},"excerpt":{"rendered":"<p>Oportunidad temporal para un emprendedor enfocado en ventas y proactivo. Salario a convenir y autonom\u00eda para aprender y crecer. \u00a1Descubre las ventajas y post\u00falate!<\/p>","protected":false},"author":113,"featured_media":0,"comment_status":"open","ping_status":"open","sticky":false,"template":"","format":"standard","meta":{"footnotes":""},"categories":[11],"tags":[],"yoast_head":"<!-- This site is optimized with the Yoast SEO plugin v23.3 - https:\/\/yoast.com\/wordpress\/plugins\/seo\/ -->\n<title>Vaga para Empres\u00e1rio: Tempor\u00e1rio com Foco em Vendas e Proatividade - Zona Curiosa<\/title>\n<meta name=\"robots\" content=\"index, follow, max-snippet:-1, max-image-preview:large, max-video-preview:-1\" \/>\n<link rel=\"canonical\" href=\"https:\/\/zonacuriosa.com.br\/es\/79a8f42c-c95c-4990-9872-e570bf048444\/\" \/>\n<meta property=\"og:locale\" content=\"es_MX\" \/>\n<meta property=\"og:type\" content=\"article\" \/>\n<meta property=\"og:title\" content=\"Vaga para Empres\u00e1rio: Tempor\u00e1rio com Foco em Vendas e Proatividade - Zona Curiosa\" \/>\n<meta property=\"og:description\" content=\"Oportunidade tempor\u00e1ria para empres\u00e1rio com foco em vendas e proatividade. Sal\u00e1rio a combinar e autonomia para aprender e crescer. Veja os pontos positivos e candidate-se!\" \/>\n<meta property=\"og:url\" content=\"https:\/\/zonacuriosa.com.br\/es\/79a8f42c-c95c-4990-9872-e570bf048444\/\" \/>\n<meta property=\"og:site_name\" content=\"Zona Curiosa\" \/>\n<meta property=\"article:published_time\" content=\"2025-09-23T22:59:00+00:00\" \/>\n<meta property=\"article:modified_time\" content=\"2025-09-23T22:59:40+00:00\" \/>\n<meta name=\"author\" content=\"ederaugusttomuller\" \/>\n<meta name=\"twitter:card\" content=\"summary_large_image\" \/>\n<meta name=\"twitter:label1\" content=\"Written by\" \/>\n\t<meta name=\"twitter:data1\" content=\"ederaugusttomuller\" \/>\n\t<meta name=\"twitter:label2\" content=\"Est. reading time\" \/>\n\t<meta name=\"twitter:data2\" content=\"3 minutos\" \/>\n<script type=\"application\/ld+json\" class=\"yoast-schema-graph\">{\"@context\":\"https:\/\/schema.org\",\"@graph\":[{\"@type\":\"WebPage\",\"@id\":\"https:\/\/zonacuriosa.com.br\/79a8f42c-c95c-4990-9872-e570bf048444\/\",\"url\":\"https:\/\/zonacuriosa.com.br\/79a8f42c-c95c-4990-9872-e570bf048444\/\",\"name\":\"Vaga para Empres\u00e1rio: Tempor\u00e1rio com Foco em Vendas e Proatividade - Zona Curiosa\",\"isPartOf\":{\"@id\":\"https:\/\/zonacuriosa.com.br\/#website\"},\"datePublished\":\"2025-09-23T22:59:00+00:00\",\"dateModified\":\"2025-09-23T22:59:40+00:00\",\"author\":{\"@id\":\"https:\/\/zonacuriosa.com.br\/#\/schema\/person\/890d2e5780ff9ae3803551e7f1d7a46d\"},\"breadcrumb\":{\"@id\":\"https:\/\/zonacuriosa.com.br\/79a8f42c-c95c-4990-9872-e570bf048444\/#breadcrumb\"},\"inLanguage\":\"es-MX\",\"potentialAction\":[{\"@type\":\"ReadAction\",\"target\":[\"https:\/\/zonacuriosa.com.br\/79a8f42c-c95c-4990-9872-e570bf048444\/\"]}]},{\"@type\":\"BreadcrumbList\",\"@id\":\"https:\/\/zonacuriosa.com.br\/79a8f42c-c95c-4990-9872-e570bf048444\/#breadcrumb\",\"itemListElement\":[{\"@type\":\"ListItem\",\"position\":1,\"name\":\"Home\",\"item\":\"https:\/\/zonacuriosa.com.br\/\"},{\"@type\":\"ListItem\",\"position\":2,\"name\":\"Vaga para Empres\u00e1rio: Tempor\u00e1rio com Foco em Vendas e Proatividade\"}]},{\"@type\":\"WebSite\",\"@id\":\"https:\/\/zonacuriosa.com.br\/#website\",\"url\":\"https:\/\/zonacuriosa.com.br\/\",\"name\":\"Zona Curiosa\",\"description\":\"\",\"potentialAction\":[{\"@type\":\"SearchAction\",\"target\":{\"@type\":\"EntryPoint\",\"urlTemplate\":\"https:\/\/zonacuriosa.com.br\/?s={search_term_string}\"},\"query-input\":\"required name=search_term_string\"}],\"inLanguage\":\"es-MX\"},{\"@type\":\"Person\",\"@id\":\"https:\/\/zonacuriosa.com.br\/#\/schema\/person\/890d2e5780ff9ae3803551e7f1d7a46d\",\"name\":\"ederaugusttomuller\",\"image\":{\"@type\":\"ImageObject\",\"inLanguage\":\"es-MX\",\"@id\":\"https:\/\/zonacuriosa.com.br\/#\/schema\/person\/image\/\",\"url\":\"https:\/\/secure.gravatar.com\/avatar\/96357ca64e7ff2bf802e5dba125702c6?s=96&d=mm&r=g\",\"contentUrl\":\"https:\/\/secure.gravatar.com\/avatar\/96357ca64e7ff2bf802e5dba125702c6?s=96&d=mm&r=g\",\"caption\":\"ederaugusttomuller\"},\"url\":\"https:\/\/zonacuriosa.com.br\/es\/author\/ederaugusttomuller\/\"}]}<\/script>\n<!-- \/ Yoast SEO plugin. -->","yoast_head_json":{"title":"Vaga para Empres\u00e1rio: Tempor\u00e1rio com Foco em Vendas e Proatividade - Zona Curiosa","robots":{"index":"index","follow":"follow","max-snippet":"max-snippet:-1","max-image-preview":"max-image-preview:large","max-video-preview":"max-video-preview:-1"},"canonical":"https:\/\/zonacuriosa.com.br\/es\/79a8f42c-c95c-4990-9872-e570bf048444\/","og_locale":"es_MX","og_type":"article","og_title":"Vaga para Empres\u00e1rio: Tempor\u00e1rio com Foco em Vendas e Proatividade - Zona Curiosa","og_description":"Oportunidade tempor\u00e1ria para empres\u00e1rio com foco em vendas e proatividade. Sal\u00e1rio a combinar e autonomia para aprender e crescer. Veja os pontos positivos e candidate-se!","og_url":"https:\/\/zonacuriosa.com.br\/es\/79a8f42c-c95c-4990-9872-e570bf048444\/","og_site_name":"Zona Curiosa","article_published_time":"2025-09-23T22:59:00+00:00","article_modified_time":"2025-09-23T22:59:40+00:00","author":"ederaugusttomuller","twitter_card":"summary_large_image","twitter_misc":{"Written by":"ederaugusttomuller","Est. reading time":"3 minutos"},"schema":{"@context":"https:\/\/schema.org","@graph":[{"@type":"WebPage","@id":"https:\/\/zonacuriosa.com.br\/79a8f42c-c95c-4990-9872-e570bf048444\/","url":"https:\/\/zonacuriosa.com.br\/79a8f42c-c95c-4990-9872-e570bf048444\/","name":"Vaga para Empres\u00e1rio: Tempor\u00e1rio com Foco em Vendas e Proatividade - Zona Curiosa","isPartOf":{"@id":"https:\/\/zonacuriosa.com.br\/#website"},"datePublished":"2025-09-23T22:59:00+00:00","dateModified":"2025-09-23T22:59:40+00:00","author":{"@id":"https:\/\/zonacuriosa.com.br\/#\/schema\/person\/890d2e5780ff9ae3803551e7f1d7a46d"},"breadcrumb":{"@id":"https:\/\/zonacuriosa.com.br\/79a8f42c-c95c-4990-9872-e570bf048444\/#breadcrumb"},"inLanguage":"es-MX","potentialAction":[{"@type":"ReadAction","target":["https:\/\/zonacuriosa.com.br\/79a8f42c-c95c-4990-9872-e570bf048444\/"]}]},{"@type":"BreadcrumbList","@id":"https:\/\/zonacuriosa.com.br\/79a8f42c-c95c-4990-9872-e570bf048444\/#breadcrumb","itemListElement":[{"@type":"ListItem","position":1,"name":"Home","item":"https:\/\/zonacuriosa.com.br\/"},{"@type":"ListItem","position":2,"name":"Vaga para Empres\u00e1rio: Tempor\u00e1rio com Foco em Vendas e Proatividade"}]},{"@type":"WebSite","@id":"https:\/\/zonacuriosa.com.br\/#website","url":"https:\/\/zonacuriosa.com.br\/","name":"Zona Curiosa","description":"","potentialAction":[{"@type":"SearchAction","target":{"@type":"EntryPoint","urlTemplate":"https:\/\/zonacuriosa.com.br\/?s={search_term_string}"},"query-input":"required name=search_term_string"}],"inLanguage":"es-MX"},{"@type":"Person","@id":"https:\/\/zonacuriosa.com.br\/#\/schema\/person\/890d2e5780ff9ae3803551e7f1d7a46d","name":"ederaugusttomuller","image":{"@type":"ImageObject","inLanguage":"es-MX","@id":"https:\/\/zonacuriosa.com.br\/#\/schema\/person\/image\/","url":"https:\/\/secure.gravatar.com\/avatar\/96357ca64e7ff2bf802e5dba125702c6?s=96&d=mm&r=g","contentUrl":"https:\/\/secure.gravatar.com\/avatar\/96357ca64e7ff2bf802e5dba125702c6?s=96&d=mm&r=g","caption":"ederaugusttomuller"},"url":"https:\/\/zonacuriosa.com.br\/es\/author\/ederaugusttomuller\/"}]}},"_links":{"self":[{"href":"https:\/\/zonacuriosa.com.br\/es\/wp-json\/wp\/v2\/posts\/35974"}],"collection":[{"href":"https:\/\/zonacuriosa.com.br\/es\/wp-json\/wp\/v2\/posts"}],"about":[{"href":"https:\/\/zonacuriosa.com.br\/es\/wp-json\/wp\/v2\/types\/post"}],"author":[{"embeddable":true,"href":"https:\/\/zonacuriosa.com.br\/es\/wp-json\/wp\/v2\/users\/113"}],"replies":[{"embeddable":true,"href":"https:\/\/zonacuriosa.com.br\/es\/wp-json\/wp\/v2\/comments?post=35974"}],"version-history":[{"count":1,"href":"https:\/\/zonacuriosa.com.br\/es\/wp-json\/wp\/v2\/posts\/35974\/revisions"}],"predecessor-version":[{"id":35987,"href":"https:\/\/zonacuriosa.com.br\/es\/wp-json\/wp\/v2\/posts\/35974\/revisions\/35987"}],"wp:attachment":[{"href":"https:\/\/zonacuriosa.com.br\/es\/wp-json\/wp\/v2\/media?parent=35974"}],"wp:term":[{"taxonomy":"category","embeddable":true,"href":"https:\/\/zonacuriosa.com.br\/es\/wp-json\/wp\/v2\/categories?post=35974"},{"taxonomy":"post_tag","embeddable":true,"href":"https:\/\/zonacuriosa.com.br\/es\/wp-json\/wp\/v2\/tags?post=35974"}],"curies":[{"name":"wp","href":"https:\/\/api.w.org\/{rel}","templated":true}]}}