{"id":103165,"date":"2026-04-09T14:00:00","date_gmt":"2026-04-09T14:00:00","guid":{"rendered":"https:\/\/zonacuriosa.com.br\/e52117bb-17a1-45a0-bbaa-052d58c9ceea\/"},"modified":"2026-04-09T14:00:16","modified_gmt":"2026-04-09T14:00:16","slug":"e52117bb-17a1-45a0-bbaa-052d58c9ceea","status":"publish","type":"post","link":"https:\/\/zonacuriosa.com.br\/es\/e52117bb-17a1-45a0-bbaa-052d58c9ceea\/","title":{"rendered":"Analista de Administra\u00e7\u00e3o \u2013 Efetivo, Sal\u00e1rio a Combinar, Vaga com Destaque"},"content":{"rendered":"<div class=\"mx-5 sm:mx-0 prose text-left mb-5\">\n<\/p>\n<div style=\"background: #ffffff; border-radius: 12px; box-shadow: 0 10px 30px rgba(0, 0, 0, 0.1); width: 100%; max-width: 340px; padding: 25px; transition: transform 0.3s ease-in-out; overflow: visible; display: flex; flex-direction: column; position: relative; border: 1px solid #28a745; margin-top: 70px; margin-bottom: 50px; margin-left: auto; margin-right: auto;\">\n<div style=\"position: absolute; top: -35px; right: 15px; color: #28a745; padding: 5px 10px; border-radius: 6px; font-size: 14px; font-weight: bold; display: flex; align-items: center; z-index: 10;\">Recomendado para ti<\/div>\n<div data-namespace-header=\"\" style=\"\">\n<h3 data-namespace-title=\"\" style=\"color: #333; font-size: 20px; font-weight: bold; text-align: left; margin-right: 50px; min-height: 50px; margin-top: 0px;\">Analista de Administra\u00e7\u00e3o<\/h3>\n<\/p><\/div>\n<p data-namespace-prompt=\"\" style=\"font-size: 16px; color: #666; margin-bottom: 20px; line-height: 1.5; flex-grow: 1; text-align: left; margin-top: 0px;\">Se voc\u00ea busca crescimento em um time administrativo, esta vaga oferece contrata\u00e7\u00e3o efetiva, sal\u00e1rio a combinar e foco em organiza\u00e7\u00e3o e gest\u00e3o. Destaque para boas chances de visibilidade.<\/p>\n<p>    <a data-namespace-url=\"\" href=\"https:\/\/zonacuriosa.com.br\/es\/redirect\/?https:\/\/www.bne.com.br\/vaga-de-emprego-na-area-administrativo-em-maceio-al\/analista-de-administracao\/5017040?utm_campaign=google_jobs_apply&#038;utm_source=google_jobs_apply&#038;utm_medium=organic\" style=\"width: 100%; display: inline-block; color: white; text-decoration: none; border-radius: 6px; font-size: 16px; font-weight: bold; text-align: center; transition: transform 0.3s ease, background 0.3s ease; margin-top: auto;\" data-namespace-id=\"5c0d2565-3ba9-4280-a382-ad2a691e2285\"><br \/>\n        <button style=\"width: 100%; height: 55px; background: #e9e9ed; border: 1px solid black; color: black;\">Solicitar el empleo<\/button><br \/>\n    <\/a><br \/>\n    <small style=\"margin-top: 10px; color: #777; font-size: 12px; text-align: center; display: block;\">Ser\u00e1s redirigido a otro sitio web.<\/small>\n<\/div>\n<h2>Oportunidade de Analista de Administra\u00e7\u00e3o Efetivo<\/h2>\n<p>Esta vaga de Analista de Administra\u00e7\u00e3o \u00e9 para contrata\u00e7\u00e3o efetiva e oferece sal\u00e1rio a combinar conforme experi\u00eancia. O ambiente valoriza \u00e9tica, proatividade e organiza\u00e7\u00e3o.<\/p>\n<p>Profissionais selecionados atuar\u00e3o no suporte administrativo e poder\u00e3o contribuir diretamente com processos relevantes para o bom andamento do setor.<\/p>\n<p>O processo seletivo busca candidatos com conhecimento em pacote office, boa comunica\u00e7\u00e3o, iniciativa e aten\u00e7\u00e3o aos detalhes \u2014 habilidades muito valorizadas.<\/p>\n<p>Al\u00e9m destas compet\u00eancias, \u00e9 esperado do profissional transpar\u00eancia, discri\u00e7\u00e3o e capacidade de trabalhar em equipe para apoiar rotinas administrativas.<\/p>\n<p>A candidatura \u00e9 simples e pode ser feita diretamente pela plataforma, aumentando as chances para quem atende ao perfil desejado.<\/p>\n<h2>Actividades y rutina laboral<\/h2>\n<p>As principais atividades envolvem controle de frequ\u00eancia de servidores, gest\u00e3o de processos internos e atendimento ao p\u00fablico.<\/p>\n<p>Entre as responsabilidades est\u00e3o o apoio em recursos humanos, elabora\u00e7\u00e3o de relat\u00f3rios, suporte di\u00e1rio e organiza\u00e7\u00e3o de treinamentos ou eventos internos.<\/p>\n<p>O analista \u00e9 pe\u00e7a-chave na administra\u00e7\u00e3o interna, auxiliando colegas, l\u00edderes e apoiando demandas de rotina fundamentais.<\/p>\n<p>O dom\u00ednio do pacote office \u00e9 essencial para manter a precis\u00e3o em relat\u00f3rios e controles realizados no setor.<\/p>\n<p>Candidatos atentos a prazos, detalhes e capazes de solucionar problemas se destacam no desempenho dessa fun\u00e7\u00e3o.<\/p>\n<h2>Principales ventajas<\/h2>\n<p>Uma das grandes vantagens deste cargo \u00e9 a estabilidade proporcionada pelo contrato efetivo, ideal para quem busca crescimento cont\u00ednuo.<\/p>\n<p>Al\u00e9m disso, existe a oportunidade de ampliar experi\u00eancia e adquirir maior visibilidade profissional com o destaque no curr\u00edculo.<\/p>\n<h2>Aspectos positivos del puesto<\/h2>\n<p>O trabalho administrativo possibilita desenvolver habilidades pr\u00e1ticas em diferentes \u00e1reas, fortalecendo o perfil profissional para futuras promo\u00e7\u00f5es.<\/p>\n<p>Ambientes organizados e com processos estruturados proporcionam um ritmo de trabalho tranquilo, com espa\u00e7o para aprendizado constante.<\/p>\n<h2>Puntos de atenci\u00f3n<\/h2>\n<p>A rotina pode exigir alta aten\u00e7\u00e3o e paci\u00eancia para lidar com detalhamentos repetitivos, sendo importante ter foco e disciplina no dia a dia.<\/p>\n<p>Eventuais volumes de tarefas simult\u00e2neas demandam capacidade de organiza\u00e7\u00e3o rigorosa para evitar ac\u00famulo de pend\u00eancias.<\/p>\n<h2>Posibles desaf\u00edos<\/h2>\n<p>Os maiores desafios est\u00e3o ligados \u00e0 necessidade de comunica\u00e7\u00e3o clara com equipes diversas e ao gerenciamento eficiente de m\u00faltiplas demandas ao mesmo tempo.<\/p>\n<p>Adapta\u00e7\u00e3o r\u00e1pida e atualiza\u00e7\u00e3o de processos administrativos fazem parte do cotidiano e podem exigir maior flexibilidade de quem assume o cargo.<\/p>\n<h2>Veredicto: Vale a Pena se Candidatar?<\/h2>\n<p>Analisando pr\u00f3s e contras, esta vaga de Analista de Administra\u00e7\u00e3o se destaca para quem busca estabilidade e deseja fortalecer sua trajet\u00f3ria administrativa.<\/p>\n<p>Com vantagens competitivas e ambiente estruturado, \u00e9 indicada para profissionais organizados, atentos e dispostos a crescer na \u00e1rea administrativa.<\/p>\n<div style=\"background: #ffffff; border-radius: 12px; box-shadow: 0 10px 30px rgba(0, 0, 0, 0.1); width: 100%; max-width: 340px; padding: 25px; transition: transform 0.3s ease-in-out; overflow: visible; display: flex; flex-direction: column; position: relative; border: 1px solid #28a745; margin-top: 70px; margin-bottom: 50px; margin-left: auto; margin-right: auto;\">\n<div style=\"position: absolute; top: -35px; right: 15px; color: #28a745; padding: 5px 10px; border-radius: 6px; font-size: 14px; font-weight: bold; display: flex; align-items: center; z-index: 10;\">Recomendado para ti<\/div>\n<div data-namespace-header=\"\" style=\"\">\n<h3 data-namespace-title=\"\" style=\"color: #333; font-size: 20px; font-weight: bold; text-align: left; margin-right: 50px; min-height: 50px; margin-top: 0px;\">Analista de Administra\u00e7\u00e3o<\/h3>\n<\/p><\/div>\n<p data-namespace-prompt=\"\" style=\"font-size: 16px; color: #666; margin-bottom: 20px; line-height: 1.5; flex-grow: 1; text-align: left; margin-top: 0px;\">Se voc\u00ea busca crescimento em um time administrativo, esta vaga oferece contrata\u00e7\u00e3o efetiva, sal\u00e1rio a combinar e foco em organiza\u00e7\u00e3o e gest\u00e3o. Destaque para boas chances de visibilidade.<\/p>\n<p>    <a data-namespace-url=\"\" href=\"https:\/\/zonacuriosa.com.br\/es\/redirect\/?https:\/\/www.bne.com.br\/vaga-de-emprego-na-area-administrativo-em-maceio-al\/analista-de-administracao\/5017040?utm_campaign=google_jobs_apply&#038;utm_source=google_jobs_apply&#038;utm_medium=organic\" style=\"width: 100%; display: inline-block; color: white; text-decoration: none; border-radius: 6px; font-size: 16px; font-weight: bold; text-align: center; transition: transform 0.3s ease, background 0.3s ease; margin-top: auto;\" data-namespace-id=\"5c0d2565-3ba9-4280-a382-ad2a691e2285\"><br \/>\n        <button style=\"width: 100%; height: 55px; background: #e9e9ed; border: 1px solid black; color: black;\">Solicitar el empleo<\/button><br \/>\n    <\/a><br \/>\n    <small style=\"margin-top: 10px; color: #777; font-size: 12px; text-align: center; display: block;\">Ser\u00e1s redirigido a otro sitio web.<\/small>\n<\/div>\n<\/div>","protected":false},"excerpt":{"rendered":"<p>Nova vaga para Analista de Administra\u00e7\u00e3o! Sal\u00e1rio a combinar, contrata\u00e7\u00e3o efetiva e foco em crescimento profissional. Conhe\u00e7a os pr\u00f3s, desafios e destaque-se nas candidaturas.<\/p>","protected":false},"author":113,"featured_media":0,"comment_status":"open","ping_status":"open","sticky":false,"template":"","format":"standard","meta":{"footnotes":""},"categories":[11],"tags":[],"yoast_head":"<!-- This site is optimized with the Yoast SEO plugin v23.3 - https:\/\/yoast.com\/wordpress\/plugins\/seo\/ -->\n<title>Analista de Administra\u00e7\u00e3o \u2013 Efetivo, Sal\u00e1rio a Combinar, Vaga com Destaque - Zona Curiosa<\/title>\n<meta name=\"robots\" content=\"index, follow, max-snippet:-1, max-image-preview:large, max-video-preview:-1\" \/>\n<link rel=\"canonical\" href=\"https:\/\/zonacuriosa.com.br\/es\/e52117bb-17a1-45a0-bbaa-052d58c9ceea\/\" \/>\n<meta property=\"og:locale\" content=\"es_MX\" \/>\n<meta property=\"og:type\" content=\"article\" \/>\n<meta property=\"og:title\" content=\"Analista de Administra\u00e7\u00e3o \u2013 Efetivo, Sal\u00e1rio a Combinar, Vaga com Destaque - Zona Curiosa\" \/>\n<meta property=\"og:description\" content=\"Nova vaga para Analista de Administra\u00e7\u00e3o! Sal\u00e1rio a combinar, contrata\u00e7\u00e3o efetiva e foco em crescimento profissional. Conhe\u00e7a os pr\u00f3s, desafios e destaque-se nas candidaturas.\" \/>\n<meta property=\"og:url\" content=\"https:\/\/zonacuriosa.com.br\/es\/e52117bb-17a1-45a0-bbaa-052d58c9ceea\/\" \/>\n<meta property=\"og:site_name\" content=\"Zona Curiosa\" \/>\n<meta property=\"article:published_time\" content=\"2026-04-09T14:00:00+00:00\" \/>\n<meta property=\"article:modified_time\" content=\"2026-04-09T14:00:16+00:00\" \/>\n<meta name=\"author\" content=\"ederaugusttomuller\" \/>\n<meta name=\"twitter:card\" content=\"summary_large_image\" \/>\n<meta name=\"twitter:label1\" content=\"Written by\" \/>\n\t<meta name=\"twitter:data1\" content=\"ederaugusttomuller\" \/>\n\t<meta name=\"twitter:label2\" content=\"Est. reading time\" \/>\n\t<meta name=\"twitter:data2\" content=\"3 minutos\" \/>\n<script type=\"application\/ld+json\" class=\"yoast-schema-graph\">{\"@context\":\"https:\/\/schema.org\",\"@graph\":[{\"@type\":\"WebPage\",\"@id\":\"https:\/\/zonacuriosa.com.br\/e52117bb-17a1-45a0-bbaa-052d58c9ceea\/\",\"url\":\"https:\/\/zonacuriosa.com.br\/e52117bb-17a1-45a0-bbaa-052d58c9ceea\/\",\"name\":\"Analista de Administra\u00e7\u00e3o \u2013 Efetivo, Sal\u00e1rio a Combinar, Vaga com Destaque - Zona Curiosa\",\"isPartOf\":{\"@id\":\"https:\/\/zonacuriosa.com.br\/#website\"},\"datePublished\":\"2026-04-09T14:00:00+00:00\",\"dateModified\":\"2026-04-09T14:00:16+00:00\",\"author\":{\"@id\":\"https:\/\/zonacuriosa.com.br\/#\/schema\/person\/890d2e5780ff9ae3803551e7f1d7a46d\"},\"breadcrumb\":{\"@id\":\"https:\/\/zonacuriosa.com.br\/e52117bb-17a1-45a0-bbaa-052d58c9ceea\/#breadcrumb\"},\"inLanguage\":\"es-MX\",\"potentialAction\":[{\"@type\":\"ReadAction\",\"target\":[\"https:\/\/zonacuriosa.com.br\/e52117bb-17a1-45a0-bbaa-052d58c9ceea\/\"]}]},{\"@type\":\"BreadcrumbList\",\"@id\":\"https:\/\/zonacuriosa.com.br\/e52117bb-17a1-45a0-bbaa-052d58c9ceea\/#breadcrumb\",\"itemListElement\":[{\"@type\":\"ListItem\",\"position\":1,\"name\":\"Home\",\"item\":\"https:\/\/zonacuriosa.com.br\/\"},{\"@type\":\"ListItem\",\"position\":2,\"name\":\"Analista de Administra\u00e7\u00e3o \u2013 Efetivo, Sal\u00e1rio a Combinar, Vaga com Destaque\"}]},{\"@type\":\"WebSite\",\"@id\":\"https:\/\/zonacuriosa.com.br\/#website\",\"url\":\"https:\/\/zonacuriosa.com.br\/\",\"name\":\"Zona Curiosa\",\"description\":\"\",\"potentialAction\":[{\"@type\":\"SearchAction\",\"target\":{\"@type\":\"EntryPoint\",\"urlTemplate\":\"https:\/\/zonacuriosa.com.br\/?s={search_term_string}\"},\"query-input\":\"required name=search_term_string\"}],\"inLanguage\":\"es-MX\"},{\"@type\":\"Person\",\"@id\":\"https:\/\/zonacuriosa.com.br\/#\/schema\/person\/890d2e5780ff9ae3803551e7f1d7a46d\",\"name\":\"ederaugusttomuller\",\"image\":{\"@type\":\"ImageObject\",\"inLanguage\":\"es-MX\",\"@id\":\"https:\/\/zonacuriosa.com.br\/#\/schema\/person\/image\/\",\"url\":\"https:\/\/secure.gravatar.com\/avatar\/96357ca64e7ff2bf802e5dba125702c6?s=96&d=mm&r=g\",\"contentUrl\":\"https:\/\/secure.gravatar.com\/avatar\/96357ca64e7ff2bf802e5dba125702c6?s=96&d=mm&r=g\",\"caption\":\"ederaugusttomuller\"},\"url\":\"https:\/\/zonacuriosa.com.br\/es\/author\/ederaugusttomuller\/\"}]}<\/script>\n<!-- \/ Yoast SEO plugin. -->","yoast_head_json":{"title":"Analista de Administra\u00e7\u00e3o \u2013 Efetivo, Sal\u00e1rio a Combinar, Vaga com Destaque - Zona Curiosa","robots":{"index":"index","follow":"follow","max-snippet":"max-snippet:-1","max-image-preview":"max-image-preview:large","max-video-preview":"max-video-preview:-1"},"canonical":"https:\/\/zonacuriosa.com.br\/es\/e52117bb-17a1-45a0-bbaa-052d58c9ceea\/","og_locale":"es_MX","og_type":"article","og_title":"Analista de Administra\u00e7\u00e3o \u2013 Efetivo, Sal\u00e1rio a Combinar, Vaga com Destaque - Zona Curiosa","og_description":"Nova vaga para Analista de Administra\u00e7\u00e3o! Sal\u00e1rio a combinar, contrata\u00e7\u00e3o efetiva e foco em crescimento profissional. Conhe\u00e7a os pr\u00f3s, desafios e destaque-se nas candidaturas.","og_url":"https:\/\/zonacuriosa.com.br\/es\/e52117bb-17a1-45a0-bbaa-052d58c9ceea\/","og_site_name":"Zona Curiosa","article_published_time":"2026-04-09T14:00:00+00:00","article_modified_time":"2026-04-09T14:00:16+00:00","author":"ederaugusttomuller","twitter_card":"summary_large_image","twitter_misc":{"Written by":"ederaugusttomuller","Est. reading time":"3 minutos"},"schema":{"@context":"https:\/\/schema.org","@graph":[{"@type":"WebPage","@id":"https:\/\/zonacuriosa.com.br\/e52117bb-17a1-45a0-bbaa-052d58c9ceea\/","url":"https:\/\/zonacuriosa.com.br\/e52117bb-17a1-45a0-bbaa-052d58c9ceea\/","name":"Analista de Administra\u00e7\u00e3o \u2013 Efetivo, Sal\u00e1rio a Combinar, Vaga com Destaque - Zona Curiosa","isPartOf":{"@id":"https:\/\/zonacuriosa.com.br\/#website"},"datePublished":"2026-04-09T14:00:00+00:00","dateModified":"2026-04-09T14:00:16+00:00","author":{"@id":"https:\/\/zonacuriosa.com.br\/#\/schema\/person\/890d2e5780ff9ae3803551e7f1d7a46d"},"breadcrumb":{"@id":"https:\/\/zonacuriosa.com.br\/e52117bb-17a1-45a0-bbaa-052d58c9ceea\/#breadcrumb"},"inLanguage":"es-MX","potentialAction":[{"@type":"ReadAction","target":["https:\/\/zonacuriosa.com.br\/e52117bb-17a1-45a0-bbaa-052d58c9ceea\/"]}]},{"@type":"BreadcrumbList","@id":"https:\/\/zonacuriosa.com.br\/e52117bb-17a1-45a0-bbaa-052d58c9ceea\/#breadcrumb","itemListElement":[{"@type":"ListItem","position":1,"name":"Home","item":"https:\/\/zonacuriosa.com.br\/"},{"@type":"ListItem","position":2,"name":"Analista de Administra\u00e7\u00e3o \u2013 Efetivo, Sal\u00e1rio a Combinar, Vaga com Destaque"}]},{"@type":"WebSite","@id":"https:\/\/zonacuriosa.com.br\/#website","url":"https:\/\/zonacuriosa.com.br\/","name":"Zona Curiosa","description":"","potentialAction":[{"@type":"SearchAction","target":{"@type":"EntryPoint","urlTemplate":"https:\/\/zonacuriosa.com.br\/?s={search_term_string}"},"query-input":"required name=search_term_string"}],"inLanguage":"es-MX"},{"@type":"Person","@id":"https:\/\/zonacuriosa.com.br\/#\/schema\/person\/890d2e5780ff9ae3803551e7f1d7a46d","name":"ederaugusttomuller","image":{"@type":"ImageObject","inLanguage":"es-MX","@id":"https:\/\/zonacuriosa.com.br\/#\/schema\/person\/image\/","url":"https:\/\/secure.gravatar.com\/avatar\/96357ca64e7ff2bf802e5dba125702c6?s=96&d=mm&r=g","contentUrl":"https:\/\/secure.gravatar.com\/avatar\/96357ca64e7ff2bf802e5dba125702c6?s=96&d=mm&r=g","caption":"ederaugusttomuller"},"url":"https:\/\/zonacuriosa.com.br\/es\/author\/ederaugusttomuller\/"}]}},"_links":{"self":[{"href":"https:\/\/zonacuriosa.com.br\/es\/wp-json\/wp\/v2\/posts\/103165"}],"collection":[{"href":"https:\/\/zonacuriosa.com.br\/es\/wp-json\/wp\/v2\/posts"}],"about":[{"href":"https:\/\/zonacuriosa.com.br\/es\/wp-json\/wp\/v2\/types\/post"}],"author":[{"embeddable":true,"href":"https:\/\/zonacuriosa.com.br\/es\/wp-json\/wp\/v2\/users\/113"}],"replies":[{"embeddable":true,"href":"https:\/\/zonacuriosa.com.br\/es\/wp-json\/wp\/v2\/comments?post=103165"}],"version-history":[{"count":1,"href":"https:\/\/zonacuriosa.com.br\/es\/wp-json\/wp\/v2\/posts\/103165\/revisions"}],"predecessor-version":[{"id":103171,"href":"https:\/\/zonacuriosa.com.br\/es\/wp-json\/wp\/v2\/posts\/103165\/revisions\/103171"}],"wp:attachment":[{"href":"https:\/\/zonacuriosa.com.br\/es\/wp-json\/wp\/v2\/media?parent=103165"}],"wp:term":[{"taxonomy":"category","embeddable":true,"href":"https:\/\/zonacuriosa.com.br\/es\/wp-json\/wp\/v2\/categories?post=103165"},{"taxonomy":"post_tag","embeddable":true,"href":"https:\/\/zonacuriosa.com.br\/es\/wp-json\/wp\/v2\/tags?post=103165"}],"curies":[{"name":"wp","href":"https:\/\/api.w.org\/{rel}","templated":true}]}}