{"id":103115,"date":"2026-04-09T13:04:00","date_gmt":"2026-04-09T13:04:00","guid":{"rendered":"https:\/\/zonacuriosa.com.br\/04c4e096-861d-4819-bc5a-2685c2e33ddc\/"},"modified":"2026-04-09T13:04:12","modified_gmt":"2026-04-09T13:04:12","slug":"04c4e096-861d-4819-bc5a-2685c2e33ddc","status":"publish","type":"post","link":"https:\/\/zonacuriosa.com.br\/es\/04c4e096-861d-4819-bc5a-2685c2e33ddc\/","title":{"rendered":"Balconista de A\u00e7ougue e Frios: oportunidade com benef\u00edcios e crescimento"},"content":{"rendered":"<div class=\"mx-5 sm:mx-0 prose text-left mb-5\">\n<\/p>\n<div style=\"background: #ffffff; border-radius: 12px; box-shadow: 0 10px 30px rgba(0, 0, 0, 0.1); width: 100%; max-width: 340px; padding: 25px; transition: transform 0.3s ease-in-out; overflow: visible; display: flex; flex-direction: column; position: relative; border: 1px solid #28a745; margin-top: 70px; margin-bottom: 50px; margin-left: auto; margin-right: auto;\">\n<div style=\"position: absolute; top: -35px; right: 15px; color: #28a745; padding: 5px 10px; border-radius: 6px; font-size: 14px; font-weight: bold; display: flex; align-items: center; z-index: 10;\">Recomendado para ti<\/div>\n<div data-namespace-header=\"\" style=\"\">\n<h3 data-namespace-title=\"\" style=\"color: #333; font-size: 20px; font-weight: bold; text-align: left; margin-right: 50px; min-height: 50px; margin-top: 0px;\">Balconista de A\u00e7ougue e Frios<\/h3>\n<\/p><\/div>\n<p data-namespace-prompt=\"\" style=\"font-size: 16px; color: #666; margin-bottom: 20px; line-height: 1.5; flex-grow: 1; text-align: left; margin-top: 0px;\">Sal\u00e1rio de R$1.720,00, contrata\u00e7\u00e3o CLT e benef\u00edcios como assist\u00eancia m\u00e9dica, odontol\u00f3gica e vale-alimenta\u00e7\u00e3o. N\u00e3o exige experi\u00eancia e oferece treinamento.<\/p>\n<p>    <a data-namespace-url=\"\" href=\"https:\/\/zonacuriosa.com.br\/es\/redirect\/?https:\/\/bebee.com\/br\/jobs\/balconista-de-acougue-e-frios-contagem-mg-confidential-contagem-mg--theirstack-647792595?utm_campaign=google_jobs_apply&#038;utm_source=google_jobs_apply&#038;utm_medium=organic\" style=\"width: 100%; display: inline-block; color: white; text-decoration: none; border-radius: 6px; font-size: 16px; font-weight: bold; text-align: center; transition: transform 0.3s ease, background 0.3s ease; margin-top: auto;\" data-namespace-id=\"5c0d2565-3ba9-4280-a382-ad2a691e2285\"><br \/>\n        <button style=\"width: 100%; height: 55px; background: #e9e9ed; border: 1px solid black; color: black;\">Solicitar el empleo<\/button><br \/>\n    <\/a><br \/>\n    <small style=\"margin-top: 10px; color: #777; font-size: 12px; text-align: center; display: block;\">Ser\u00e1s redirigido a otro sitio web.<\/small>\n<\/div>\n<p>Para quem busca uma oportunidade de ingresso ou desenvolvimento em supermercado, a vaga de Balconista de A\u00e7ougue e Frios vale ser considerada. O sal\u00e1rio anunciado \u00e9 de R$1.720,00 mensais, contrata\u00e7\u00e3o efetiva pelo regime CLT e benef\u00edcios atrativos como assist\u00eancia m\u00e9dica, odontol\u00f3gica, vale-alimenta\u00e7\u00e3o e vale-transporte. N\u00e3o \u00e9 exigida experi\u00eancia pr\u00e9via, por isso representa uma \u00f3tima chance para iniciantes que desejam uma carreira estabelecida no setor.<\/p>\n<h2>O que faz um balconista de a\u00e7ougue e frios?<\/h2>\n<p>O balconista atende clientes no balc\u00e3o, realiza o corte e preparo de carnes e frios, controla a organiza\u00e7\u00e3o do setor e cuida da reposi\u00e7\u00e3o de mercadorias.<\/p>\n<p>Al\u00e9m disso, mant\u00e9m a higiene do local e auxilia no processo de embalagem e pesagem dos produtos para venda.<\/p>\n<p>\u00c9 necess\u00e1rio boa comunica\u00e7\u00e3o, disposi\u00e7\u00e3o para aprender e vontade de crescer na empresa.<\/p>\n<p>O dia a dia exige aten\u00e7\u00e3o a detalhes e cordialidade no atendimento ao p\u00fablico.<\/p>\n<p>O treinamento oferecido facilita a adapta\u00e7\u00e3o de quem n\u00e3o tem experi\u00eancia pr\u00e9via na \u00e1rea.<\/p>\n<h2>Aspectos positivos de la oferta de trabajo<\/h2>\n<p>O treinamento concedido garante o desenvolvimento de habilidades desde o primeiro dia, sem exigir experi\u00eancias anteriores.<\/p>\n<p>Os benef\u00edcios oferecidos, como assist\u00eancia m\u00e9dica e odontol\u00f3gica, diferenciam esta oportunidade em rela\u00e7\u00e3o a outras do varejo.<\/p>\n<h2>Desaf\u00edos y puntos a considerar<\/h2>\n<p>Algumas tarefas podem ser repetitivas, e o trabalho em p\u00e9 durante v\u00e1rias horas pode ser cansativo para quem n\u00e3o est\u00e1 habituado.<\/p>\n<p>O ambiente exige agilidade e aten\u00e7\u00e3o constante, caracter\u00edsticas importantes para n\u00e3o cometer erros nas vendas ou cortes.<\/p>\n<h2>Veredicto final<\/h2>\n<p>Esta vaga \u00e9 ideal para quem est\u00e1 come\u00e7ando ou deseja estabilidade no emprego, contando com o respaldo de benef\u00edcios e potencial de crescimento.<\/p>\n<div style=\"background: #ffffff; border-radius: 12px; box-shadow: 0 10px 30px rgba(0, 0, 0, 0.1); width: 100%; max-width: 340px; padding: 25px; transition: transform 0.3s ease-in-out; overflow: visible; display: flex; flex-direction: column; position: relative; border: 1px solid #28a745; margin-top: 70px; margin-bottom: 50px; margin-left: auto; margin-right: auto;\">\n<div style=\"position: absolute; top: -35px; right: 15px; color: #28a745; padding: 5px 10px; border-radius: 6px; font-size: 14px; font-weight: bold; display: flex; align-items: center; z-index: 10;\">Recomendado para ti<\/div>\n<div data-namespace-header=\"\" style=\"\">\n<h3 data-namespace-title=\"\" style=\"color: #333; font-size: 20px; font-weight: bold; text-align: left; margin-right: 50px; min-height: 50px; margin-top: 0px;\">Balconista de A\u00e7ougue e Frios<\/h3>\n<\/p><\/div>\n<p data-namespace-prompt=\"\" style=\"font-size: 16px; color: #666; margin-bottom: 20px; line-height: 1.5; flex-grow: 1; text-align: left; margin-top: 0px;\">Sal\u00e1rio de R$1.720,00, contrata\u00e7\u00e3o CLT e benef\u00edcios como assist\u00eancia m\u00e9dica, odontol\u00f3gica e vale-alimenta\u00e7\u00e3o. N\u00e3o exige experi\u00eancia e oferece treinamento.<\/p>\n<p>    <a data-namespace-url=\"\" href=\"https:\/\/zonacuriosa.com.br\/es\/redirect\/?https:\/\/bebee.com\/br\/jobs\/balconista-de-acougue-e-frios-contagem-mg-confidential-contagem-mg--theirstack-647792595?utm_campaign=google_jobs_apply&#038;utm_source=google_jobs_apply&#038;utm_medium=organic\" style=\"width: 100%; display: inline-block; color: white; text-decoration: none; border-radius: 6px; font-size: 16px; font-weight: bold; text-align: center; transition: transform 0.3s ease, background 0.3s ease; margin-top: auto;\" data-namespace-id=\"5c0d2565-3ba9-4280-a382-ad2a691e2285\"><br \/>\n        <button style=\"width: 100%; height: 55px; background: #e9e9ed; border: 1px solid black; color: black;\">Solicitar el empleo<\/button><br \/>\n    <\/a><br \/>\n    <small style=\"margin-top: 10px; color: #777; font-size: 12px; text-align: center; display: block;\">Ser\u00e1s redirigido a otro sitio web.<\/small>\n<\/div>\n<\/div>","protected":false},"excerpt":{"rendered":"<p>Descubra os detalhes da vaga de Balconista de A\u00e7ougue e Frios com sal\u00e1rio atrativo, benef\u00edcios, contrata\u00e7\u00e3o CLT e treinamento inicial. Veja se essa oportunidade \u00e9 o que voc\u00ea busca.<\/p>","protected":false},"author":113,"featured_media":0,"comment_status":"open","ping_status":"open","sticky":false,"template":"","format":"standard","meta":{"footnotes":""},"categories":[11],"tags":[],"yoast_head":"<!-- This site is optimized with the Yoast SEO plugin v23.3 - https:\/\/yoast.com\/wordpress\/plugins\/seo\/ -->\n<title>Balconista de A\u00e7ougue e Frios: oportunidade com benef\u00edcios e crescimento - Zona Curiosa<\/title>\n<meta name=\"robots\" content=\"index, follow, max-snippet:-1, max-image-preview:large, max-video-preview:-1\" \/>\n<link rel=\"canonical\" href=\"https:\/\/zonacuriosa.com.br\/es\/04c4e096-861d-4819-bc5a-2685c2e33ddc\/\" \/>\n<meta property=\"og:locale\" content=\"es_MX\" \/>\n<meta property=\"og:type\" content=\"article\" \/>\n<meta property=\"og:title\" content=\"Balconista de A\u00e7ougue e Frios: oportunidade com benef\u00edcios e crescimento - Zona Curiosa\" \/>\n<meta property=\"og:description\" content=\"Descubra os detalhes da vaga de Balconista de A\u00e7ougue e Frios com sal\u00e1rio atrativo, benef\u00edcios, contrata\u00e7\u00e3o CLT e treinamento inicial. Veja se essa oportunidade \u00e9 o que voc\u00ea busca.\" \/>\n<meta property=\"og:url\" content=\"https:\/\/zonacuriosa.com.br\/es\/04c4e096-861d-4819-bc5a-2685c2e33ddc\/\" \/>\n<meta property=\"og:site_name\" content=\"Zona Curiosa\" \/>\n<meta property=\"article:published_time\" content=\"2026-04-09T13:04:00+00:00\" \/>\n<meta property=\"article:modified_time\" content=\"2026-04-09T13:04:12+00:00\" \/>\n<meta name=\"author\" content=\"ederaugusttomuller\" \/>\n<meta name=\"twitter:card\" content=\"summary_large_image\" \/>\n<meta name=\"twitter:label1\" content=\"Written by\" \/>\n\t<meta name=\"twitter:data1\" content=\"ederaugusttomuller\" \/>\n\t<meta name=\"twitter:label2\" content=\"Est. reading time\" \/>\n\t<meta name=\"twitter:data2\" content=\"2 minutos\" \/>\n<script type=\"application\/ld+json\" class=\"yoast-schema-graph\">{\"@context\":\"https:\/\/schema.org\",\"@graph\":[{\"@type\":\"WebPage\",\"@id\":\"https:\/\/zonacuriosa.com.br\/04c4e096-861d-4819-bc5a-2685c2e33ddc\/\",\"url\":\"https:\/\/zonacuriosa.com.br\/04c4e096-861d-4819-bc5a-2685c2e33ddc\/\",\"name\":\"Balconista de A\u00e7ougue e Frios: oportunidade com benef\u00edcios e crescimento - Zona Curiosa\",\"isPartOf\":{\"@id\":\"https:\/\/zonacuriosa.com.br\/#website\"},\"datePublished\":\"2026-04-09T13:04:00+00:00\",\"dateModified\":\"2026-04-09T13:04:12+00:00\",\"author\":{\"@id\":\"https:\/\/zonacuriosa.com.br\/#\/schema\/person\/890d2e5780ff9ae3803551e7f1d7a46d\"},\"breadcrumb\":{\"@id\":\"https:\/\/zonacuriosa.com.br\/04c4e096-861d-4819-bc5a-2685c2e33ddc\/#breadcrumb\"},\"inLanguage\":\"es-MX\",\"potentialAction\":[{\"@type\":\"ReadAction\",\"target\":[\"https:\/\/zonacuriosa.com.br\/04c4e096-861d-4819-bc5a-2685c2e33ddc\/\"]}]},{\"@type\":\"BreadcrumbList\",\"@id\":\"https:\/\/zonacuriosa.com.br\/04c4e096-861d-4819-bc5a-2685c2e33ddc\/#breadcrumb\",\"itemListElement\":[{\"@type\":\"ListItem\",\"position\":1,\"name\":\"Home\",\"item\":\"https:\/\/zonacuriosa.com.br\/\"},{\"@type\":\"ListItem\",\"position\":2,\"name\":\"Balconista de A\u00e7ougue e Frios: oportunidade com benef\u00edcios e crescimento\"}]},{\"@type\":\"WebSite\",\"@id\":\"https:\/\/zonacuriosa.com.br\/#website\",\"url\":\"https:\/\/zonacuriosa.com.br\/\",\"name\":\"Zona Curiosa\",\"description\":\"\",\"potentialAction\":[{\"@type\":\"SearchAction\",\"target\":{\"@type\":\"EntryPoint\",\"urlTemplate\":\"https:\/\/zonacuriosa.com.br\/?s={search_term_string}\"},\"query-input\":\"required name=search_term_string\"}],\"inLanguage\":\"es-MX\"},{\"@type\":\"Person\",\"@id\":\"https:\/\/zonacuriosa.com.br\/#\/schema\/person\/890d2e5780ff9ae3803551e7f1d7a46d\",\"name\":\"ederaugusttomuller\",\"image\":{\"@type\":\"ImageObject\",\"inLanguage\":\"es-MX\",\"@id\":\"https:\/\/zonacuriosa.com.br\/#\/schema\/person\/image\/\",\"url\":\"https:\/\/secure.gravatar.com\/avatar\/96357ca64e7ff2bf802e5dba125702c6?s=96&d=mm&r=g\",\"contentUrl\":\"https:\/\/secure.gravatar.com\/avatar\/96357ca64e7ff2bf802e5dba125702c6?s=96&d=mm&r=g\",\"caption\":\"ederaugusttomuller\"},\"url\":\"https:\/\/zonacuriosa.com.br\/es\/author\/ederaugusttomuller\/\"}]}<\/script>\n<!-- \/ Yoast SEO plugin. -->","yoast_head_json":{"title":"Balconista de A\u00e7ougue e Frios: oportunidade com benef\u00edcios e crescimento - Zona Curiosa","robots":{"index":"index","follow":"follow","max-snippet":"max-snippet:-1","max-image-preview":"max-image-preview:large","max-video-preview":"max-video-preview:-1"},"canonical":"https:\/\/zonacuriosa.com.br\/es\/04c4e096-861d-4819-bc5a-2685c2e33ddc\/","og_locale":"es_MX","og_type":"article","og_title":"Balconista de A\u00e7ougue e Frios: oportunidade com benef\u00edcios e crescimento - Zona Curiosa","og_description":"Descubra os detalhes da vaga de Balconista de A\u00e7ougue e Frios com sal\u00e1rio atrativo, benef\u00edcios, contrata\u00e7\u00e3o CLT e treinamento inicial. Veja se essa oportunidade \u00e9 o que voc\u00ea busca.","og_url":"https:\/\/zonacuriosa.com.br\/es\/04c4e096-861d-4819-bc5a-2685c2e33ddc\/","og_site_name":"Zona Curiosa","article_published_time":"2026-04-09T13:04:00+00:00","article_modified_time":"2026-04-09T13:04:12+00:00","author":"ederaugusttomuller","twitter_card":"summary_large_image","twitter_misc":{"Written by":"ederaugusttomuller","Est. reading time":"2 minutos"},"schema":{"@context":"https:\/\/schema.org","@graph":[{"@type":"WebPage","@id":"https:\/\/zonacuriosa.com.br\/04c4e096-861d-4819-bc5a-2685c2e33ddc\/","url":"https:\/\/zonacuriosa.com.br\/04c4e096-861d-4819-bc5a-2685c2e33ddc\/","name":"Balconista de A\u00e7ougue e Frios: oportunidade com benef\u00edcios e crescimento - Zona Curiosa","isPartOf":{"@id":"https:\/\/zonacuriosa.com.br\/#website"},"datePublished":"2026-04-09T13:04:00+00:00","dateModified":"2026-04-09T13:04:12+00:00","author":{"@id":"https:\/\/zonacuriosa.com.br\/#\/schema\/person\/890d2e5780ff9ae3803551e7f1d7a46d"},"breadcrumb":{"@id":"https:\/\/zonacuriosa.com.br\/04c4e096-861d-4819-bc5a-2685c2e33ddc\/#breadcrumb"},"inLanguage":"es-MX","potentialAction":[{"@type":"ReadAction","target":["https:\/\/zonacuriosa.com.br\/04c4e096-861d-4819-bc5a-2685c2e33ddc\/"]}]},{"@type":"BreadcrumbList","@id":"https:\/\/zonacuriosa.com.br\/04c4e096-861d-4819-bc5a-2685c2e33ddc\/#breadcrumb","itemListElement":[{"@type":"ListItem","position":1,"name":"Home","item":"https:\/\/zonacuriosa.com.br\/"},{"@type":"ListItem","position":2,"name":"Balconista de A\u00e7ougue e Frios: oportunidade com benef\u00edcios e crescimento"}]},{"@type":"WebSite","@id":"https:\/\/zonacuriosa.com.br\/#website","url":"https:\/\/zonacuriosa.com.br\/","name":"Zona Curiosa","description":"","potentialAction":[{"@type":"SearchAction","target":{"@type":"EntryPoint","urlTemplate":"https:\/\/zonacuriosa.com.br\/?s={search_term_string}"},"query-input":"required name=search_term_string"}],"inLanguage":"es-MX"},{"@type":"Person","@id":"https:\/\/zonacuriosa.com.br\/#\/schema\/person\/890d2e5780ff9ae3803551e7f1d7a46d","name":"ederaugusttomuller","image":{"@type":"ImageObject","inLanguage":"es-MX","@id":"https:\/\/zonacuriosa.com.br\/#\/schema\/person\/image\/","url":"https:\/\/secure.gravatar.com\/avatar\/96357ca64e7ff2bf802e5dba125702c6?s=96&d=mm&r=g","contentUrl":"https:\/\/secure.gravatar.com\/avatar\/96357ca64e7ff2bf802e5dba125702c6?s=96&d=mm&r=g","caption":"ederaugusttomuller"},"url":"https:\/\/zonacuriosa.com.br\/es\/author\/ederaugusttomuller\/"}]}},"_links":{"self":[{"href":"https:\/\/zonacuriosa.com.br\/es\/wp-json\/wp\/v2\/posts\/103115"}],"collection":[{"href":"https:\/\/zonacuriosa.com.br\/es\/wp-json\/wp\/v2\/posts"}],"about":[{"href":"https:\/\/zonacuriosa.com.br\/es\/wp-json\/wp\/v2\/types\/post"}],"author":[{"embeddable":true,"href":"https:\/\/zonacuriosa.com.br\/es\/wp-json\/wp\/v2\/users\/113"}],"replies":[{"embeddable":true,"href":"https:\/\/zonacuriosa.com.br\/es\/wp-json\/wp\/v2\/comments?post=103115"}],"version-history":[{"count":1,"href":"https:\/\/zonacuriosa.com.br\/es\/wp-json\/wp\/v2\/posts\/103115\/revisions"}],"predecessor-version":[{"id":103123,"href":"https:\/\/zonacuriosa.com.br\/es\/wp-json\/wp\/v2\/posts\/103115\/revisions\/103123"}],"wp:attachment":[{"href":"https:\/\/zonacuriosa.com.br\/es\/wp-json\/wp\/v2\/media?parent=103115"}],"wp:term":[{"taxonomy":"category","embeddable":true,"href":"https:\/\/zonacuriosa.com.br\/es\/wp-json\/wp\/v2\/categories?post=103115"},{"taxonomy":"post_tag","embeddable":true,"href":"https:\/\/zonacuriosa.com.br\/es\/wp-json\/wp\/v2\/tags?post=103115"}],"curies":[{"name":"wp","href":"https:\/\/api.w.org\/{rel}","templated":true}]}}