{"id":102838,"date":"2026-04-08T12:08:00","date_gmt":"2026-04-08T12:08:00","guid":{"rendered":"https:\/\/zonacuriosa.com.br\/42adbe55-92ec-416e-b2a5-4228535cba61\/"},"modified":"2026-04-08T12:08:51","modified_gmt":"2026-04-08T12:08:51","slug":"42adbe55-92ec-416e-b2a5-4228535cba61","status":"publish","type":"post","link":"https:\/\/zonacuriosa.com.br\/es\/42adbe55-92ec-416e-b2a5-4228535cba61\/","title":{"rendered":"Pessoa Coordenadora de Produto \u2013 Destaques da Vaga Globo, Modelo H\u00edbrido e Inclus\u00e3o"},"content":{"rendered":"<div class=\"mx-5 sm:mx-0 prose text-left mb-5\">\n<\/p>\n<div style=\"background: #ffffff; border-radius: 12px; box-shadow: 0 10px 30px rgba(0, 0, 0, 0.1); width: 100%; max-width: 340px; padding: 25px; transition: transform 0.3s ease-in-out; overflow: visible; display: flex; flex-direction: column; position: relative; border: 1px solid #28a745; margin-top: 70px; margin-bottom: 50px; margin-left: auto; margin-right: auto;\">\n<div style=\"position: absolute; top: -35px; right: 15px; color: #28a745; padding: 5px 10px; border-radius: 6px; font-size: 14px; font-weight: bold; display: flex; align-items: center; z-index: 10;\">Recomendado para ti<\/div>\n<div data-namespace-header=\"\" style=\"\">\n<h3 data-namespace-title=\"\" style=\"color: #333; font-size: 20px; font-weight: bold; text-align: left; margin-right: 50px; min-height: 50px; margin-top: 0px;\">Pessoa Coordenadora de Produto<\/h3>\n<\/p><\/div>\n<p data-namespace-prompt=\"\" style=\"font-size: 16px; color: #666; margin-bottom: 20px; line-height: 1.5; flex-grow: 1; text-align: left; margin-top: 0px;\">Sua chance de liderar produtos digitais na Globo, com m\u00e9todo h\u00edbrido, desafios em inova\u00e7\u00e3o e oportunidades de crescimento. Inclus\u00e3o e diversidade presentes.<\/p>\n<p>    <a data-namespace-url=\"\" href=\"https:\/\/zonacuriosa.com.br\/es\/redirect\/?https:\/\/globo.gupy.io\/jobs\/11099931?jobBoardSource=gupy_public_page&#038;utm_campaign=google_jobs_apply&#038;utm_source=google_jobs_apply&#038;utm_medium=organic\" style=\"width: 100%; display: inline-block; color: white; text-decoration: none; border-radius: 6px; font-size: 16px; font-weight: bold; text-align: center; transition: transform 0.3s ease, background 0.3s ease; margin-top: auto;\" data-namespace-id=\"5c0d2565-3ba9-4280-a382-ad2a691e2285\"><br \/>\n        <button style=\"width: 100%; height: 55px; background: #e9e9ed; border: 1px solid black; color: black;\">Solicitar el empleo<\/button><br \/>\n    <\/a><br \/>\n    <small style=\"margin-top: 10px; color: #777; font-size: 12px; text-align: center; display: block;\">Ser\u00e1s redirigido a otro sitio web.<\/small>\n<\/div>\n<p>Se voc\u00ea est\u00e1 buscando uma posi\u00e7\u00e3o de destaque em produtos digitais, vale considerar a vaga de Pessoa Coordenadora de Produto oferecida pela Globo. Trata-se de uma posi\u00e7\u00e3o efetiva no modelo h\u00edbrido, aberta para pessoas com defici\u00eancia e focada em inova\u00e7\u00e3o. O sal\u00e1rio ainda n\u00e3o \u00e9 divulgado publicamente, mas destaca-se pelas oportunidades de crescimento e desenvolvimento profissional em uma das maiores empresas de m\u00eddia do pa\u00eds.<\/p>\n<h2>Principales responsabilidades diarias<\/h2>\n<p>O papel exige lideran\u00e7a na estrat\u00e9gia da nova plataforma de v\u00eddeos verticais, baseada em decis\u00f5es orientadas a dados e intenso relacionamento com \u00e1reas especialistas.<\/p>\n<p>O profissional vai buscar equilibrar crescimento de audi\u00eancia, experi\u00eancia do usu\u00e1rio, monetiza\u00e7\u00e3o e otimiza\u00e7\u00e3o de custos. A atua\u00e7\u00e3o permeia multiprodutos, influenciando equipes diversas.<\/p>\n<p>H\u00e1 forte expectativa de clareza estrat\u00e9gica, acompanhamento de indicadores, defini\u00e7\u00e3o de backlog e integra\u00e7\u00e3o com as \u00e1reas de marca, tecnologia e comercial.<\/p>\n<p>Voc\u00ea tamb\u00e9m ir\u00e1 monitorar tend\u00eancias de mercado, analisar concorrentes e benchmarks e liderar diretamente os times de produto dedicados.<\/p>\n<p>Por fim, h\u00e1 alto foco em parcerias estrat\u00e9gicas e proposi\u00e7\u00e3o de respostas inovadoras para desafios cotidianos, mantendo os produtos relevantes no mercado digital de entretenimento.<\/p>\n<h2>Puntos positivos<\/h2>\n<p>O destaque vai para o ambiente diverso, inclusivo e inovador da Globo, que incentiva a criatividade, o aprendizado cont\u00ednuo e a valoriza\u00e7\u00e3o das pessoas.<\/p>\n<p>Existe ampla abertura para crescimento de carreira e a possibilidade de trabalhar com grandes desafios tecnol\u00f3gicos, ao lado de profissionais renomados.<\/p>\n<h2>Puntos negativos<\/h2>\n<p>Por outro lado, a exig\u00eancia de experi\u00eancia pr\u00e9via em produtos digitais pode limitar quem est\u00e1 em transi\u00e7\u00e3o de carreira.<\/p>\n<p>O alto volume de cobran\u00e7as e necessidade de alinhamento com diferentes stakeholders tamb\u00e9m pode gerar press\u00e3o acima da m\u00e9dia.<\/p>\n<h2>Veredicto<\/h2>\n<p>Esta vaga \u00e9 excelente para quem j\u00e1 atua com produtos digitais e busca novos desafios com prop\u00f3sito, relev\u00e2ncia e oportunidade real de crescimento. Ao mesmo tempo, pede perfil anal\u00edtico, comprometido e multifuncional, ideal para quem deseja se destacar no mercado digital de entretenimento.<\/p>\n<div style=\"background: #ffffff; border-radius: 12px; box-shadow: 0 10px 30px rgba(0, 0, 0, 0.1); width: 100%; max-width: 340px; padding: 25px; transition: transform 0.3s ease-in-out; overflow: visible; display: flex; flex-direction: column; position: relative; border: 1px solid #28a745; margin-top: 70px; margin-bottom: 50px; margin-left: auto; margin-right: auto;\">\n<div style=\"position: absolute; top: -35px; right: 15px; color: #28a745; padding: 5px 10px; border-radius: 6px; font-size: 14px; font-weight: bold; display: flex; align-items: center; z-index: 10;\">Recomendado para ti<\/div>\n<div data-namespace-header=\"\" style=\"\">\n<h3 data-namespace-title=\"\" style=\"color: #333; font-size: 20px; font-weight: bold; text-align: left; margin-right: 50px; min-height: 50px; margin-top: 0px;\">Pessoa Coordenadora de Produto<\/h3>\n<\/p><\/div>\n<p data-namespace-prompt=\"\" style=\"font-size: 16px; color: #666; margin-bottom: 20px; line-height: 1.5; flex-grow: 1; text-align: left; margin-top: 0px;\">Sua chance de liderar produtos digitais na Globo, com m\u00e9todo h\u00edbrido, desafios em inova\u00e7\u00e3o e oportunidades de crescimento. Inclus\u00e3o e diversidade presentes.<\/p>\n<p>    <a data-namespace-url=\"\" href=\"https:\/\/zonacuriosa.com.br\/es\/redirect\/?https:\/\/globo.gupy.io\/jobs\/11099931?jobBoardSource=gupy_public_page&#038;utm_campaign=google_jobs_apply&#038;utm_source=google_jobs_apply&#038;utm_medium=organic\" style=\"width: 100%; display: inline-block; color: white; text-decoration: none; border-radius: 6px; font-size: 16px; font-weight: bold; text-align: center; transition: transform 0.3s ease, background 0.3s ease; margin-top: auto;\" data-namespace-id=\"5c0d2565-3ba9-4280-a382-ad2a691e2285\"><br \/>\n        <button style=\"width: 100%; height: 55px; background: #e9e9ed; border: 1px solid black; color: black;\">Solicitar el empleo<\/button><br \/>\n    <\/a><br \/>\n    <small style=\"margin-top: 10px; color: #777; font-size: 12px; text-align: center; display: block;\">Ser\u00e1s redirigido a otro sitio web.<\/small>\n<\/div>\n<\/div>","protected":false},"excerpt":{"rendered":"<p>Confira nossa an\u00e1lise independente da vaga Pessoa Coordenadora de Produto na Globo! Descubra pr\u00f3s, contras, desafios e saiba se \u00e9 a oportunidade ideal para seu perfil. Leia agora.<\/p>","protected":false},"author":113,"featured_media":0,"comment_status":"open","ping_status":"open","sticky":false,"template":"","format":"standard","meta":{"footnotes":""},"categories":[11],"tags":[],"yoast_head":"<!-- This site is optimized with the Yoast SEO plugin v23.3 - https:\/\/yoast.com\/wordpress\/plugins\/seo\/ -->\n<title>Pessoa Coordenadora de Produto \u2013 Destaques da Vaga Globo, Modelo H\u00edbrido e Inclus\u00e3o - Zona Curiosa<\/title>\n<meta name=\"robots\" content=\"index, follow, max-snippet:-1, max-image-preview:large, max-video-preview:-1\" \/>\n<link rel=\"canonical\" href=\"https:\/\/zonacuriosa.com.br\/es\/42adbe55-92ec-416e-b2a5-4228535cba61\/\" \/>\n<meta property=\"og:locale\" content=\"es_MX\" \/>\n<meta property=\"og:type\" content=\"article\" \/>\n<meta property=\"og:title\" content=\"Pessoa Coordenadora de Produto \u2013 Destaques da Vaga Globo, Modelo H\u00edbrido e Inclus\u00e3o - Zona Curiosa\" \/>\n<meta property=\"og:description\" content=\"Confira nossa an\u00e1lise independente da vaga Pessoa Coordenadora de Produto na Globo! Descubra pr\u00f3s, contras, desafios e saiba se \u00e9 a oportunidade ideal para seu perfil. Leia agora.\" \/>\n<meta property=\"og:url\" content=\"https:\/\/zonacuriosa.com.br\/es\/42adbe55-92ec-416e-b2a5-4228535cba61\/\" \/>\n<meta property=\"og:site_name\" content=\"Zona Curiosa\" \/>\n<meta property=\"article:published_time\" content=\"2026-04-08T12:08:00+00:00\" \/>\n<meta property=\"article:modified_time\" content=\"2026-04-08T12:08:51+00:00\" \/>\n<meta name=\"author\" content=\"ederaugusttomuller\" \/>\n<meta name=\"twitter:card\" content=\"summary_large_image\" \/>\n<meta name=\"twitter:label1\" content=\"Written by\" \/>\n\t<meta name=\"twitter:data1\" content=\"ederaugusttomuller\" \/>\n\t<meta name=\"twitter:label2\" content=\"Est. reading time\" \/>\n\t<meta name=\"twitter:data2\" content=\"2 minutos\" \/>\n<script type=\"application\/ld+json\" class=\"yoast-schema-graph\">{\"@context\":\"https:\/\/schema.org\",\"@graph\":[{\"@type\":\"WebPage\",\"@id\":\"https:\/\/zonacuriosa.com.br\/42adbe55-92ec-416e-b2a5-4228535cba61\/\",\"url\":\"https:\/\/zonacuriosa.com.br\/42adbe55-92ec-416e-b2a5-4228535cba61\/\",\"name\":\"Pessoa Coordenadora de Produto \u2013 Destaques da Vaga Globo, Modelo H\u00edbrido e Inclus\u00e3o - Zona Curiosa\",\"isPartOf\":{\"@id\":\"https:\/\/zonacuriosa.com.br\/#website\"},\"datePublished\":\"2026-04-08T12:08:00+00:00\",\"dateModified\":\"2026-04-08T12:08:51+00:00\",\"author\":{\"@id\":\"https:\/\/zonacuriosa.com.br\/#\/schema\/person\/890d2e5780ff9ae3803551e7f1d7a46d\"},\"breadcrumb\":{\"@id\":\"https:\/\/zonacuriosa.com.br\/42adbe55-92ec-416e-b2a5-4228535cba61\/#breadcrumb\"},\"inLanguage\":\"es-MX\",\"potentialAction\":[{\"@type\":\"ReadAction\",\"target\":[\"https:\/\/zonacuriosa.com.br\/42adbe55-92ec-416e-b2a5-4228535cba61\/\"]}]},{\"@type\":\"BreadcrumbList\",\"@id\":\"https:\/\/zonacuriosa.com.br\/42adbe55-92ec-416e-b2a5-4228535cba61\/#breadcrumb\",\"itemListElement\":[{\"@type\":\"ListItem\",\"position\":1,\"name\":\"Home\",\"item\":\"https:\/\/zonacuriosa.com.br\/\"},{\"@type\":\"ListItem\",\"position\":2,\"name\":\"Pessoa Coordenadora de Produto \u2013 Destaques da Vaga Globo, Modelo H\u00edbrido e Inclus\u00e3o\"}]},{\"@type\":\"WebSite\",\"@id\":\"https:\/\/zonacuriosa.com.br\/#website\",\"url\":\"https:\/\/zonacuriosa.com.br\/\",\"name\":\"Zona Curiosa\",\"description\":\"\",\"potentialAction\":[{\"@type\":\"SearchAction\",\"target\":{\"@type\":\"EntryPoint\",\"urlTemplate\":\"https:\/\/zonacuriosa.com.br\/?s={search_term_string}\"},\"query-input\":\"required name=search_term_string\"}],\"inLanguage\":\"es-MX\"},{\"@type\":\"Person\",\"@id\":\"https:\/\/zonacuriosa.com.br\/#\/schema\/person\/890d2e5780ff9ae3803551e7f1d7a46d\",\"name\":\"ederaugusttomuller\",\"image\":{\"@type\":\"ImageObject\",\"inLanguage\":\"es-MX\",\"@id\":\"https:\/\/zonacuriosa.com.br\/#\/schema\/person\/image\/\",\"url\":\"https:\/\/secure.gravatar.com\/avatar\/96357ca64e7ff2bf802e5dba125702c6?s=96&d=mm&r=g\",\"contentUrl\":\"https:\/\/secure.gravatar.com\/avatar\/96357ca64e7ff2bf802e5dba125702c6?s=96&d=mm&r=g\",\"caption\":\"ederaugusttomuller\"},\"url\":\"https:\/\/zonacuriosa.com.br\/es\/author\/ederaugusttomuller\/\"}]}<\/script>\n<!-- \/ Yoast SEO plugin. -->","yoast_head_json":{"title":"Pessoa Coordenadora de Produto \u2013 Destaques da Vaga Globo, Modelo H\u00edbrido e Inclus\u00e3o - Zona Curiosa","robots":{"index":"index","follow":"follow","max-snippet":"max-snippet:-1","max-image-preview":"max-image-preview:large","max-video-preview":"max-video-preview:-1"},"canonical":"https:\/\/zonacuriosa.com.br\/es\/42adbe55-92ec-416e-b2a5-4228535cba61\/","og_locale":"es_MX","og_type":"article","og_title":"Pessoa Coordenadora de Produto \u2013 Destaques da Vaga Globo, Modelo H\u00edbrido e Inclus\u00e3o - Zona Curiosa","og_description":"Confira nossa an\u00e1lise independente da vaga Pessoa Coordenadora de Produto na Globo! Descubra pr\u00f3s, contras, desafios e saiba se \u00e9 a oportunidade ideal para seu perfil. Leia agora.","og_url":"https:\/\/zonacuriosa.com.br\/es\/42adbe55-92ec-416e-b2a5-4228535cba61\/","og_site_name":"Zona Curiosa","article_published_time":"2026-04-08T12:08:00+00:00","article_modified_time":"2026-04-08T12:08:51+00:00","author":"ederaugusttomuller","twitter_card":"summary_large_image","twitter_misc":{"Written by":"ederaugusttomuller","Est. reading time":"2 minutos"},"schema":{"@context":"https:\/\/schema.org","@graph":[{"@type":"WebPage","@id":"https:\/\/zonacuriosa.com.br\/42adbe55-92ec-416e-b2a5-4228535cba61\/","url":"https:\/\/zonacuriosa.com.br\/42adbe55-92ec-416e-b2a5-4228535cba61\/","name":"Pessoa Coordenadora de Produto \u2013 Destaques da Vaga Globo, Modelo H\u00edbrido e Inclus\u00e3o - Zona Curiosa","isPartOf":{"@id":"https:\/\/zonacuriosa.com.br\/#website"},"datePublished":"2026-04-08T12:08:00+00:00","dateModified":"2026-04-08T12:08:51+00:00","author":{"@id":"https:\/\/zonacuriosa.com.br\/#\/schema\/person\/890d2e5780ff9ae3803551e7f1d7a46d"},"breadcrumb":{"@id":"https:\/\/zonacuriosa.com.br\/42adbe55-92ec-416e-b2a5-4228535cba61\/#breadcrumb"},"inLanguage":"es-MX","potentialAction":[{"@type":"ReadAction","target":["https:\/\/zonacuriosa.com.br\/42adbe55-92ec-416e-b2a5-4228535cba61\/"]}]},{"@type":"BreadcrumbList","@id":"https:\/\/zonacuriosa.com.br\/42adbe55-92ec-416e-b2a5-4228535cba61\/#breadcrumb","itemListElement":[{"@type":"ListItem","position":1,"name":"Home","item":"https:\/\/zonacuriosa.com.br\/"},{"@type":"ListItem","position":2,"name":"Pessoa Coordenadora de Produto \u2013 Destaques da Vaga Globo, Modelo H\u00edbrido e Inclus\u00e3o"}]},{"@type":"WebSite","@id":"https:\/\/zonacuriosa.com.br\/#website","url":"https:\/\/zonacuriosa.com.br\/","name":"Zona Curiosa","description":"","potentialAction":[{"@type":"SearchAction","target":{"@type":"EntryPoint","urlTemplate":"https:\/\/zonacuriosa.com.br\/?s={search_term_string}"},"query-input":"required name=search_term_string"}],"inLanguage":"es-MX"},{"@type":"Person","@id":"https:\/\/zonacuriosa.com.br\/#\/schema\/person\/890d2e5780ff9ae3803551e7f1d7a46d","name":"ederaugusttomuller","image":{"@type":"ImageObject","inLanguage":"es-MX","@id":"https:\/\/zonacuriosa.com.br\/#\/schema\/person\/image\/","url":"https:\/\/secure.gravatar.com\/avatar\/96357ca64e7ff2bf802e5dba125702c6?s=96&d=mm&r=g","contentUrl":"https:\/\/secure.gravatar.com\/avatar\/96357ca64e7ff2bf802e5dba125702c6?s=96&d=mm&r=g","caption":"ederaugusttomuller"},"url":"https:\/\/zonacuriosa.com.br\/es\/author\/ederaugusttomuller\/"}]}},"_links":{"self":[{"href":"https:\/\/zonacuriosa.com.br\/es\/wp-json\/wp\/v2\/posts\/102838"}],"collection":[{"href":"https:\/\/zonacuriosa.com.br\/es\/wp-json\/wp\/v2\/posts"}],"about":[{"href":"https:\/\/zonacuriosa.com.br\/es\/wp-json\/wp\/v2\/types\/post"}],"author":[{"embeddable":true,"href":"https:\/\/zonacuriosa.com.br\/es\/wp-json\/wp\/v2\/users\/113"}],"replies":[{"embeddable":true,"href":"https:\/\/zonacuriosa.com.br\/es\/wp-json\/wp\/v2\/comments?post=102838"}],"version-history":[{"count":1,"href":"https:\/\/zonacuriosa.com.br\/es\/wp-json\/wp\/v2\/posts\/102838\/revisions"}],"predecessor-version":[{"id":102847,"href":"https:\/\/zonacuriosa.com.br\/es\/wp-json\/wp\/v2\/posts\/102838\/revisions\/102847"}],"wp:attachment":[{"href":"https:\/\/zonacuriosa.com.br\/es\/wp-json\/wp\/v2\/media?parent=102838"}],"wp:term":[{"taxonomy":"category","embeddable":true,"href":"https:\/\/zonacuriosa.com.br\/es\/wp-json\/wp\/v2\/categories?post=102838"},{"taxonomy":"post_tag","embeddable":true,"href":"https:\/\/zonacuriosa.com.br\/es\/wp-json\/wp\/v2\/tags?post=102838"}],"curies":[{"name":"wp","href":"https:\/\/api.w.org\/{rel}","templated":true}]}}