{"id":102646,"date":"2026-04-07T16:27:00","date_gmt":"2026-04-07T16:27:00","guid":{"rendered":"https:\/\/zonacuriosa.com.br\/843600c3-cf78-4e54-8976-db7d9cd406cc\/"},"modified":"2026-04-07T16:27:27","modified_gmt":"2026-04-07T16:27:27","slug":"843600c3-cf78-4e54-8976-db7d9cd406cc","status":"publish","type":"post","link":"https:\/\/zonacuriosa.com.br\/es\/843600c3-cf78-4e54-8976-db7d9cd406cc\/","title":{"rendered":"Assistente de Departamento Pessoal: benef\u00edcios diferenciados e crescimento"},"content":{"rendered":"<div class=\"mx-5 sm:mx-0 prose text-left mb-5\">\n<\/p>\n<div style=\"background: #ffffff; border-radius: 12px; box-shadow: 0 10px 30px rgba(0, 0, 0, 0.1); width: 100%; max-width: 340px; padding: 25px; transition: transform 0.3s ease-in-out; overflow: visible; display: flex; flex-direction: column; position: relative; border: 1px solid #28a745; margin-top: 70px; margin-bottom: 50px; margin-left: auto; margin-right: auto;\">\n<div style=\"position: absolute; top: -35px; right: 15px; color: #28a745; padding: 5px 10px; border-radius: 6px; font-size: 14px; font-weight: bold; display: flex; align-items: center; z-index: 10;\">Recomendado para ti<\/div>\n<div data-namespace-header=\"\" style=\"\">\n<h3 data-namespace-title=\"\" style=\"color: #333; font-size: 20px; font-weight: bold; text-align: left; margin-right: 50px; min-height: 50px; margin-top: 0px;\">Assistente de Departamento Pessoal<\/h3>\n<\/p><\/div>\n<p data-namespace-prompt=\"\" style=\"font-size: 16px; color: #666; margin-bottom: 20px; line-height: 1.5; flex-grow: 1; text-align: left; margin-top: 0px;\">Vaga CLT com benef\u00edcios, rotina din\u00e2mica, aux\u00edlio plano de sa\u00fade, vale alimenta\u00e7\u00e3o, crescimento profissional e ambiente acolhedor. Experi\u00eancia valorizada!<\/p>\n<p>    <a data-namespace-url=\"\" href=\"https:\/\/zonacuriosa.com.br\/es\/redirect\/?https:\/\/www.catho.com.br\/vagas\/assistente-de-departamento-pessoal-recursos-humanos\/35017110\/?utm_campaign=google_jobs_apply&#038;utm_source=google_jobs_apply&#038;utm_medium=organic\" style=\"width: 100%; display: inline-block; color: white; text-decoration: none; border-radius: 6px; font-size: 16px; font-weight: bold; text-align: center; transition: transform 0.3s ease, background 0.3s ease; margin-top: auto;\" data-namespace-id=\"5c0d2565-3ba9-4280-a382-ad2a691e2285\"><br \/>\n        <button style=\"width: 100%; height: 55px; background: #e9e9ed; border: 1px solid black; color: black;\">Solicitar el empleo<\/button><br \/>\n    <\/a><br \/>\n    <small style=\"margin-top: 10px; color: #777; font-size: 12px; text-align: center; display: block;\">Ser\u00e1s redirigido a otro sitio web.<\/small>\n<\/div>\n<p>Procura uma posi\u00e7\u00e3o que valoriza sua experi\u00eancia em departamento pessoal e garante benef\u00edcios consistentes? A vaga de Assistente de Departamento Pessoal oferece sal\u00e1rio compat\u00edvel, contrata\u00e7\u00e3o CLT efetiva, vale-alimenta\u00e7\u00e3o de R$300,00 em cart\u00e3o Sodexo\/Pluxee e aux\u00edlio no plano de sa\u00fade Unimed ap\u00f3s per\u00edodo de experi\u00eancia.<\/p>\n<p>Se voc\u00ea valoriza estabilidade e busca crescimento em ambiente profissional estruturado, poder\u00e1 ainda contar com seguro de vida em grupo, restaurante interno sem desconto no sal\u00e1rio e vale-transporte. O regime de trabalho \u00e9 de segunda a sexta, com hor\u00e1rios bem definidos e folgas aos domingos.<\/p>\n<h2>Suas Atividades na Rotina de Departamento Pessoal<\/h2>\n<p>Voc\u00ea ser\u00e1 respons\u00e1vel por toda a gest\u00e3o e fechamento de ponto, conferindo atrasos e faltas.<\/p>\n<p>Ter\u00e1 atua\u00e7\u00e3o no processo seletivo, divulgando vagas e agendando entrevistas internamente.<\/p>\n<p>Na admiss\u00e3o, agendar exames, reunir documenta\u00e7\u00e3o e garantir assinatura de contratos fazem parte do trabalho di\u00e1rio.<\/p>\n<p>Organizar o setor, arquivar documentos e apoiar colaboradores completam essa rotina.<\/p>\n<p>Atendimento presencial para assinatura de documentos tamb\u00e9m \u00e9 importante.<\/p>\n<h2>Vantagens Relevantes do Cargo<\/h2>\n<p>Ambiente amig\u00e1vel, com suporte para crescimento e aprendizado cont\u00ednuo nas rotinas de departamento pessoal.<\/p>\n<p>Oportunidade real de desenvolver habilidades organizacionais e de comunica\u00e7\u00e3o pr\u00e1tica com toda a equipe.<\/p>\n<h2>Pontos a Considerar Antes de se Candidatar<\/h2>\n<p>Carga hor\u00e1ria exige disposi\u00e7\u00e3o para jornadas alternadas, podendo trabalhar aos s\u00e1bados ocasionalmente.<\/p>\n<p>Necess\u00e1rio comprovar experi\u00eancia m\u00ednima e manter aten\u00e7\u00e3o aos detalhes repetitivos que o setor exige.<\/p>\n<h2>Veredicto final<\/h2>\n<p>Se busca estabilidade, bons benef\u00edcios e crescimento em recursos humanos, esta oportunidade \u00e9 bastante adequada. Considere seus pontos fortes e inscreva-se j\u00e1!<\/p>\n<div style=\"background: #ffffff; border-radius: 12px; box-shadow: 0 10px 30px rgba(0, 0, 0, 0.1); width: 100%; max-width: 340px; padding: 25px; transition: transform 0.3s ease-in-out; overflow: visible; display: flex; flex-direction: column; position: relative; border: 1px solid #28a745; margin-top: 70px; margin-bottom: 50px; margin-left: auto; margin-right: auto;\">\n<div style=\"position: absolute; top: -35px; right: 15px; color: #28a745; padding: 5px 10px; border-radius: 6px; font-size: 14px; font-weight: bold; display: flex; align-items: center; z-index: 10;\">Recomendado para ti<\/div>\n<div data-namespace-header=\"\" style=\"\">\n<h3 data-namespace-title=\"\" style=\"color: #333; font-size: 20px; font-weight: bold; text-align: left; margin-right: 50px; min-height: 50px; margin-top: 0px;\">Assistente de Departamento Pessoal<\/h3>\n<\/p><\/div>\n<p data-namespace-prompt=\"\" style=\"font-size: 16px; color: #666; margin-bottom: 20px; line-height: 1.5; flex-grow: 1; text-align: left; margin-top: 0px;\">Vaga CLT com benef\u00edcios, rotina din\u00e2mica, aux\u00edlio plano de sa\u00fade, vale alimenta\u00e7\u00e3o, crescimento profissional e ambiente acolhedor. Experi\u00eancia valorizada!<\/p>\n<p>    <a data-namespace-url=\"\" href=\"https:\/\/zonacuriosa.com.br\/es\/redirect\/?https:\/\/www.catho.com.br\/vagas\/assistente-de-departamento-pessoal-recursos-humanos\/35017110\/?utm_campaign=google_jobs_apply&#038;utm_source=google_jobs_apply&#038;utm_medium=organic\" style=\"width: 100%; display: inline-block; color: white; text-decoration: none; border-radius: 6px; font-size: 16px; font-weight: bold; text-align: center; transition: transform 0.3s ease, background 0.3s ease; margin-top: auto;\" data-namespace-id=\"5c0d2565-3ba9-4280-a382-ad2a691e2285\"><br \/>\n        <button style=\"width: 100%; height: 55px; background: #e9e9ed; border: 1px solid black; color: black;\">Solicitar el empleo<\/button><br \/>\n    <\/a><br \/>\n    <small style=\"margin-top: 10px; color: #777; font-size: 12px; text-align: center; display: block;\">Ser\u00e1s redirigido a otro sitio web.<\/small>\n<\/div>\n<\/div>","protected":false},"excerpt":{"rendered":"<p>A vaga de Assistente de Departamento Pessoal oferece contrata\u00e7\u00e3o CLT, benef\u00edcios como plano de sa\u00fade e vale alimenta\u00e7\u00e3o, e oportunidades reais de crescimento pessoal e profissional.<\/p>","protected":false},"author":113,"featured_media":0,"comment_status":"open","ping_status":"open","sticky":false,"template":"","format":"standard","meta":{"footnotes":""},"categories":[11],"tags":[],"yoast_head":"<!-- This site is optimized with the Yoast SEO plugin v23.3 - https:\/\/yoast.com\/wordpress\/plugins\/seo\/ -->\n<title>Assistente de Departamento Pessoal: benef\u00edcios diferenciados e crescimento - Zona Curiosa<\/title>\n<meta name=\"robots\" content=\"index, follow, max-snippet:-1, max-image-preview:large, max-video-preview:-1\" \/>\n<link rel=\"canonical\" href=\"https:\/\/zonacuriosa.com.br\/es\/843600c3-cf78-4e54-8976-db7d9cd406cc\/\" \/>\n<meta property=\"og:locale\" content=\"es_MX\" \/>\n<meta property=\"og:type\" content=\"article\" \/>\n<meta property=\"og:title\" content=\"Assistente de Departamento Pessoal: benef\u00edcios diferenciados e crescimento - Zona Curiosa\" \/>\n<meta property=\"og:description\" content=\"A vaga de Assistente de Departamento Pessoal oferece contrata\u00e7\u00e3o CLT, benef\u00edcios como plano de sa\u00fade e vale alimenta\u00e7\u00e3o, e oportunidades reais de crescimento pessoal e profissional.\" \/>\n<meta property=\"og:url\" content=\"https:\/\/zonacuriosa.com.br\/es\/843600c3-cf78-4e54-8976-db7d9cd406cc\/\" \/>\n<meta property=\"og:site_name\" content=\"Zona Curiosa\" \/>\n<meta property=\"article:published_time\" content=\"2026-04-07T16:27:00+00:00\" \/>\n<meta property=\"article:modified_time\" content=\"2026-04-07T16:27:27+00:00\" \/>\n<meta name=\"author\" content=\"ederaugusttomuller\" \/>\n<meta name=\"twitter:card\" content=\"summary_large_image\" \/>\n<meta name=\"twitter:label1\" content=\"Written by\" \/>\n\t<meta name=\"twitter:data1\" content=\"ederaugusttomuller\" \/>\n\t<meta name=\"twitter:label2\" content=\"Est. reading time\" \/>\n\t<meta name=\"twitter:data2\" content=\"2 minutos\" \/>\n<script type=\"application\/ld+json\" class=\"yoast-schema-graph\">{\"@context\":\"https:\/\/schema.org\",\"@graph\":[{\"@type\":\"WebPage\",\"@id\":\"https:\/\/zonacuriosa.com.br\/843600c3-cf78-4e54-8976-db7d9cd406cc\/\",\"url\":\"https:\/\/zonacuriosa.com.br\/843600c3-cf78-4e54-8976-db7d9cd406cc\/\",\"name\":\"Assistente de Departamento Pessoal: benef\u00edcios diferenciados e crescimento - Zona Curiosa\",\"isPartOf\":{\"@id\":\"https:\/\/zonacuriosa.com.br\/#website\"},\"datePublished\":\"2026-04-07T16:27:00+00:00\",\"dateModified\":\"2026-04-07T16:27:27+00:00\",\"author\":{\"@id\":\"https:\/\/zonacuriosa.com.br\/#\/schema\/person\/890d2e5780ff9ae3803551e7f1d7a46d\"},\"breadcrumb\":{\"@id\":\"https:\/\/zonacuriosa.com.br\/843600c3-cf78-4e54-8976-db7d9cd406cc\/#breadcrumb\"},\"inLanguage\":\"es-MX\",\"potentialAction\":[{\"@type\":\"ReadAction\",\"target\":[\"https:\/\/zonacuriosa.com.br\/843600c3-cf78-4e54-8976-db7d9cd406cc\/\"]}]},{\"@type\":\"BreadcrumbList\",\"@id\":\"https:\/\/zonacuriosa.com.br\/843600c3-cf78-4e54-8976-db7d9cd406cc\/#breadcrumb\",\"itemListElement\":[{\"@type\":\"ListItem\",\"position\":1,\"name\":\"Home\",\"item\":\"https:\/\/zonacuriosa.com.br\/\"},{\"@type\":\"ListItem\",\"position\":2,\"name\":\"Assistente de Departamento Pessoal: benef\u00edcios diferenciados e crescimento\"}]},{\"@type\":\"WebSite\",\"@id\":\"https:\/\/zonacuriosa.com.br\/#website\",\"url\":\"https:\/\/zonacuriosa.com.br\/\",\"name\":\"Zona Curiosa\",\"description\":\"\",\"potentialAction\":[{\"@type\":\"SearchAction\",\"target\":{\"@type\":\"EntryPoint\",\"urlTemplate\":\"https:\/\/zonacuriosa.com.br\/?s={search_term_string}\"},\"query-input\":\"required name=search_term_string\"}],\"inLanguage\":\"es-MX\"},{\"@type\":\"Person\",\"@id\":\"https:\/\/zonacuriosa.com.br\/#\/schema\/person\/890d2e5780ff9ae3803551e7f1d7a46d\",\"name\":\"ederaugusttomuller\",\"image\":{\"@type\":\"ImageObject\",\"inLanguage\":\"es-MX\",\"@id\":\"https:\/\/zonacuriosa.com.br\/#\/schema\/person\/image\/\",\"url\":\"https:\/\/secure.gravatar.com\/avatar\/96357ca64e7ff2bf802e5dba125702c6?s=96&d=mm&r=g\",\"contentUrl\":\"https:\/\/secure.gravatar.com\/avatar\/96357ca64e7ff2bf802e5dba125702c6?s=96&d=mm&r=g\",\"caption\":\"ederaugusttomuller\"},\"url\":\"https:\/\/zonacuriosa.com.br\/es\/author\/ederaugusttomuller\/\"}]}<\/script>\n<!-- \/ Yoast SEO plugin. -->","yoast_head_json":{"title":"Assistente de Departamento Pessoal: benef\u00edcios diferenciados e crescimento - Zona Curiosa","robots":{"index":"index","follow":"follow","max-snippet":"max-snippet:-1","max-image-preview":"max-image-preview:large","max-video-preview":"max-video-preview:-1"},"canonical":"https:\/\/zonacuriosa.com.br\/es\/843600c3-cf78-4e54-8976-db7d9cd406cc\/","og_locale":"es_MX","og_type":"article","og_title":"Assistente de Departamento Pessoal: benef\u00edcios diferenciados e crescimento - Zona Curiosa","og_description":"A vaga de Assistente de Departamento Pessoal oferece contrata\u00e7\u00e3o CLT, benef\u00edcios como plano de sa\u00fade e vale alimenta\u00e7\u00e3o, e oportunidades reais de crescimento pessoal e profissional.","og_url":"https:\/\/zonacuriosa.com.br\/es\/843600c3-cf78-4e54-8976-db7d9cd406cc\/","og_site_name":"Zona Curiosa","article_published_time":"2026-04-07T16:27:00+00:00","article_modified_time":"2026-04-07T16:27:27+00:00","author":"ederaugusttomuller","twitter_card":"summary_large_image","twitter_misc":{"Written by":"ederaugusttomuller","Est. reading time":"2 minutos"},"schema":{"@context":"https:\/\/schema.org","@graph":[{"@type":"WebPage","@id":"https:\/\/zonacuriosa.com.br\/843600c3-cf78-4e54-8976-db7d9cd406cc\/","url":"https:\/\/zonacuriosa.com.br\/843600c3-cf78-4e54-8976-db7d9cd406cc\/","name":"Assistente de Departamento Pessoal: benef\u00edcios diferenciados e crescimento - Zona Curiosa","isPartOf":{"@id":"https:\/\/zonacuriosa.com.br\/#website"},"datePublished":"2026-04-07T16:27:00+00:00","dateModified":"2026-04-07T16:27:27+00:00","author":{"@id":"https:\/\/zonacuriosa.com.br\/#\/schema\/person\/890d2e5780ff9ae3803551e7f1d7a46d"},"breadcrumb":{"@id":"https:\/\/zonacuriosa.com.br\/843600c3-cf78-4e54-8976-db7d9cd406cc\/#breadcrumb"},"inLanguage":"es-MX","potentialAction":[{"@type":"ReadAction","target":["https:\/\/zonacuriosa.com.br\/843600c3-cf78-4e54-8976-db7d9cd406cc\/"]}]},{"@type":"BreadcrumbList","@id":"https:\/\/zonacuriosa.com.br\/843600c3-cf78-4e54-8976-db7d9cd406cc\/#breadcrumb","itemListElement":[{"@type":"ListItem","position":1,"name":"Home","item":"https:\/\/zonacuriosa.com.br\/"},{"@type":"ListItem","position":2,"name":"Assistente de Departamento Pessoal: benef\u00edcios diferenciados e crescimento"}]},{"@type":"WebSite","@id":"https:\/\/zonacuriosa.com.br\/#website","url":"https:\/\/zonacuriosa.com.br\/","name":"Zona Curiosa","description":"","potentialAction":[{"@type":"SearchAction","target":{"@type":"EntryPoint","urlTemplate":"https:\/\/zonacuriosa.com.br\/?s={search_term_string}"},"query-input":"required name=search_term_string"}],"inLanguage":"es-MX"},{"@type":"Person","@id":"https:\/\/zonacuriosa.com.br\/#\/schema\/person\/890d2e5780ff9ae3803551e7f1d7a46d","name":"ederaugusttomuller","image":{"@type":"ImageObject","inLanguage":"es-MX","@id":"https:\/\/zonacuriosa.com.br\/#\/schema\/person\/image\/","url":"https:\/\/secure.gravatar.com\/avatar\/96357ca64e7ff2bf802e5dba125702c6?s=96&d=mm&r=g","contentUrl":"https:\/\/secure.gravatar.com\/avatar\/96357ca64e7ff2bf802e5dba125702c6?s=96&d=mm&r=g","caption":"ederaugusttomuller"},"url":"https:\/\/zonacuriosa.com.br\/es\/author\/ederaugusttomuller\/"}]}},"_links":{"self":[{"href":"https:\/\/zonacuriosa.com.br\/es\/wp-json\/wp\/v2\/posts\/102646"}],"collection":[{"href":"https:\/\/zonacuriosa.com.br\/es\/wp-json\/wp\/v2\/posts"}],"about":[{"href":"https:\/\/zonacuriosa.com.br\/es\/wp-json\/wp\/v2\/types\/post"}],"author":[{"embeddable":true,"href":"https:\/\/zonacuriosa.com.br\/es\/wp-json\/wp\/v2\/users\/113"}],"replies":[{"embeddable":true,"href":"https:\/\/zonacuriosa.com.br\/es\/wp-json\/wp\/v2\/comments?post=102646"}],"version-history":[{"count":1,"href":"https:\/\/zonacuriosa.com.br\/es\/wp-json\/wp\/v2\/posts\/102646\/revisions"}],"predecessor-version":[{"id":102655,"href":"https:\/\/zonacuriosa.com.br\/es\/wp-json\/wp\/v2\/posts\/102646\/revisions\/102655"}],"wp:attachment":[{"href":"https:\/\/zonacuriosa.com.br\/es\/wp-json\/wp\/v2\/media?parent=102646"}],"wp:term":[{"taxonomy":"category","embeddable":true,"href":"https:\/\/zonacuriosa.com.br\/es\/wp-json\/wp\/v2\/categories?post=102646"},{"taxonomy":"post_tag","embeddable":true,"href":"https:\/\/zonacuriosa.com.br\/es\/wp-json\/wp\/v2\/tags?post=102646"}],"curies":[{"name":"wp","href":"https:\/\/api.w.org\/{rel}","templated":true}]}}