{"id":36079,"date":"2025-09-23T23:32:00","date_gmt":"2025-09-23T23:32:00","guid":{"rendered":"https:\/\/zonacuriosa.com.br\/86dcd6ac-219c-44e3-a756-5259f21087f0\/"},"modified":"2025-09-23T23:32:08","modified_gmt":"2025-09-23T23:32:08","slug":"86dcd6ac-219c-44e3-a756-5259f21087f0","status":"publish","type":"post","link":"https:\/\/zonacuriosa.com.br\/en\/86dcd6ac-219c-44e3-a756-5259f21087f0\/","title":{"rendered":"Videographer Position: Permanent Opportunity for Creative Professionals"},"content":{"rendered":"<div class=\"mx-5 sm:mx-0 prose text-left mb-5\">\n<\/p>\n<div style=\"background: #ffffff; border-radius: 12px; box-shadow: 0 10px 30px rgba(0, 0, 0, 0.1); width: 100%; max-width: 340px; padding: 25px; transition: transform 0.3s ease-in-out; overflow: visible; display: flex; flex-direction: column; position: relative; border: 1px solid #28a745; margin-top: 70px; margin-bottom: 50px; margin-left: auto; margin-right: auto;\">\n<div style=\"position: absolute; top: -35px; right: 15px; color: #28a745; padding: 5px 10px; border-radius: 6px; font-size: 14px; font-weight: bold; display: flex; align-items: center; z-index: 10;\">Recommended for you<\/div>\n<div data-namespace-header=\"\" style=\"\">\n<h3 data-namespace-title=\"\" style=\"color: #333; font-size: 20px; font-weight: bold; text-align: left; margin-right: 50px; min-height: 50px; margin-top: 0px;\">Camera<\/h3>\n<\/p><\/div>\n<p data-namespace-prompt=\"\" style=\"font-size: 16px; color: #666; margin-bottom: 20px; line-height: 1.5; flex-grow: 1; text-align: left; margin-top: 0px;\">Permanent position for a videographer, specifically for people with disabilities. An opportunity for those who play sports, are runners, and seek growth in the field of communication.<\/p>\n<p>    <a data-namespace-url=\"\" href=\"https:\/\/zonacuriosa.com.br\/en\/redirect\/?https:\/\/www.bne.com.br\/vaga-de-emprego-na-area-comunicacao-em-niteroi-rj\/filmador\/3892935?utm_campaign=google_jobs_apply&#038;utm_source=google_jobs_apply&#038;utm_medium=organic\" style=\"width: 100%; display: inline-block; color: white; text-decoration: none; border-radius: 6px; font-size: 16px; font-weight: bold; text-align: center; transition: transform 0.3s ease, background 0.3s ease; margin-top: auto;\" data-namespace-id=\"5c0d2565-3ba9-4280-a382-ad2a691e2285\"><br \/>\n        <button style=\"width: 100%; height: 55px; background: #e9e9ed; border: 1px solid black; color: black;\">Apply now<\/button><br \/>\n    <\/a><br \/>\n    <small style=\"margin-top: 10px; color: #777; font-size: 12px; text-align: center; display: block;\">You will be redirected to another website.<\/small>\n<\/div>\n<p><!-- Apresenta\u00e7\u00e3o da vaga --><br \/>\nThe videographer position presents an excellent opportunity for creative professionals seeking entry or re-entry into the job market. The position offers permanent employment, and the salary will be negotiated with candidates during the selection process. The hiring company operates in the communications sector and values dynamic professionals, and encourages applications from individuals who identify as disabled (PWD) and have experience or interest in the audiovisual field.<\/p>\n<p><!-- Responsabilidades e rotinas do filmador --><\/p>\n<h2>Job Responsibilities and Activities<\/h2>\n<p>The professional will be responsible for capturing images in different contexts and projects, including events, institutional productions, and internal campaigns. Responsibilities include operating recording equipment, ensuring the visual quality of the produced material, and collaborating with other communication professionals.<\/p>\n<p>It will also be necessary to work in outdoor environments, so we are especially looking for people who practice sports and have an active profile. Maintaining the organization of equipment and digital files is part of the routine. Clear communication with the team is fundamental for delivering efficient results, adding value to the daily activities of the sector.<\/p>\n<p><!-- Pontos positivos da vaga --><\/p>\n<h2>Highlights and Benefits<\/h2>\n<p>The main benefit of this position is that it&#039;s open to professionals with disabilities, promoting inclusion and diversity. Furthermore, those who enjoy sports will find an environment that values this profile, making the work more aligned with the candidate&#039;s lifestyle.<\/p>\n<p>Another positive aspect is the permanent contract, which guarantees greater stability and prospects for growth within the company. The possibility of negotiating salary individually brings flexibility and respect for the professional&#039;s experience and competence.<\/p>\n<p><!-- Pontos negativos da vaga --><\/p>\n<h2>Disadvantages and Points to Consider<\/h2>\n<p>Among the points to consider is the lack of publicly available information about the employer, which may raise doubts for some candidates. Additionally, the salary is negotiable, so it&#039;s necessary to work around it to align expectations and values.<\/p>\n<p>Finally, searching for a very specific profile can limit the chances for some professionals, especially those who do not regularly practice sports or who do not live close to the company.<\/p>\n<p><!-- Veredito --><\/p>\n<h2>Final Verdict<\/h2>\n<p>For those who match the desired profile, this videographer position could be a great choice in the communications sector. The benefits offered, especially the openness to inclusion and the permanent nature of the employment relationship, make the opportunity even more attractive for engaged professionals seeking new career achievements.<\/p>\n<div style=\"background: #ffffff; border-radius: 12px; box-shadow: 0 10px 30px rgba(0, 0, 0, 0.1); width: 100%; max-width: 340px; padding: 25px; transition: transform 0.3s ease-in-out; overflow: visible; display: flex; flex-direction: column; position: relative; border: 1px solid #28a745; margin-top: 70px; margin-bottom: 50px; margin-left: auto; margin-right: auto;\">\n<div style=\"position: absolute; top: -35px; right: 15px; color: #28a745; padding: 5px 10px; border-radius: 6px; font-size: 14px; font-weight: bold; display: flex; align-items: center; z-index: 10;\">Recommended for you<\/div>\n<div data-namespace-header=\"\" style=\"\">\n<h3 data-namespace-title=\"\" style=\"color: #333; font-size: 20px; font-weight: bold; text-align: left; margin-right: 50px; min-height: 50px; margin-top: 0px;\">Camera<\/h3>\n<\/p><\/div>\n<p data-namespace-prompt=\"\" style=\"font-size: 16px; color: #666; margin-bottom: 20px; line-height: 1.5; flex-grow: 1; text-align: left; margin-top: 0px;\">Permanent position for a videographer, specifically for people with disabilities. An opportunity for those who play sports, are runners, and seek growth in the field of communication.<\/p>\n<p>    <a data-namespace-url=\"\" href=\"https:\/\/zonacuriosa.com.br\/en\/redirect\/?https:\/\/www.bne.com.br\/vaga-de-emprego-na-area-comunicacao-em-niteroi-rj\/filmador\/3892935?utm_campaign=google_jobs_apply&#038;utm_source=google_jobs_apply&#038;utm_medium=organic\" style=\"width: 100%; display: inline-block; color: white; text-decoration: none; border-radius: 6px; font-size: 16px; font-weight: bold; text-align: center; transition: transform 0.3s ease, background 0.3s ease; margin-top: auto;\" data-namespace-id=\"5c0d2565-3ba9-4280-a382-ad2a691e2285\"><br \/>\n        <button style=\"width: 100%; height: 55px; background: #e9e9ed; border: 1px solid black; color: black;\">Apply now<\/button><br \/>\n    <\/a><br \/>\n    <small style=\"margin-top: 10px; color: #777; font-size: 12px; text-align: center; display: block;\">You will be redirected to another website.<\/small>\n<\/div>\n<\/div>","protected":false},"excerpt":{"rendered":"<p>Discover the details of the videographer position, with a permanent contract and open to professionals with disabilities. Stability, inclusion, and real opportunities in the communications sector. Learn more now!<\/p>","protected":false},"author":113,"featured_media":0,"comment_status":"open","ping_status":"open","sticky":false,"template":"","format":"standard","meta":{"footnotes":""},"categories":[11],"tags":[],"yoast_head":"<!-- This site is optimized with the Yoast SEO plugin v23.3 - https:\/\/yoast.com\/wordpress\/plugins\/seo\/ -->\n<title>Vaga de Filmador: Oportunidade Efetiva para Profissionais Criativos - Zona Curiosa<\/title>\n<meta name=\"robots\" content=\"index, follow, max-snippet:-1, max-image-preview:large, max-video-preview:-1\" \/>\n<link rel=\"canonical\" href=\"https:\/\/zonacuriosa.com.br\/en\/86dcd6ac-219c-44e3-a756-5259f21087f0\/\" \/>\n<meta property=\"og:locale\" content=\"en_US\" \/>\n<meta property=\"og:type\" content=\"article\" \/>\n<meta property=\"og:title\" content=\"Vaga de Filmador: Oportunidade Efetiva para Profissionais Criativos - Zona Curiosa\" \/>\n<meta property=\"og:description\" content=\"Descubra os detalhes da vaga de filmador, com contrato efetivo e abertura para profissionais PCD. Estabilidade, inclus\u00e3o e oportunidades reais no setor de comunica\u00e7\u00e3o. Saiba mais agora!\" \/>\n<meta property=\"og:url\" content=\"https:\/\/zonacuriosa.com.br\/en\/86dcd6ac-219c-44e3-a756-5259f21087f0\/\" \/>\n<meta property=\"og:site_name\" content=\"Zona Curiosa\" \/>\n<meta property=\"article:published_time\" content=\"2025-09-23T23:32:00+00:00\" \/>\n<meta property=\"article:modified_time\" content=\"2025-09-23T23:32:08+00:00\" \/>\n<meta name=\"author\" content=\"ederaugusttomuller\" \/>\n<meta name=\"twitter:card\" content=\"summary_large_image\" \/>\n<meta name=\"twitter:label1\" content=\"Written by\" \/>\n\t<meta name=\"twitter:data1\" content=\"ederaugusttomuller\" \/>\n\t<meta name=\"twitter:label2\" content=\"Est. reading time\" \/>\n\t<meta name=\"twitter:data2\" content=\"2 minutes\" \/>\n<script type=\"application\/ld+json\" class=\"yoast-schema-graph\">{\"@context\":\"https:\/\/schema.org\",\"@graph\":[{\"@type\":\"WebPage\",\"@id\":\"https:\/\/zonacuriosa.com.br\/86dcd6ac-219c-44e3-a756-5259f21087f0\/\",\"url\":\"https:\/\/zonacuriosa.com.br\/86dcd6ac-219c-44e3-a756-5259f21087f0\/\",\"name\":\"Vaga de Filmador: Oportunidade Efetiva para Profissionais Criativos - Zona Curiosa\",\"isPartOf\":{\"@id\":\"https:\/\/zonacuriosa.com.br\/#website\"},\"datePublished\":\"2025-09-23T23:32:00+00:00\",\"dateModified\":\"2025-09-23T23:32:08+00:00\",\"author\":{\"@id\":\"https:\/\/zonacuriosa.com.br\/#\/schema\/person\/890d2e5780ff9ae3803551e7f1d7a46d\"},\"breadcrumb\":{\"@id\":\"https:\/\/zonacuriosa.com.br\/86dcd6ac-219c-44e3-a756-5259f21087f0\/#breadcrumb\"},\"inLanguage\":\"en-US\",\"potentialAction\":[{\"@type\":\"ReadAction\",\"target\":[\"https:\/\/zonacuriosa.com.br\/86dcd6ac-219c-44e3-a756-5259f21087f0\/\"]}]},{\"@type\":\"BreadcrumbList\",\"@id\":\"https:\/\/zonacuriosa.com.br\/86dcd6ac-219c-44e3-a756-5259f21087f0\/#breadcrumb\",\"itemListElement\":[{\"@type\":\"ListItem\",\"position\":1,\"name\":\"Home\",\"item\":\"https:\/\/zonacuriosa.com.br\/\"},{\"@type\":\"ListItem\",\"position\":2,\"name\":\"Vaga de Filmador: Oportunidade Efetiva para Profissionais Criativos\"}]},{\"@type\":\"WebSite\",\"@id\":\"https:\/\/zonacuriosa.com.br\/#website\",\"url\":\"https:\/\/zonacuriosa.com.br\/\",\"name\":\"Zona Curiosa\",\"description\":\"\",\"potentialAction\":[{\"@type\":\"SearchAction\",\"target\":{\"@type\":\"EntryPoint\",\"urlTemplate\":\"https:\/\/zonacuriosa.com.br\/?s={search_term_string}\"},\"query-input\":\"required name=search_term_string\"}],\"inLanguage\":\"en-US\"},{\"@type\":\"Person\",\"@id\":\"https:\/\/zonacuriosa.com.br\/#\/schema\/person\/890d2e5780ff9ae3803551e7f1d7a46d\",\"name\":\"ederaugusttomuller\",\"image\":{\"@type\":\"ImageObject\",\"inLanguage\":\"en-US\",\"@id\":\"https:\/\/zonacuriosa.com.br\/#\/schema\/person\/image\/\",\"url\":\"https:\/\/secure.gravatar.com\/avatar\/96357ca64e7ff2bf802e5dba125702c6?s=96&d=mm&r=g\",\"contentUrl\":\"https:\/\/secure.gravatar.com\/avatar\/96357ca64e7ff2bf802e5dba125702c6?s=96&d=mm&r=g\",\"caption\":\"ederaugusttomuller\"},\"url\":\"https:\/\/zonacuriosa.com.br\/en\/author\/ederaugusttomuller\/\"}]}<\/script>\n<!-- \/ Yoast SEO plugin. -->","yoast_head_json":{"title":"Vaga de Filmador: Oportunidade Efetiva para Profissionais Criativos - Zona Curiosa","robots":{"index":"index","follow":"follow","max-snippet":"max-snippet:-1","max-image-preview":"max-image-preview:large","max-video-preview":"max-video-preview:-1"},"canonical":"https:\/\/zonacuriosa.com.br\/en\/86dcd6ac-219c-44e3-a756-5259f21087f0\/","og_locale":"en_US","og_type":"article","og_title":"Vaga de Filmador: Oportunidade Efetiva para Profissionais Criativos - Zona Curiosa","og_description":"Descubra os detalhes da vaga de filmador, com contrato efetivo e abertura para profissionais PCD. Estabilidade, inclus\u00e3o e oportunidades reais no setor de comunica\u00e7\u00e3o. Saiba mais agora!","og_url":"https:\/\/zonacuriosa.com.br\/en\/86dcd6ac-219c-44e3-a756-5259f21087f0\/","og_site_name":"Zona Curiosa","article_published_time":"2025-09-23T23:32:00+00:00","article_modified_time":"2025-09-23T23:32:08+00:00","author":"ederaugusttomuller","twitter_card":"summary_large_image","twitter_misc":{"Written by":"ederaugusttomuller","Est. reading time":"2 minutes"},"schema":{"@context":"https:\/\/schema.org","@graph":[{"@type":"WebPage","@id":"https:\/\/zonacuriosa.com.br\/86dcd6ac-219c-44e3-a756-5259f21087f0\/","url":"https:\/\/zonacuriosa.com.br\/86dcd6ac-219c-44e3-a756-5259f21087f0\/","name":"Vaga de Filmador: Oportunidade Efetiva para Profissionais Criativos - Zona Curiosa","isPartOf":{"@id":"https:\/\/zonacuriosa.com.br\/#website"},"datePublished":"2025-09-23T23:32:00+00:00","dateModified":"2025-09-23T23:32:08+00:00","author":{"@id":"https:\/\/zonacuriosa.com.br\/#\/schema\/person\/890d2e5780ff9ae3803551e7f1d7a46d"},"breadcrumb":{"@id":"https:\/\/zonacuriosa.com.br\/86dcd6ac-219c-44e3-a756-5259f21087f0\/#breadcrumb"},"inLanguage":"en-US","potentialAction":[{"@type":"ReadAction","target":["https:\/\/zonacuriosa.com.br\/86dcd6ac-219c-44e3-a756-5259f21087f0\/"]}]},{"@type":"BreadcrumbList","@id":"https:\/\/zonacuriosa.com.br\/86dcd6ac-219c-44e3-a756-5259f21087f0\/#breadcrumb","itemListElement":[{"@type":"ListItem","position":1,"name":"Home","item":"https:\/\/zonacuriosa.com.br\/"},{"@type":"ListItem","position":2,"name":"Vaga de Filmador: Oportunidade Efetiva para Profissionais Criativos"}]},{"@type":"WebSite","@id":"https:\/\/zonacuriosa.com.br\/#website","url":"https:\/\/zonacuriosa.com.br\/","name":"Zona Curiosa","description":"","potentialAction":[{"@type":"SearchAction","target":{"@type":"EntryPoint","urlTemplate":"https:\/\/zonacuriosa.com.br\/?s={search_term_string}"},"query-input":"required name=search_term_string"}],"inLanguage":"en-US"},{"@type":"Person","@id":"https:\/\/zonacuriosa.com.br\/#\/schema\/person\/890d2e5780ff9ae3803551e7f1d7a46d","name":"ederaugusttomuller","image":{"@type":"ImageObject","inLanguage":"en-US","@id":"https:\/\/zonacuriosa.com.br\/#\/schema\/person\/image\/","url":"https:\/\/secure.gravatar.com\/avatar\/96357ca64e7ff2bf802e5dba125702c6?s=96&d=mm&r=g","contentUrl":"https:\/\/secure.gravatar.com\/avatar\/96357ca64e7ff2bf802e5dba125702c6?s=96&d=mm&r=g","caption":"ederaugusttomuller"},"url":"https:\/\/zonacuriosa.com.br\/en\/author\/ederaugusttomuller\/"}]}},"_links":{"self":[{"href":"https:\/\/zonacuriosa.com.br\/en\/wp-json\/wp\/v2\/posts\/36079"}],"collection":[{"href":"https:\/\/zonacuriosa.com.br\/en\/wp-json\/wp\/v2\/posts"}],"about":[{"href":"https:\/\/zonacuriosa.com.br\/en\/wp-json\/wp\/v2\/types\/post"}],"author":[{"embeddable":true,"href":"https:\/\/zonacuriosa.com.br\/en\/wp-json\/wp\/v2\/users\/113"}],"replies":[{"embeddable":true,"href":"https:\/\/zonacuriosa.com.br\/en\/wp-json\/wp\/v2\/comments?post=36079"}],"version-history":[{"count":1,"href":"https:\/\/zonacuriosa.com.br\/en\/wp-json\/wp\/v2\/posts\/36079\/revisions"}],"predecessor-version":[{"id":36176,"href":"https:\/\/zonacuriosa.com.br\/en\/wp-json\/wp\/v2\/posts\/36079\/revisions\/36176"}],"wp:attachment":[{"href":"https:\/\/zonacuriosa.com.br\/en\/wp-json\/wp\/v2\/media?parent=36079"}],"wp:term":[{"taxonomy":"category","embeddable":true,"href":"https:\/\/zonacuriosa.com.br\/en\/wp-json\/wp\/v2\/categories?post=36079"},{"taxonomy":"post_tag","embeddable":true,"href":"https:\/\/zonacuriosa.com.br\/en\/wp-json\/wp\/v2\/tags?post=36079"}],"curies":[{"name":"wp","href":"https:\/\/api.w.org\/{rel}","templated":true}]}}