{"id":103303,"date":"2026-04-09T18:03:00","date_gmt":"2026-04-09T18:03:00","guid":{"rendered":"https:\/\/zonacuriosa.com.br\/f2d139b9-f561-429b-add4-6d1fb1669ef0\/"},"modified":"2026-04-09T18:03:24","modified_gmt":"2026-04-09T18:03:24","slug":"f2d139b9-f561-429b-add4-6d1fb1669ef0","status":"publish","type":"post","link":"https:\/\/zonacuriosa.com.br\/en\/f2d139b9-f561-429b-add4-6d1fb1669ef0\/","title":{"rendered":"Pessoa Coordenadora de Produto | Oportunidade em Produtos Digitais Globo"},"content":{"rendered":"<div class=\"mx-5 sm:mx-0 prose text-left mb-5\">\n<\/p>\n<div style=\"background: #ffffff; border-radius: 12px; box-shadow: 0 10px 30px rgba(0, 0, 0, 0.1); width: 100%; max-width: 340px; padding: 25px; transition: transform 0.3s ease-in-out; overflow: visible; display: flex; flex-direction: column; position: relative; border: 1px solid #28a745; margin-top: 70px; margin-bottom: 50px; margin-left: auto; margin-right: auto;\">\n<div style=\"position: absolute; top: -35px; right: 15px; color: #28a745; padding: 5px 10px; border-radius: 6px; font-size: 14px; font-weight: bold; display: flex; align-items: center; z-index: 10;\">Recommended for you<\/div>\n<div data-namespace-header=\"\" style=\"\">\n<h3 data-namespace-title=\"\" style=\"color: #333; font-size: 20px; font-weight: bold; text-align: left; margin-right: 50px; min-height: 50px; margin-top: 0px;\">Pessoa Coordenadora de Produto<\/h3>\n<\/p><\/div>\n<p data-namespace-prompt=\"\" style=\"font-size: 16px; color: #666; margin-bottom: 20px; line-height: 1.5; flex-grow: 1; text-align: left; margin-top: 0px;\">Atue estrategicamente na Globo liderando o desenvolvimento e evolu\u00e7\u00e3o de produtos digitais, com ambiente din\u00e2mico, inova\u00e7\u00e3o e possibilidade de crescimento.<\/p>\n<p>    <a data-namespace-url=\"\" href=\"https:\/\/zonacuriosa.com.br\/en\/redirect\/?https:\/\/globo.gupy.io\/jobs\/11099931?jobBoardSource=gupy_public_page&#038;utm_campaign=google_jobs_apply&#038;utm_source=google_jobs_apply&#038;utm_medium=organic\" style=\"width: 100%; display: inline-block; color: white; text-decoration: none; border-radius: 6px; font-size: 16px; font-weight: bold; text-align: center; transition: transform 0.3s ease, background 0.3s ease; margin-top: auto;\" data-namespace-id=\"5c0d2565-3ba9-4280-a382-ad2a691e2285\"><br \/>\n        <button style=\"width: 100%; height: 55px; background: #e9e9ed; border: 1px solid black; color: black;\">Apply for the job<\/button><br \/>\n    <\/a><br \/>\n    <small style=\"margin-top: 10px; color: #777; font-size: 12px; text-align: center; display: block;\">You will be redirected to another website.<\/small>\n<\/div>\n<p>Se voc\u00ea est\u00e1 em busca de um novo desafio no universo de produtos digitais, vale dar aten\u00e7\u00e3o \u00e0 vaga de Pessoa Coordenadora de Produto. Nesta posi\u00e7\u00e3o, a atua\u00e7\u00e3o \u00e9 no modelo h\u00edbrido e o contrato \u00e9 efetivo, garantindo uma experi\u00eancia profissional est\u00e1vel e vers\u00e1til. O ambiente \u00e9 inclusivo, com oportunidades para PcDs e um grande foco em diversidade.<\/p>\n<p>O dia a dia da fun\u00e7\u00e3o envolve a lideran\u00e7a da estrat\u00e9gia para uma nova plataforma de v\u00eddeos verticais, equilibrando experi\u00eancia do usu\u00e1rio, monetiza\u00e7\u00e3o, crescimento de audi\u00eancia e efici\u00eancia operacional. A gest\u00e3o \u00e9 baseada em dados e h\u00e1 intensa colabora\u00e7\u00e3o entre \u00e1reas como tecnologia, marketing, conte\u00fado e comercial, sem lideran\u00e7a de equipes diretamente subordinadas, mas sim articulando times especialistas.<\/p>\n<h2>Main Responsibilities of the Position<\/h2>\n<p>Quem assume a vaga precisa garantir a execu\u00e7\u00e3o estrat\u00e9gica do produto, sempre buscando valor m\u00e1ximo para usu\u00e1rios, anunciantes e produtores de conte\u00fado.<\/p>\n<p>Usu\u00e1rio no centro das decis\u00f5es, an\u00e1lise de indicadores-chave e monitoramento de tend\u00eancias s\u00e3o rotinas essenciais, assim como a busca por inova\u00e7\u00e3o para manter relev\u00e2ncia diante das mudan\u00e7as do mercado digital.<\/p>\n<p>A atua\u00e7\u00e3o envolve ainda a defini\u00e7\u00e3o e execu\u00e7\u00e3o de estrat\u00e9gias de marca, articula\u00e7\u00e3o com diversas \u00e1reas para garantir alinhamento de objetivos e gest\u00e3o direta do time dedicado ao produto.<\/p>\n<p>Monitoramento da concorr\u00eancia e benchmarks s\u00e3o necess\u00e1rios para propor adapta\u00e7\u00f5es estrat\u00e9gicas, mantendo o diferencial dos produtos Globo.<\/p>\n<p>Quem quiser se destacar pode apresentar experi\u00eancias pr\u00e9vias em produtos digitais de m\u00eddia e entretenimento.<\/p>\n<h2>Positive Aspects of the Job<\/h2>\n<p>Entre os destaques positivos dessa posi\u00e7\u00e3o est\u00e3o o ambiente colaborativo e diverso, onde h\u00e1 espa\u00e7o real para crescimento profissional.<\/p>\n<p>A cultura organizacional valoriza inova\u00e7\u00e3o, aprendizado constante e respeito \u00e0s diferen\u00e7as, promovendo troca de experi\u00eancias entre profissionais de perfis variados.<\/p>\n<h2>Points to Consider<\/h2>\n<p>Apesar dos v\u00e1rios atrativos, o cotidiano exige bastante resili\u00eancia, sendo um trabalho de ritmo intenso e que demanda dedica\u00e7\u00e3o pr\u00f3xima ao neg\u00f3cio.<\/p>\n<p>Outro ponto \u00e9 que, por estar numa \u00e1rea de alta exposi\u00e7\u00e3o, decis\u00f5es podem ser muito cobradas e o acompanhamento de resultados precisa ser rigoroso.<\/p>\n<h2>Final Verdict<\/h2>\n<p>Atuar como Coordenador(a) de Produto na Globo \u00e9 uma oportunidade para quem deseja protagonizar transforma\u00e7\u00f5es digitais e trabalhar com equipes multidisciplinares. Para quem busca um desafio em ambiente inovador, pode ser o pr\u00f3ximo passo ideal na carreira.<\/p>\n<div style=\"background: #ffffff; border-radius: 12px; box-shadow: 0 10px 30px rgba(0, 0, 0, 0.1); width: 100%; max-width: 340px; padding: 25px; transition: transform 0.3s ease-in-out; overflow: visible; display: flex; flex-direction: column; position: relative; border: 1px solid #28a745; margin-top: 70px; margin-bottom: 50px; margin-left: auto; margin-right: auto;\">\n<div style=\"position: absolute; top: -35px; right: 15px; color: #28a745; padding: 5px 10px; border-radius: 6px; font-size: 14px; font-weight: bold; display: flex; align-items: center; z-index: 10;\">Recommended for you<\/div>\n<div data-namespace-header=\"\" style=\"\">\n<h3 data-namespace-title=\"\" style=\"color: #333; font-size: 20px; font-weight: bold; text-align: left; margin-right: 50px; min-height: 50px; margin-top: 0px;\">Pessoa Coordenadora de Produto<\/h3>\n<\/p><\/div>\n<p data-namespace-prompt=\"\" style=\"font-size: 16px; color: #666; margin-bottom: 20px; line-height: 1.5; flex-grow: 1; text-align: left; margin-top: 0px;\">Atue estrategicamente na Globo liderando o desenvolvimento e evolu\u00e7\u00e3o de produtos digitais, com ambiente din\u00e2mico, inova\u00e7\u00e3o e possibilidade de crescimento.<\/p>\n<p>    <a data-namespace-url=\"\" href=\"https:\/\/zonacuriosa.com.br\/en\/redirect\/?https:\/\/globo.gupy.io\/jobs\/11099931?jobBoardSource=gupy_public_page&#038;utm_campaign=google_jobs_apply&#038;utm_source=google_jobs_apply&#038;utm_medium=organic\" style=\"width: 100%; display: inline-block; color: white; text-decoration: none; border-radius: 6px; font-size: 16px; font-weight: bold; text-align: center; transition: transform 0.3s ease, background 0.3s ease; margin-top: auto;\" data-namespace-id=\"5c0d2565-3ba9-4280-a382-ad2a691e2285\"><br \/>\n        <button style=\"width: 100%; height: 55px; background: #e9e9ed; border: 1px solid black; color: black;\">Apply for the job<\/button><br \/>\n    <\/a><br \/>\n    <small style=\"margin-top: 10px; color: #777; font-size: 12px; text-align: center; display: block;\">You will be redirected to another website.<\/small>\n<\/div>\n<\/div>","protected":false},"excerpt":{"rendered":"<p>Saiba se a vaga de Pessoa Coordenadora de Produto na Globo \u00e9 ideal para sua carreira em produtos digitais. Veja responsabilidades, vantagens e pontos de aten\u00e7\u00e3o.<\/p>","protected":false},"author":113,"featured_media":0,"comment_status":"open","ping_status":"open","sticky":false,"template":"","format":"standard","meta":{"footnotes":""},"categories":[11],"tags":[],"yoast_head":"<!-- This site is optimized with the Yoast SEO plugin v23.3 - https:\/\/yoast.com\/wordpress\/plugins\/seo\/ -->\n<title>Pessoa Coordenadora de Produto | Oportunidade em Produtos Digitais Globo - Zona Curiosa<\/title>\n<meta name=\"robots\" content=\"index, follow, max-snippet:-1, max-image-preview:large, max-video-preview:-1\" \/>\n<link rel=\"canonical\" href=\"https:\/\/zonacuriosa.com.br\/en\/f2d139b9-f561-429b-add4-6d1fb1669ef0\/\" \/>\n<meta property=\"og:locale\" content=\"en_US\" \/>\n<meta property=\"og:type\" content=\"article\" \/>\n<meta property=\"og:title\" content=\"Pessoa Coordenadora de Produto | Oportunidade em Produtos Digitais Globo - Zona Curiosa\" \/>\n<meta property=\"og:description\" content=\"Saiba se a vaga de Pessoa Coordenadora de Produto na Globo \u00e9 ideal para sua carreira em produtos digitais. Veja responsabilidades, vantagens e pontos de aten\u00e7\u00e3o.\" \/>\n<meta property=\"og:url\" content=\"https:\/\/zonacuriosa.com.br\/en\/f2d139b9-f561-429b-add4-6d1fb1669ef0\/\" \/>\n<meta property=\"og:site_name\" content=\"Zona Curiosa\" \/>\n<meta property=\"article:published_time\" content=\"2026-04-09T18:03:00+00:00\" \/>\n<meta property=\"article:modified_time\" content=\"2026-04-09T18:03:24+00:00\" \/>\n<meta name=\"author\" content=\"ederaugusttomuller\" \/>\n<meta name=\"twitter:card\" content=\"summary_large_image\" \/>\n<meta name=\"twitter:label1\" content=\"Written by\" \/>\n\t<meta name=\"twitter:data1\" content=\"ederaugusttomuller\" \/>\n\t<meta name=\"twitter:label2\" content=\"Est. reading time\" \/>\n\t<meta name=\"twitter:data2\" content=\"2 minutes\" \/>\n<script type=\"application\/ld+json\" class=\"yoast-schema-graph\">{\"@context\":\"https:\/\/schema.org\",\"@graph\":[{\"@type\":\"WebPage\",\"@id\":\"https:\/\/zonacuriosa.com.br\/f2d139b9-f561-429b-add4-6d1fb1669ef0\/\",\"url\":\"https:\/\/zonacuriosa.com.br\/f2d139b9-f561-429b-add4-6d1fb1669ef0\/\",\"name\":\"Pessoa Coordenadora de Produto | Oportunidade em Produtos Digitais Globo - Zona Curiosa\",\"isPartOf\":{\"@id\":\"https:\/\/zonacuriosa.com.br\/#website\"},\"datePublished\":\"2026-04-09T18:03:00+00:00\",\"dateModified\":\"2026-04-09T18:03:24+00:00\",\"author\":{\"@id\":\"https:\/\/zonacuriosa.com.br\/#\/schema\/person\/890d2e5780ff9ae3803551e7f1d7a46d\"},\"breadcrumb\":{\"@id\":\"https:\/\/zonacuriosa.com.br\/f2d139b9-f561-429b-add4-6d1fb1669ef0\/#breadcrumb\"},\"inLanguage\":\"en-US\",\"potentialAction\":[{\"@type\":\"ReadAction\",\"target\":[\"https:\/\/zonacuriosa.com.br\/f2d139b9-f561-429b-add4-6d1fb1669ef0\/\"]}]},{\"@type\":\"BreadcrumbList\",\"@id\":\"https:\/\/zonacuriosa.com.br\/f2d139b9-f561-429b-add4-6d1fb1669ef0\/#breadcrumb\",\"itemListElement\":[{\"@type\":\"ListItem\",\"position\":1,\"name\":\"Home\",\"item\":\"https:\/\/zonacuriosa.com.br\/\"},{\"@type\":\"ListItem\",\"position\":2,\"name\":\"Pessoa Coordenadora de Produto | Oportunidade em Produtos Digitais Globo\"}]},{\"@type\":\"WebSite\",\"@id\":\"https:\/\/zonacuriosa.com.br\/#website\",\"url\":\"https:\/\/zonacuriosa.com.br\/\",\"name\":\"Zona Curiosa\",\"description\":\"\",\"potentialAction\":[{\"@type\":\"SearchAction\",\"target\":{\"@type\":\"EntryPoint\",\"urlTemplate\":\"https:\/\/zonacuriosa.com.br\/?s={search_term_string}\"},\"query-input\":\"required name=search_term_string\"}],\"inLanguage\":\"en-US\"},{\"@type\":\"Person\",\"@id\":\"https:\/\/zonacuriosa.com.br\/#\/schema\/person\/890d2e5780ff9ae3803551e7f1d7a46d\",\"name\":\"ederaugusttomuller\",\"image\":{\"@type\":\"ImageObject\",\"inLanguage\":\"en-US\",\"@id\":\"https:\/\/zonacuriosa.com.br\/#\/schema\/person\/image\/\",\"url\":\"https:\/\/secure.gravatar.com\/avatar\/96357ca64e7ff2bf802e5dba125702c6?s=96&d=mm&r=g\",\"contentUrl\":\"https:\/\/secure.gravatar.com\/avatar\/96357ca64e7ff2bf802e5dba125702c6?s=96&d=mm&r=g\",\"caption\":\"ederaugusttomuller\"},\"url\":\"https:\/\/zonacuriosa.com.br\/en\/author\/ederaugusttomuller\/\"}]}<\/script>\n<!-- \/ Yoast SEO plugin. -->","yoast_head_json":{"title":"Pessoa Coordenadora de Produto | Oportunidade em Produtos Digitais Globo - Zona Curiosa","robots":{"index":"index","follow":"follow","max-snippet":"max-snippet:-1","max-image-preview":"max-image-preview:large","max-video-preview":"max-video-preview:-1"},"canonical":"https:\/\/zonacuriosa.com.br\/en\/f2d139b9-f561-429b-add4-6d1fb1669ef0\/","og_locale":"en_US","og_type":"article","og_title":"Pessoa Coordenadora de Produto | Oportunidade em Produtos Digitais Globo - Zona Curiosa","og_description":"Saiba se a vaga de Pessoa Coordenadora de Produto na Globo \u00e9 ideal para sua carreira em produtos digitais. Veja responsabilidades, vantagens e pontos de aten\u00e7\u00e3o.","og_url":"https:\/\/zonacuriosa.com.br\/en\/f2d139b9-f561-429b-add4-6d1fb1669ef0\/","og_site_name":"Zona Curiosa","article_published_time":"2026-04-09T18:03:00+00:00","article_modified_time":"2026-04-09T18:03:24+00:00","author":"ederaugusttomuller","twitter_card":"summary_large_image","twitter_misc":{"Written by":"ederaugusttomuller","Est. reading time":"2 minutes"},"schema":{"@context":"https:\/\/schema.org","@graph":[{"@type":"WebPage","@id":"https:\/\/zonacuriosa.com.br\/f2d139b9-f561-429b-add4-6d1fb1669ef0\/","url":"https:\/\/zonacuriosa.com.br\/f2d139b9-f561-429b-add4-6d1fb1669ef0\/","name":"Pessoa Coordenadora de Produto | Oportunidade em Produtos Digitais Globo - Zona Curiosa","isPartOf":{"@id":"https:\/\/zonacuriosa.com.br\/#website"},"datePublished":"2026-04-09T18:03:00+00:00","dateModified":"2026-04-09T18:03:24+00:00","author":{"@id":"https:\/\/zonacuriosa.com.br\/#\/schema\/person\/890d2e5780ff9ae3803551e7f1d7a46d"},"breadcrumb":{"@id":"https:\/\/zonacuriosa.com.br\/f2d139b9-f561-429b-add4-6d1fb1669ef0\/#breadcrumb"},"inLanguage":"en-US","potentialAction":[{"@type":"ReadAction","target":["https:\/\/zonacuriosa.com.br\/f2d139b9-f561-429b-add4-6d1fb1669ef0\/"]}]},{"@type":"BreadcrumbList","@id":"https:\/\/zonacuriosa.com.br\/f2d139b9-f561-429b-add4-6d1fb1669ef0\/#breadcrumb","itemListElement":[{"@type":"ListItem","position":1,"name":"Home","item":"https:\/\/zonacuriosa.com.br\/"},{"@type":"ListItem","position":2,"name":"Pessoa Coordenadora de Produto | Oportunidade em Produtos Digitais Globo"}]},{"@type":"WebSite","@id":"https:\/\/zonacuriosa.com.br\/#website","url":"https:\/\/zonacuriosa.com.br\/","name":"Zona Curiosa","description":"","potentialAction":[{"@type":"SearchAction","target":{"@type":"EntryPoint","urlTemplate":"https:\/\/zonacuriosa.com.br\/?s={search_term_string}"},"query-input":"required name=search_term_string"}],"inLanguage":"en-US"},{"@type":"Person","@id":"https:\/\/zonacuriosa.com.br\/#\/schema\/person\/890d2e5780ff9ae3803551e7f1d7a46d","name":"ederaugusttomuller","image":{"@type":"ImageObject","inLanguage":"en-US","@id":"https:\/\/zonacuriosa.com.br\/#\/schema\/person\/image\/","url":"https:\/\/secure.gravatar.com\/avatar\/96357ca64e7ff2bf802e5dba125702c6?s=96&d=mm&r=g","contentUrl":"https:\/\/secure.gravatar.com\/avatar\/96357ca64e7ff2bf802e5dba125702c6?s=96&d=mm&r=g","caption":"ederaugusttomuller"},"url":"https:\/\/zonacuriosa.com.br\/en\/author\/ederaugusttomuller\/"}]}},"_links":{"self":[{"href":"https:\/\/zonacuriosa.com.br\/en\/wp-json\/wp\/v2\/posts\/103303"}],"collection":[{"href":"https:\/\/zonacuriosa.com.br\/en\/wp-json\/wp\/v2\/posts"}],"about":[{"href":"https:\/\/zonacuriosa.com.br\/en\/wp-json\/wp\/v2\/types\/post"}],"author":[{"embeddable":true,"href":"https:\/\/zonacuriosa.com.br\/en\/wp-json\/wp\/v2\/users\/113"}],"replies":[{"embeddable":true,"href":"https:\/\/zonacuriosa.com.br\/en\/wp-json\/wp\/v2\/comments?post=103303"}],"version-history":[{"count":1,"href":"https:\/\/zonacuriosa.com.br\/en\/wp-json\/wp\/v2\/posts\/103303\/revisions"}],"predecessor-version":[{"id":103311,"href":"https:\/\/zonacuriosa.com.br\/en\/wp-json\/wp\/v2\/posts\/103303\/revisions\/103311"}],"wp:attachment":[{"href":"https:\/\/zonacuriosa.com.br\/en\/wp-json\/wp\/v2\/media?parent=103303"}],"wp:term":[{"taxonomy":"category","embeddable":true,"href":"https:\/\/zonacuriosa.com.br\/en\/wp-json\/wp\/v2\/categories?post=103303"},{"taxonomy":"post_tag","embeddable":true,"href":"https:\/\/zonacuriosa.com.br\/en\/wp-json\/wp\/v2\/tags?post=103303"}],"curies":[{"name":"wp","href":"https:\/\/api.w.org\/{rel}","templated":true}]}}