{"id":103285,"date":"2026-04-09T15:55:00","date_gmt":"2026-04-09T15:55:00","guid":{"rendered":"https:\/\/zonacuriosa.com.br\/43495a22-3804-4430-9703-129c20df6435\/"},"modified":"2026-04-09T15:55:54","modified_gmt":"2026-04-09T15:55:54","slug":"43495a22-3804-4430-9703-129c20df6435","status":"publish","type":"post","link":"https:\/\/zonacuriosa.com.br\/en\/43495a22-3804-4430-9703-129c20df6435\/","title":{"rendered":"Pessoa Coordenadora de Produto | Lideran\u00e7a em Produtos Digitais"},"content":{"rendered":"<div class=\"mx-5 sm:mx-0 prose text-left mb-5\">\n<\/p>\n<div style=\"background: #ffffff; border-radius: 12px; box-shadow: 0 10px 30px rgba(0, 0, 0, 0.1); width: 100%; max-width: 340px; padding: 25px; transition: transform 0.3s ease-in-out; overflow: visible; display: flex; flex-direction: column; position: relative; border: 1px solid #28a745; margin-top: 70px; margin-bottom: 50px; margin-left: auto; margin-right: auto;\">\n<div style=\"position: absolute; top: -35px; right: 15px; color: #28a745; padding: 5px 10px; border-radius: 6px; font-size: 14px; font-weight: bold; display: flex; align-items: center; z-index: 10;\">Recommended for you<\/div>\n<div data-namespace-header=\"\" style=\"\">\n<h3 data-namespace-title=\"\" style=\"color: #333; font-size: 20px; font-weight: bold; text-align: left; margin-right: 50px; min-height: 50px; margin-top: 0px;\">Pessoa Coordenadora de Produto<\/h3>\n<\/p><\/div>\n<p data-namespace-prompt=\"\" style=\"font-size: 16px; color: #666; margin-bottom: 20px; line-height: 1.5; flex-grow: 1; text-align: left; margin-top: 0px;\">Coordene produtos digitais em cen\u00e1rio inovador, com ambiente diverso e inclusivo. Lideran\u00e7a estrat\u00e9gica, engajamento em neg\u00f3cios digitais e oportunidade para profissionais de destaque.<\/p>\n<p>    <a data-namespace-url=\"\" href=\"https:\/\/zonacuriosa.com.br\/en\/redirect\/?https:\/\/globo.gupy.io\/jobs\/11099931?jobBoardSource=gupy_public_page&#038;utm_campaign=google_jobs_apply&#038;utm_source=google_jobs_apply&#038;utm_medium=organic\" style=\"width: 100%; display: inline-block; color: white; text-decoration: none; border-radius: 6px; font-size: 16px; font-weight: bold; text-align: center; transition: transform 0.3s ease, background 0.3s ease; margin-top: auto;\" data-namespace-id=\"5c0d2565-3ba9-4280-a382-ad2a691e2285\"><br \/>\n        <button style=\"width: 100%; height: 55px; background: #e9e9ed; border: 1px solid black; color: black;\">Apply for the job<\/button><br \/>\n    <\/a><br \/>\n    <small style=\"margin-top: 10px; color: #777; font-size: 12px; text-align: center; display: block;\">You will be redirected to another website.<\/small>\n<\/div>\n<p>Para quem busca um papel estrat\u00e9gico em inova\u00e7\u00e3o digital, a vaga de Pessoa Coordenadora de Produto pode ser uma excelente escolha. O foco est\u00e1 em lideran\u00e7a de produtos digitais, oferecendo uma oportunidade de atuar diretamente em projetos inovadores. O tipo de vaga \u00e9 efetivo, no modelo h\u00edbrido, com condi\u00e7\u00f5es atraentes para profissionais interessados em formar times diversos e impactar milh\u00f5es de usu\u00e1rios. O ambiente favorece a inclus\u00e3o, oferecendo acessibilidade para PcD e promovendo um espa\u00e7o inovador para desenvolvimento profissional e pessoal.<\/p>\n<h2>Main day-to-day responsibilities<\/h2>\n<p>No cotidiano, espera-se executar estrat\u00e9gias para plataformas digitais, focando no valor para usu\u00e1rios, anunciantes e produtores. \u00c9 fundamental equilibrar crescimento de audi\u00eancia, monetiza\u00e7\u00e3o eficiente e otimiza\u00e7\u00e3o de custos sem perder de vista a experi\u00eancia do usu\u00e1rio.<\/p>\n<p>O coordenador ser\u00e1 refer\u00eancia em navega\u00e7\u00e3o de produtos, atuando com backlog estrat\u00e9gico, an\u00e1lise de indicadores e resposta r\u00e1pida \u00e0s tend\u00eancias do setor digital e de entretenimento.<\/p>\n<p>Outras atribui\u00e7\u00f5es incluem acompanhar resultados frente \u00e0 concorr\u00eancia, liderar times dedicados, e integrar m\u00faltiplas \u00e1reas como Tecnologia, Marketing e Comercial para entregar solu\u00e7\u00f5es robustas.<\/p>\n<p>Habilidades como comunica\u00e7\u00e3o eficiente, pensamento estrat\u00e9gico e orienta\u00e7\u00e3o a dados s\u00e3o fundamentais para o bom desempenho da fun\u00e7\u00e3o, principalmente na busca constante por inova\u00e7\u00e3o.<\/p>\n<p>A articula\u00e7\u00e3o de parcerias estrat\u00e9gicas e vis\u00e3o anal\u00edtica de mercado completam os desafios enfrentados cotidianamente nesta posi\u00e7\u00e3o.<\/p>\n<h2>Positive aspects of the position<\/h2>\n<p>Um dos grandes atrativos \u00e9 a possibilidade de impactar milhares de usu\u00e1rios com produtos digitais relevantes, em um ambiente que valoriza a diversidade e a inclus\u00e3o.<\/p>\n<p>Outro destaque \u00e9 o modelo de trabalho flex\u00edvel e a chance de aprender e crescer em contato com especialistas de tecnologia e inova\u00e7\u00e3o.<\/p>\n<h2>Disadvantages of the position<\/h2>\n<p>As demandas de r\u00e1pida adapta\u00e7\u00e3o podem ser desafiadoras e exigem constante atualiza\u00e7\u00e3o, al\u00e9m de alta capacidade de gerenciamento de equipes em diferentes \u00e1reas.<\/p>\n<p>Outro ponto \u00e9 a necessidade de lidar com m\u00faltiplos stakeholders e decis\u00f5es sob press\u00e3o, algo comum em ambientes digitais din\u00e2micos.<\/p>\n<h2>Final verdict<\/h2>\n<p>Esta oportunidade \u00e9 excelente para quem deseja liderar projetos inovadores e busca crescimento em produtos digitais. Apesar dos desafios, o ambiente proporciona desenvolvimento profissional e est\u00e1 alinhado com as expectativas do mercado atual.<\/p>\n<div style=\"background: #ffffff; border-radius: 12px; box-shadow: 0 10px 30px rgba(0, 0, 0, 0.1); width: 100%; max-width: 340px; padding: 25px; transition: transform 0.3s ease-in-out; overflow: visible; display: flex; flex-direction: column; position: relative; border: 1px solid #28a745; margin-top: 70px; margin-bottom: 50px; margin-left: auto; margin-right: auto;\">\n<div style=\"position: absolute; top: -35px; right: 15px; color: #28a745; padding: 5px 10px; border-radius: 6px; font-size: 14px; font-weight: bold; display: flex; align-items: center; z-index: 10;\">Recommended for you<\/div>\n<div data-namespace-header=\"\" style=\"\">\n<h3 data-namespace-title=\"\" style=\"color: #333; font-size: 20px; font-weight: bold; text-align: left; margin-right: 50px; min-height: 50px; margin-top: 0px;\">Pessoa Coordenadora de Produto<\/h3>\n<\/p><\/div>\n<p data-namespace-prompt=\"\" style=\"font-size: 16px; color: #666; margin-bottom: 20px; line-height: 1.5; flex-grow: 1; text-align: left; margin-top: 0px;\">Coordene produtos digitais em cen\u00e1rio inovador, com ambiente diverso e inclusivo. Lideran\u00e7a estrat\u00e9gica, engajamento em neg\u00f3cios digitais e oportunidade para profissionais de destaque.<\/p>\n<p>    <a data-namespace-url=\"\" href=\"https:\/\/zonacuriosa.com.br\/en\/redirect\/?https:\/\/globo.gupy.io\/jobs\/11099931?jobBoardSource=gupy_public_page&#038;utm_campaign=google_jobs_apply&#038;utm_source=google_jobs_apply&#038;utm_medium=organic\" style=\"width: 100%; display: inline-block; color: white; text-decoration: none; border-radius: 6px; font-size: 16px; font-weight: bold; text-align: center; transition: transform 0.3s ease, background 0.3s ease; margin-top: auto;\" data-namespace-id=\"5c0d2565-3ba9-4280-a382-ad2a691e2285\"><br \/>\n        <button style=\"width: 100%; height: 55px; background: #e9e9ed; border: 1px solid black; color: black;\">Apply for the job<\/button><br \/>\n    <\/a><br \/>\n    <small style=\"margin-top: 10px; color: #777; font-size: 12px; text-align: center; display: block;\">You will be redirected to another website.<\/small>\n<\/div>\n<\/div>","protected":false},"excerpt":{"rendered":"<p>Conhe\u00e7a a vaga Pessoa Coordenadora de Produto na Globo. Ambiente inclusivo, lideran\u00e7a em produtos digitais e oportunidade de causar impacto com inova\u00e7\u00e3o.<\/p>","protected":false},"author":113,"featured_media":0,"comment_status":"open","ping_status":"open","sticky":false,"template":"","format":"standard","meta":{"footnotes":""},"categories":[11],"tags":[],"yoast_head":"<!-- This site is optimized with the Yoast SEO plugin v23.3 - https:\/\/yoast.com\/wordpress\/plugins\/seo\/ -->\n<title>Pessoa Coordenadora de Produto | Lideran\u00e7a em Produtos Digitais - Zona Curiosa<\/title>\n<meta name=\"robots\" content=\"index, follow, max-snippet:-1, max-image-preview:large, max-video-preview:-1\" \/>\n<link rel=\"canonical\" href=\"https:\/\/zonacuriosa.com.br\/en\/43495a22-3804-4430-9703-129c20df6435\/\" \/>\n<meta property=\"og:locale\" content=\"en_US\" \/>\n<meta property=\"og:type\" content=\"article\" \/>\n<meta property=\"og:title\" content=\"Pessoa Coordenadora de Produto | Lideran\u00e7a em Produtos Digitais - Zona Curiosa\" \/>\n<meta property=\"og:description\" content=\"Conhe\u00e7a a vaga Pessoa Coordenadora de Produto na Globo. Ambiente inclusivo, lideran\u00e7a em produtos digitais e oportunidade de causar impacto com inova\u00e7\u00e3o.\" \/>\n<meta property=\"og:url\" content=\"https:\/\/zonacuriosa.com.br\/en\/43495a22-3804-4430-9703-129c20df6435\/\" \/>\n<meta property=\"og:site_name\" content=\"Zona Curiosa\" \/>\n<meta property=\"article:published_time\" content=\"2026-04-09T15:55:00+00:00\" \/>\n<meta property=\"article:modified_time\" content=\"2026-04-09T15:55:54+00:00\" \/>\n<meta name=\"author\" content=\"ederaugusttomuller\" \/>\n<meta name=\"twitter:card\" content=\"summary_large_image\" \/>\n<meta name=\"twitter:label1\" content=\"Written by\" \/>\n\t<meta name=\"twitter:data1\" content=\"ederaugusttomuller\" \/>\n\t<meta name=\"twitter:label2\" content=\"Est. reading time\" \/>\n\t<meta name=\"twitter:data2\" content=\"2 minutes\" \/>\n<script type=\"application\/ld+json\" class=\"yoast-schema-graph\">{\"@context\":\"https:\/\/schema.org\",\"@graph\":[{\"@type\":\"WebPage\",\"@id\":\"https:\/\/zonacuriosa.com.br\/43495a22-3804-4430-9703-129c20df6435\/\",\"url\":\"https:\/\/zonacuriosa.com.br\/43495a22-3804-4430-9703-129c20df6435\/\",\"name\":\"Pessoa Coordenadora de Produto | Lideran\u00e7a em Produtos Digitais - Zona Curiosa\",\"isPartOf\":{\"@id\":\"https:\/\/zonacuriosa.com.br\/#website\"},\"datePublished\":\"2026-04-09T15:55:00+00:00\",\"dateModified\":\"2026-04-09T15:55:54+00:00\",\"author\":{\"@id\":\"https:\/\/zonacuriosa.com.br\/#\/schema\/person\/890d2e5780ff9ae3803551e7f1d7a46d\"},\"breadcrumb\":{\"@id\":\"https:\/\/zonacuriosa.com.br\/43495a22-3804-4430-9703-129c20df6435\/#breadcrumb\"},\"inLanguage\":\"en-US\",\"potentialAction\":[{\"@type\":\"ReadAction\",\"target\":[\"https:\/\/zonacuriosa.com.br\/43495a22-3804-4430-9703-129c20df6435\/\"]}]},{\"@type\":\"BreadcrumbList\",\"@id\":\"https:\/\/zonacuriosa.com.br\/43495a22-3804-4430-9703-129c20df6435\/#breadcrumb\",\"itemListElement\":[{\"@type\":\"ListItem\",\"position\":1,\"name\":\"Home\",\"item\":\"https:\/\/zonacuriosa.com.br\/\"},{\"@type\":\"ListItem\",\"position\":2,\"name\":\"Pessoa Coordenadora de Produto | Lideran\u00e7a em Produtos Digitais\"}]},{\"@type\":\"WebSite\",\"@id\":\"https:\/\/zonacuriosa.com.br\/#website\",\"url\":\"https:\/\/zonacuriosa.com.br\/\",\"name\":\"Zona Curiosa\",\"description\":\"\",\"potentialAction\":[{\"@type\":\"SearchAction\",\"target\":{\"@type\":\"EntryPoint\",\"urlTemplate\":\"https:\/\/zonacuriosa.com.br\/?s={search_term_string}\"},\"query-input\":\"required name=search_term_string\"}],\"inLanguage\":\"en-US\"},{\"@type\":\"Person\",\"@id\":\"https:\/\/zonacuriosa.com.br\/#\/schema\/person\/890d2e5780ff9ae3803551e7f1d7a46d\",\"name\":\"ederaugusttomuller\",\"image\":{\"@type\":\"ImageObject\",\"inLanguage\":\"en-US\",\"@id\":\"https:\/\/zonacuriosa.com.br\/#\/schema\/person\/image\/\",\"url\":\"https:\/\/secure.gravatar.com\/avatar\/96357ca64e7ff2bf802e5dba125702c6?s=96&d=mm&r=g\",\"contentUrl\":\"https:\/\/secure.gravatar.com\/avatar\/96357ca64e7ff2bf802e5dba125702c6?s=96&d=mm&r=g\",\"caption\":\"ederaugusttomuller\"},\"url\":\"https:\/\/zonacuriosa.com.br\/en\/author\/ederaugusttomuller\/\"}]}<\/script>\n<!-- \/ Yoast SEO plugin. -->","yoast_head_json":{"title":"Pessoa Coordenadora de Produto | Lideran\u00e7a em Produtos Digitais - Zona Curiosa","robots":{"index":"index","follow":"follow","max-snippet":"max-snippet:-1","max-image-preview":"max-image-preview:large","max-video-preview":"max-video-preview:-1"},"canonical":"https:\/\/zonacuriosa.com.br\/en\/43495a22-3804-4430-9703-129c20df6435\/","og_locale":"en_US","og_type":"article","og_title":"Pessoa Coordenadora de Produto | Lideran\u00e7a em Produtos Digitais - Zona Curiosa","og_description":"Conhe\u00e7a a vaga Pessoa Coordenadora de Produto na Globo. Ambiente inclusivo, lideran\u00e7a em produtos digitais e oportunidade de causar impacto com inova\u00e7\u00e3o.","og_url":"https:\/\/zonacuriosa.com.br\/en\/43495a22-3804-4430-9703-129c20df6435\/","og_site_name":"Zona Curiosa","article_published_time":"2026-04-09T15:55:00+00:00","article_modified_time":"2026-04-09T15:55:54+00:00","author":"ederaugusttomuller","twitter_card":"summary_large_image","twitter_misc":{"Written by":"ederaugusttomuller","Est. reading time":"2 minutes"},"schema":{"@context":"https:\/\/schema.org","@graph":[{"@type":"WebPage","@id":"https:\/\/zonacuriosa.com.br\/43495a22-3804-4430-9703-129c20df6435\/","url":"https:\/\/zonacuriosa.com.br\/43495a22-3804-4430-9703-129c20df6435\/","name":"Pessoa Coordenadora de Produto | Lideran\u00e7a em Produtos Digitais - Zona Curiosa","isPartOf":{"@id":"https:\/\/zonacuriosa.com.br\/#website"},"datePublished":"2026-04-09T15:55:00+00:00","dateModified":"2026-04-09T15:55:54+00:00","author":{"@id":"https:\/\/zonacuriosa.com.br\/#\/schema\/person\/890d2e5780ff9ae3803551e7f1d7a46d"},"breadcrumb":{"@id":"https:\/\/zonacuriosa.com.br\/43495a22-3804-4430-9703-129c20df6435\/#breadcrumb"},"inLanguage":"en-US","potentialAction":[{"@type":"ReadAction","target":["https:\/\/zonacuriosa.com.br\/43495a22-3804-4430-9703-129c20df6435\/"]}]},{"@type":"BreadcrumbList","@id":"https:\/\/zonacuriosa.com.br\/43495a22-3804-4430-9703-129c20df6435\/#breadcrumb","itemListElement":[{"@type":"ListItem","position":1,"name":"Home","item":"https:\/\/zonacuriosa.com.br\/"},{"@type":"ListItem","position":2,"name":"Pessoa Coordenadora de Produto | Lideran\u00e7a em Produtos Digitais"}]},{"@type":"WebSite","@id":"https:\/\/zonacuriosa.com.br\/#website","url":"https:\/\/zonacuriosa.com.br\/","name":"Zona Curiosa","description":"","potentialAction":[{"@type":"SearchAction","target":{"@type":"EntryPoint","urlTemplate":"https:\/\/zonacuriosa.com.br\/?s={search_term_string}"},"query-input":"required name=search_term_string"}],"inLanguage":"en-US"},{"@type":"Person","@id":"https:\/\/zonacuriosa.com.br\/#\/schema\/person\/890d2e5780ff9ae3803551e7f1d7a46d","name":"ederaugusttomuller","image":{"@type":"ImageObject","inLanguage":"en-US","@id":"https:\/\/zonacuriosa.com.br\/#\/schema\/person\/image\/","url":"https:\/\/secure.gravatar.com\/avatar\/96357ca64e7ff2bf802e5dba125702c6?s=96&d=mm&r=g","contentUrl":"https:\/\/secure.gravatar.com\/avatar\/96357ca64e7ff2bf802e5dba125702c6?s=96&d=mm&r=g","caption":"ederaugusttomuller"},"url":"https:\/\/zonacuriosa.com.br\/en\/author\/ederaugusttomuller\/"}]}},"_links":{"self":[{"href":"https:\/\/zonacuriosa.com.br\/en\/wp-json\/wp\/v2\/posts\/103285"}],"collection":[{"href":"https:\/\/zonacuriosa.com.br\/en\/wp-json\/wp\/v2\/posts"}],"about":[{"href":"https:\/\/zonacuriosa.com.br\/en\/wp-json\/wp\/v2\/types\/post"}],"author":[{"embeddable":true,"href":"https:\/\/zonacuriosa.com.br\/en\/wp-json\/wp\/v2\/users\/113"}],"replies":[{"embeddable":true,"href":"https:\/\/zonacuriosa.com.br\/en\/wp-json\/wp\/v2\/comments?post=103285"}],"version-history":[{"count":1,"href":"https:\/\/zonacuriosa.com.br\/en\/wp-json\/wp\/v2\/posts\/103285\/revisions"}],"predecessor-version":[{"id":103293,"href":"https:\/\/zonacuriosa.com.br\/en\/wp-json\/wp\/v2\/posts\/103285\/revisions\/103293"}],"wp:attachment":[{"href":"https:\/\/zonacuriosa.com.br\/en\/wp-json\/wp\/v2\/media?parent=103285"}],"wp:term":[{"taxonomy":"category","embeddable":true,"href":"https:\/\/zonacuriosa.com.br\/en\/wp-json\/wp\/v2\/categories?post=103285"},{"taxonomy":"post_tag","embeddable":true,"href":"https:\/\/zonacuriosa.com.br\/en\/wp-json\/wp\/v2\/tags?post=103285"}],"curies":[{"name":"wp","href":"https:\/\/api.w.org\/{rel}","templated":true}]}}