{"id":103202,"date":"2026-04-09T14:28:00","date_gmt":"2026-04-09T14:28:00","guid":{"rendered":"https:\/\/zonacuriosa.com.br\/e244d694-2f73-4e18-85f3-9f3f43647689\/"},"modified":"2026-04-09T14:28:35","modified_gmt":"2026-04-09T14:28:35","slug":"e244d694-2f73-4e18-85f3-9f3f43647689","status":"publish","type":"post","link":"https:\/\/zonacuriosa.com.br\/en\/e244d694-2f73-4e18-85f3-9f3f43647689\/","title":{"rendered":"Est\u00e1gio em Cinema e Audiovisual: Oportunidade CLT, presencial e pr\u00e1tica"},"content":{"rendered":"<div class=\"mx-5 sm:mx-0 prose text-left mb-5\">\n<\/p>\n<div style=\"background: #ffffff; border-radius: 12px; box-shadow: 0 10px 30px rgba(0, 0, 0, 0.1); width: 100%; max-width: 340px; padding: 25px; transition: transform 0.3s ease-in-out; overflow: visible; display: flex; flex-direction: column; position: relative; border: 1px solid #28a745; margin-top: 70px; margin-bottom: 50px; margin-left: auto; margin-right: auto;\">\n<div style=\"position: absolute; top: -35px; right: 15px; color: #28a745; padding: 5px 10px; border-radius: 6px; font-size: 14px; font-weight: bold; display: flex; align-items: center; z-index: 10;\">Recommended for you<\/div>\n<div data-namespace-header=\"\" style=\"\">\n<h3 data-namespace-title=\"\" style=\"color: #333; font-size: 20px; font-weight: bold; text-align: left; margin-right: 50px; min-height: 50px; margin-top: 0px;\">Est\u00e1gio em Cinema e Audiovisual<\/h3>\n<\/p><\/div>\n<p data-namespace-prompt=\"\" style=\"font-size: 16px; color: #666; margin-bottom: 20px; line-height: 1.5; flex-grow: 1; text-align: left; margin-top: 0px;\">\n        Vaga de est\u00e1gio CLT presencial em audiovisual \u2014 oportunidade de atua\u00e7\u00e3o pr\u00e1tica, ideal para desenvolver habilidades t\u00e9cnicas em um ambiente din\u00e2mico e de aprendizado.\n    <\/p>\n<p>    <a data-namespace-url=\"\" href=\"https:\/\/zonacuriosa.com.br\/en\/redirect\/?https:\/\/www.melhoresempregos.com\/vagas-de-audiovisual-em-aracaju-se\/?utm_campaign=google_jobs_apply&#038;utm_source=google_jobs_apply&#038;utm_medium=organic\" style=\"width: 100%; display: inline-block; color: white; text-decoration: none; border-radius: 6px; font-size: 16px; font-weight: bold; text-align: center; transition: transform 0.3s ease, background 0.3s ease; margin-top: auto;\" data-namespace-id=\"5c0d2565-3ba9-4280-a382-ad2a691e2285\"><br \/>\n        <button style=\"width: 100%; height: 55px; background: #e9e9ed; border: 1px solid black; color: black;\">Apply for the job<\/button><br \/>\n    <\/a><br \/>\n    <small style=\"margin-top: 10px; color: #777; font-size: 12px; text-align: center; display: block;\">You will be redirected to another website.<\/small>\n<\/div>\n<p>Se voc\u00ea busca o in\u00edcio de carreira com uma experi\u00eancia real no setor audiovisual, o est\u00e1gio em Cinema e Audiovisual pode ser sua chance de ganhar pr\u00e1tica. Esse \u00e9 um est\u00e1gio efetivo, pelo regime CLT, presencial, oferecendo aprendizado direto no dia a dia da profiss\u00e3o.<\/p>\n<p>A remunera\u00e7\u00e3o n\u00e3o foi informada, mas geralmente est\u00e1 de acordo com o praticado para vagas de est\u00e1gio no mercado audiovisual, e inclui benef\u00edcios compat\u00edveis com a fun\u00e7\u00e3o. O ambiente promete dinamismo e bastante contato com equipamentos, produ\u00e7\u00e3o de conte\u00fado, capta\u00e7\u00e3o e edi\u00e7\u00e3o de v\u00eddeo.<\/p>\n<h2>Como \u00e9 o dia a dia do est\u00e1gio<\/h2>\n<p>No ambiente de est\u00e1gio em audiovisual, as tarefas s\u00e3o bastante variadas. Voc\u00ea deve apoiar a prepara\u00e7\u00e3o e a produ\u00e7\u00e3o de pequenos v\u00eddeos, realizar grava\u00e7\u00f5es e manejar equipamentos de \u00e1udio e imagem sob orienta\u00e7\u00e3o.<\/p>\n<p>Tamb\u00e9m \u00e9 esperado que o estagi\u00e1rio auxilie no roteiro, edi\u00e7\u00e3o de material bruto, cataloga\u00e7\u00e3o de arquivos e tenha disposi\u00e7\u00e3o para aprender novas t\u00e9cnicas constantemente, ajustando-se aos projetos do time.<\/p>\n<p>A fun\u00e7\u00e3o exige criatividade, disciplina e boa comunica\u00e7\u00e3o com a equipe, pois h\u00e1 bastante intera\u00e7\u00e3o com profissionais experientes. Participar de reuni\u00f5es, dar suporte em sets e sempre buscar melhorar seus resultados ser\u00e1 parte do seu cotidiano.<\/p>\n<p>Voc\u00ea poder\u00e1 participar de processos criativos desde o in\u00edcio e, assim, entender o fluxo completo de um projeto audiovisual, do planejamento at\u00e9 a edi\u00e7\u00e3o final. O ambiente costuma valorizar quem toma iniciativa sem medo de errar.<\/p>\n<h2>Positive aspects of the job opening<\/h2>\n<p>Um dos principais atrativos desse est\u00e1gio \u00e9 a viv\u00eancia pr\u00e1tica dentro de um setor em constante crescimento. Isso acelera seu aprendizado e aumenta as chances de efetiva\u00e7\u00e3o futura.<\/p>\n<p>Al\u00e9m disso, trabalhar presencialmente permite ampliar seu networking e desenvolver habilidades interpessoais relevantes para a \u00e1rea. O contato pr\u00f3ximo com a equipe s\u00eanior proporciona orienta\u00e7\u00e3o profissional de qualidade.<\/p>\n<h2>O que pode n\u00e3o agradar<\/h2>\n<p>Como toda vaga de est\u00e1gio, a remunera\u00e7\u00e3o costuma ser modesta e os desafios de adapta\u00e7\u00e3o ao ritmo profissional s\u00e3o reais. Flexibilidade \u00e9 essencial.<\/p>\n<p>Outro ponto \u00e9 o fato de o trabalho ser 100% presencial, exigindo deslocamento di\u00e1rio e implicando em menos liberdade em hor\u00e1rios, se comparado a vagas remotas.<\/p>\n<h2>Final verdict<\/h2>\n<p>Para quem almeja solidificar a carreira em audiovisual, este est\u00e1gio \u00e9 uma \u00f3tima porta de entrada. Com aprendizado pr\u00e1tico e boas oportunidades de contato profissional, a vaga se destaca, principalmente para quem prioriza o crescimento no mercado.<\/p>\n<div style=\"background: #ffffff; border-radius: 12px; box-shadow: 0 10px 30px rgba(0, 0, 0, 0.1); width: 100%; max-width: 340px; padding: 25px; transition: transform 0.3s ease-in-out; overflow: visible; display: flex; flex-direction: column; position: relative; border: 1px solid #28a745; margin-top: 70px; margin-bottom: 50px; margin-left: auto; margin-right: auto;\">\n<div style=\"position: absolute; top: -35px; right: 15px; color: #28a745; padding: 5px 10px; border-radius: 6px; font-size: 14px; font-weight: bold; display: flex; align-items: center; z-index: 10;\">Recommended for you<\/div>\n<div data-namespace-header=\"\" style=\"\">\n<h3 data-namespace-title=\"\" style=\"color: #333; font-size: 20px; font-weight: bold; text-align: left; margin-right: 50px; min-height: 50px; margin-top: 0px;\">Est\u00e1gio em Cinema e Audiovisual<\/h3>\n<\/p><\/div>\n<p data-namespace-prompt=\"\" style=\"font-size: 16px; color: #666; margin-bottom: 20px; line-height: 1.5; flex-grow: 1; text-align: left; margin-top: 0px;\">\n        Vaga de est\u00e1gio CLT presencial em audiovisual \u2014 oportunidade de atua\u00e7\u00e3o pr\u00e1tica, ideal para desenvolver habilidades t\u00e9cnicas em um ambiente din\u00e2mico e de aprendizado.\n    <\/p>\n<p>    <a data-namespace-url=\"\" href=\"https:\/\/zonacuriosa.com.br\/en\/redirect\/?https:\/\/www.melhoresempregos.com\/vagas-de-audiovisual-em-aracaju-se\/?utm_campaign=google_jobs_apply&#038;utm_source=google_jobs_apply&#038;utm_medium=organic\" style=\"width: 100%; display: inline-block; color: white; text-decoration: none; border-radius: 6px; font-size: 16px; font-weight: bold; text-align: center; transition: transform 0.3s ease, background 0.3s ease; margin-top: auto;\" data-namespace-id=\"5c0d2565-3ba9-4280-a382-ad2a691e2285\"><br \/>\n        <button style=\"width: 100%; height: 55px; background: #e9e9ed; border: 1px solid black; color: black;\">Apply for the job<\/button><br \/>\n    <\/a><br \/>\n    <small style=\"margin-top: 10px; color: #777; font-size: 12px; text-align: center; display: block;\">You will be redirected to another website.<\/small>\n<\/div>\n<\/div>","protected":false},"excerpt":{"rendered":"<p>Descubra os principais pontos do est\u00e1gio em Cinema e Audiovisual CLT presencial. Veja detalhes das tarefas, vantagens e desafios para impulsionar sua carreira criativa!<\/p>","protected":false},"author":113,"featured_media":0,"comment_status":"open","ping_status":"open","sticky":false,"template":"","format":"standard","meta":{"footnotes":""},"categories":[11],"tags":[],"yoast_head":"<!-- This site is optimized with the Yoast SEO plugin v23.3 - https:\/\/yoast.com\/wordpress\/plugins\/seo\/ -->\n<title>Est\u00e1gio em Cinema e Audiovisual: Oportunidade CLT, presencial e pr\u00e1tica - Zona Curiosa<\/title>\n<meta name=\"robots\" content=\"index, follow, max-snippet:-1, max-image-preview:large, max-video-preview:-1\" \/>\n<link rel=\"canonical\" href=\"https:\/\/zonacuriosa.com.br\/en\/e244d694-2f73-4e18-85f3-9f3f43647689\/\" \/>\n<meta property=\"og:locale\" content=\"en_US\" \/>\n<meta property=\"og:type\" content=\"article\" \/>\n<meta property=\"og:title\" content=\"Est\u00e1gio em Cinema e Audiovisual: Oportunidade CLT, presencial e pr\u00e1tica - Zona Curiosa\" \/>\n<meta property=\"og:description\" content=\"Descubra os principais pontos do est\u00e1gio em Cinema e Audiovisual CLT presencial. Veja detalhes das tarefas, vantagens e desafios para impulsionar sua carreira criativa!\" \/>\n<meta property=\"og:url\" content=\"https:\/\/zonacuriosa.com.br\/en\/e244d694-2f73-4e18-85f3-9f3f43647689\/\" \/>\n<meta property=\"og:site_name\" content=\"Zona Curiosa\" \/>\n<meta property=\"article:published_time\" content=\"2026-04-09T14:28:00+00:00\" \/>\n<meta property=\"article:modified_time\" content=\"2026-04-09T14:28:35+00:00\" \/>\n<meta name=\"author\" content=\"ederaugusttomuller\" \/>\n<meta name=\"twitter:card\" content=\"summary_large_image\" \/>\n<meta name=\"twitter:label1\" content=\"Written by\" \/>\n\t<meta name=\"twitter:data1\" content=\"ederaugusttomuller\" \/>\n\t<meta name=\"twitter:label2\" content=\"Est. reading time\" \/>\n\t<meta name=\"twitter:data2\" content=\"3 minutes\" \/>\n<script type=\"application\/ld+json\" class=\"yoast-schema-graph\">{\"@context\":\"https:\/\/schema.org\",\"@graph\":[{\"@type\":\"WebPage\",\"@id\":\"https:\/\/zonacuriosa.com.br\/e244d694-2f73-4e18-85f3-9f3f43647689\/\",\"url\":\"https:\/\/zonacuriosa.com.br\/e244d694-2f73-4e18-85f3-9f3f43647689\/\",\"name\":\"Est\u00e1gio em Cinema e Audiovisual: Oportunidade CLT, presencial e pr\u00e1tica - Zona Curiosa\",\"isPartOf\":{\"@id\":\"https:\/\/zonacuriosa.com.br\/#website\"},\"datePublished\":\"2026-04-09T14:28:00+00:00\",\"dateModified\":\"2026-04-09T14:28:35+00:00\",\"author\":{\"@id\":\"https:\/\/zonacuriosa.com.br\/#\/schema\/person\/890d2e5780ff9ae3803551e7f1d7a46d\"},\"breadcrumb\":{\"@id\":\"https:\/\/zonacuriosa.com.br\/e244d694-2f73-4e18-85f3-9f3f43647689\/#breadcrumb\"},\"inLanguage\":\"en-US\",\"potentialAction\":[{\"@type\":\"ReadAction\",\"target\":[\"https:\/\/zonacuriosa.com.br\/e244d694-2f73-4e18-85f3-9f3f43647689\/\"]}]},{\"@type\":\"BreadcrumbList\",\"@id\":\"https:\/\/zonacuriosa.com.br\/e244d694-2f73-4e18-85f3-9f3f43647689\/#breadcrumb\",\"itemListElement\":[{\"@type\":\"ListItem\",\"position\":1,\"name\":\"Home\",\"item\":\"https:\/\/zonacuriosa.com.br\/\"},{\"@type\":\"ListItem\",\"position\":2,\"name\":\"Est\u00e1gio em Cinema e Audiovisual: Oportunidade CLT, presencial e pr\u00e1tica\"}]},{\"@type\":\"WebSite\",\"@id\":\"https:\/\/zonacuriosa.com.br\/#website\",\"url\":\"https:\/\/zonacuriosa.com.br\/\",\"name\":\"Zona Curiosa\",\"description\":\"\",\"potentialAction\":[{\"@type\":\"SearchAction\",\"target\":{\"@type\":\"EntryPoint\",\"urlTemplate\":\"https:\/\/zonacuriosa.com.br\/?s={search_term_string}\"},\"query-input\":\"required name=search_term_string\"}],\"inLanguage\":\"en-US\"},{\"@type\":\"Person\",\"@id\":\"https:\/\/zonacuriosa.com.br\/#\/schema\/person\/890d2e5780ff9ae3803551e7f1d7a46d\",\"name\":\"ederaugusttomuller\",\"image\":{\"@type\":\"ImageObject\",\"inLanguage\":\"en-US\",\"@id\":\"https:\/\/zonacuriosa.com.br\/#\/schema\/person\/image\/\",\"url\":\"https:\/\/secure.gravatar.com\/avatar\/96357ca64e7ff2bf802e5dba125702c6?s=96&d=mm&r=g\",\"contentUrl\":\"https:\/\/secure.gravatar.com\/avatar\/96357ca64e7ff2bf802e5dba125702c6?s=96&d=mm&r=g\",\"caption\":\"ederaugusttomuller\"},\"url\":\"https:\/\/zonacuriosa.com.br\/en\/author\/ederaugusttomuller\/\"}]}<\/script>\n<!-- \/ Yoast SEO plugin. -->","yoast_head_json":{"title":"Est\u00e1gio em Cinema e Audiovisual: Oportunidade CLT, presencial e pr\u00e1tica - Zona Curiosa","robots":{"index":"index","follow":"follow","max-snippet":"max-snippet:-1","max-image-preview":"max-image-preview:large","max-video-preview":"max-video-preview:-1"},"canonical":"https:\/\/zonacuriosa.com.br\/en\/e244d694-2f73-4e18-85f3-9f3f43647689\/","og_locale":"en_US","og_type":"article","og_title":"Est\u00e1gio em Cinema e Audiovisual: Oportunidade CLT, presencial e pr\u00e1tica - Zona Curiosa","og_description":"Descubra os principais pontos do est\u00e1gio em Cinema e Audiovisual CLT presencial. Veja detalhes das tarefas, vantagens e desafios para impulsionar sua carreira criativa!","og_url":"https:\/\/zonacuriosa.com.br\/en\/e244d694-2f73-4e18-85f3-9f3f43647689\/","og_site_name":"Zona Curiosa","article_published_time":"2026-04-09T14:28:00+00:00","article_modified_time":"2026-04-09T14:28:35+00:00","author":"ederaugusttomuller","twitter_card":"summary_large_image","twitter_misc":{"Written by":"ederaugusttomuller","Est. reading time":"3 minutes"},"schema":{"@context":"https:\/\/schema.org","@graph":[{"@type":"WebPage","@id":"https:\/\/zonacuriosa.com.br\/e244d694-2f73-4e18-85f3-9f3f43647689\/","url":"https:\/\/zonacuriosa.com.br\/e244d694-2f73-4e18-85f3-9f3f43647689\/","name":"Est\u00e1gio em Cinema e Audiovisual: Oportunidade CLT, presencial e pr\u00e1tica - Zona Curiosa","isPartOf":{"@id":"https:\/\/zonacuriosa.com.br\/#website"},"datePublished":"2026-04-09T14:28:00+00:00","dateModified":"2026-04-09T14:28:35+00:00","author":{"@id":"https:\/\/zonacuriosa.com.br\/#\/schema\/person\/890d2e5780ff9ae3803551e7f1d7a46d"},"breadcrumb":{"@id":"https:\/\/zonacuriosa.com.br\/e244d694-2f73-4e18-85f3-9f3f43647689\/#breadcrumb"},"inLanguage":"en-US","potentialAction":[{"@type":"ReadAction","target":["https:\/\/zonacuriosa.com.br\/e244d694-2f73-4e18-85f3-9f3f43647689\/"]}]},{"@type":"BreadcrumbList","@id":"https:\/\/zonacuriosa.com.br\/e244d694-2f73-4e18-85f3-9f3f43647689\/#breadcrumb","itemListElement":[{"@type":"ListItem","position":1,"name":"Home","item":"https:\/\/zonacuriosa.com.br\/"},{"@type":"ListItem","position":2,"name":"Est\u00e1gio em Cinema e Audiovisual: Oportunidade CLT, presencial e pr\u00e1tica"}]},{"@type":"WebSite","@id":"https:\/\/zonacuriosa.com.br\/#website","url":"https:\/\/zonacuriosa.com.br\/","name":"Zona Curiosa","description":"","potentialAction":[{"@type":"SearchAction","target":{"@type":"EntryPoint","urlTemplate":"https:\/\/zonacuriosa.com.br\/?s={search_term_string}"},"query-input":"required name=search_term_string"}],"inLanguage":"en-US"},{"@type":"Person","@id":"https:\/\/zonacuriosa.com.br\/#\/schema\/person\/890d2e5780ff9ae3803551e7f1d7a46d","name":"ederaugusttomuller","image":{"@type":"ImageObject","inLanguage":"en-US","@id":"https:\/\/zonacuriosa.com.br\/#\/schema\/person\/image\/","url":"https:\/\/secure.gravatar.com\/avatar\/96357ca64e7ff2bf802e5dba125702c6?s=96&d=mm&r=g","contentUrl":"https:\/\/secure.gravatar.com\/avatar\/96357ca64e7ff2bf802e5dba125702c6?s=96&d=mm&r=g","caption":"ederaugusttomuller"},"url":"https:\/\/zonacuriosa.com.br\/en\/author\/ederaugusttomuller\/"}]}},"_links":{"self":[{"href":"https:\/\/zonacuriosa.com.br\/en\/wp-json\/wp\/v2\/posts\/103202"}],"collection":[{"href":"https:\/\/zonacuriosa.com.br\/en\/wp-json\/wp\/v2\/posts"}],"about":[{"href":"https:\/\/zonacuriosa.com.br\/en\/wp-json\/wp\/v2\/types\/post"}],"author":[{"embeddable":true,"href":"https:\/\/zonacuriosa.com.br\/en\/wp-json\/wp\/v2\/users\/113"}],"replies":[{"embeddable":true,"href":"https:\/\/zonacuriosa.com.br\/en\/wp-json\/wp\/v2\/comments?post=103202"}],"version-history":[{"count":1,"href":"https:\/\/zonacuriosa.com.br\/en\/wp-json\/wp\/v2\/posts\/103202\/revisions"}],"predecessor-version":[{"id":103211,"href":"https:\/\/zonacuriosa.com.br\/en\/wp-json\/wp\/v2\/posts\/103202\/revisions\/103211"}],"wp:attachment":[{"href":"https:\/\/zonacuriosa.com.br\/en\/wp-json\/wp\/v2\/media?parent=103202"}],"wp:term":[{"taxonomy":"category","embeddable":true,"href":"https:\/\/zonacuriosa.com.br\/en\/wp-json\/wp\/v2\/categories?post=103202"},{"taxonomy":"post_tag","embeddable":true,"href":"https:\/\/zonacuriosa.com.br\/en\/wp-json\/wp\/v2\/tags?post=103202"}],"curies":[{"name":"wp","href":"https:\/\/api.w.org\/{rel}","templated":true}]}}