{"id":103077,"date":"2026-04-09T12:07:00","date_gmt":"2026-04-09T12:07:00","guid":{"rendered":"https:\/\/zonacuriosa.com.br\/34f2d56d-aef8-47e3-9fa8-f80f05ffd1bb\/"},"modified":"2026-04-09T12:07:47","modified_gmt":"2026-04-09T12:07:47","slug":"34f2d56d-aef8-47e3-9fa8-f80f05ffd1bb","status":"publish","type":"post","link":"https:\/\/zonacuriosa.com.br\/en\/34f2d56d-aef8-47e3-9fa8-f80f05ffd1bb\/","title":{"rendered":"Profissional de RH | CLT, Sal\u00e1rios Competitivos e Chances de Crescimento"},"content":{"rendered":"<div class=\"mx-5 sm:mx-0 prose text-left mb-5\">\n<\/p>\n<div style=\"background: #ffffff; border-radius: 12px; box-shadow: 0 10px 30px rgba(0, 0, 0, 0.1); width: 100%; max-width: 340px; padding: 25px; transition: transform 0.3s ease-in-out; overflow: visible; display: flex; flex-direction: column; position: relative; border: 1px solid #28a745; margin-top: 70px; margin-bottom: 50px; margin-left: auto; margin-right: auto;\">\n<div style=\"position: absolute; top: -35px; right: 15px; color: #28a745; padding: 5px 10px; border-radius: 6px; font-size: 14px; font-weight: bold; display: flex; align-items: center; z-index: 10;\">Recommended for you<\/div>\n<div data-namespace-header=\"\" style=\"\">\n<h3 data-namespace-title=\"\" style=\"color: #333; font-size: 20px; font-weight: bold; text-align: left; margin-right: 50px; min-height: 50px; margin-top: 0px;\">Profissional de RH<\/h3>\n<\/p><\/div>\n<p data-namespace-prompt=\"\" style=\"font-size: 16px; color: #666; margin-bottom: 20px; line-height: 1.5; flex-grow: 1; text-align: left; margin-top: 0px;\">Vaga em CLT para atua\u00e7\u00e3o presencial. Ideal para profissionais organizados, din\u00e2micos e atentos a detalhes que buscam sal\u00e1rio competitivo e real chance de desenvolvimento.<\/p>\n<p>    <a data-namespace-url=\"\" href=\"https:\/\/zonacuriosa.com.br\/en\/redirect\/?https:\/\/www.melhoresempregos.com\/vagas-de-cargos-em-teresina-pi\/?utm_campaign=google_jobs_apply&#038;utm_source=google_jobs_apply&#038;utm_medium=organic\" style=\"width: 100%; display: inline-block; color: white; text-decoration: none; border-radius: 6px; font-size: 16px; font-weight: bold; text-align: center; transition: transform 0.3s ease, background 0.3s ease; margin-top: auto;\" data-namespace-id=\"5c0d2565-3ba9-4280-a382-ad2a691e2285\"><br \/>\n        <button style=\"width: 100%; height: 55px; background: #e9e9ed; border: 1px solid black; color: black;\">Apply for the job<\/button><br \/>\n    <\/a><br \/>\n    <small style=\"margin-top: 10px; color: #777; font-size: 12px; text-align: center; display: block;\">You will be redirected to another website.<\/small>\n<\/div>\n<p>Para quem busca uma posi\u00e7\u00e3o est\u00e1vel, a vaga de Profissional de RH \u00e9 uma excelente oportunidade. O contrato \u00e9 CLT, o que proporciona seguran\u00e7a trabalhista. H\u00e1 sal\u00e1rio atraente compat\u00edvel com o mercado, al\u00e9m de benef\u00edcios comuns ao setor.<\/p>\n<p>O ambiente de trabalho \u00e9 presencial, sendo valorizado perfil proativo, com boa comunica\u00e7\u00e3o e capacidade de adapta\u00e7\u00e3o. A empresa busca algu\u00e9m atento a m\u00e9tricas e pontual no cumprimento de tarefas.<\/p>\n<h2>Daily Responsibilities<\/h2>\n<p>Dentre os principais pontos, est\u00e3o a administra\u00e7\u00e3o de cargos, sal\u00e1rios e remunera\u00e7\u00e3o. O profissional ir\u00e1 analisar folhas de pagamento, revisar pol\u00edticas, apoiar recrutamento e gerenciar benef\u00edcios dos colaboradores.<\/p>\n<p>Organizar avalia\u00e7\u00f5es de desempenho faz parte da rotina, assim como atendimento a d\u00favidas dos funcion\u00e1rios. Participa ativamente de processos de admiss\u00e3o e desligamento.<\/p>\n<p>A atua\u00e7\u00e3o exige acompanhamento das normas trabalhistas, garantindo conformidade e seguran\u00e7a. Documenta\u00e7\u00e3o precisa ser organizada e confidencialidade \u00e9 fundamental no trato das informa\u00e7\u00f5es.<\/p>\n<h2>Main Positive Points<\/h2>\n<p>Um dos grandes atrativos dessa vaga \u00e9 a possibilidade de crescer profissionalmente, pois h\u00e1 espa\u00e7o para aprendizado cont\u00ednuo.<\/p>\n<p>O sal\u00e1rio competitivo incentiva dedica\u00e7\u00e3o, com benef\u00edcios padr\u00e3o do setor privado. O clima organizacional valoriza boa conviv\u00eancia, o que contribui para um dia a dia leve e produtivo.<\/p>\n<h2>Possible Negative Points<\/h2>\n<p>Apesar das vantagens, exige-se alta responsabilidade e algum grau de press\u00e3o nos per\u00edodos de fechamento de folha. O volume de processos administrativos pode ser intenso em certas \u00e9pocas.<\/p>\n<p>Pol\u00edticas internas r\u00edgidas e necessidade de seguir exatamente normas e procedimentos podem n\u00e3o agradar a todos os perfis, exigindo disciplina constante.<\/p>\n<h2>Final Verdict<\/h2>\n<p>Recomendo a vaga para quem busca estabilidade, bom sal\u00e1rio e deseja atuar onde o trabalho \u00e9 valorizado. A possibilidade de desenvolvimento \u00e9 real e a atua\u00e7\u00e3o agrega experi\u00eancia s\u00f3lida para a carreira.<\/p>\n<div style=\"background: #ffffff; border-radius: 12px; box-shadow: 0 10px 30px rgba(0, 0, 0, 0.1); width: 100%; max-width: 340px; padding: 25px; transition: transform 0.3s ease-in-out; overflow: visible; display: flex; flex-direction: column; position: relative; border: 1px solid #28a745; margin-top: 70px; margin-bottom: 50px; margin-left: auto; margin-right: auto;\">\n<div style=\"position: absolute; top: -35px; right: 15px; color: #28a745; padding: 5px 10px; border-radius: 6px; font-size: 14px; font-weight: bold; display: flex; align-items: center; z-index: 10;\">Recommended for you<\/div>\n<div data-namespace-header=\"\" style=\"\">\n<h3 data-namespace-title=\"\" style=\"color: #333; font-size: 20px; font-weight: bold; text-align: left; margin-right: 50px; min-height: 50px; margin-top: 0px;\">Profissional de RH<\/h3>\n<\/p><\/div>\n<p data-namespace-prompt=\"\" style=\"font-size: 16px; color: #666; margin-bottom: 20px; line-height: 1.5; flex-grow: 1; text-align: left; margin-top: 0px;\">Vaga em CLT para atua\u00e7\u00e3o presencial. Ideal para profissionais organizados, din\u00e2micos e atentos a detalhes que buscam sal\u00e1rio competitivo e real chance de desenvolvimento.<\/p>\n<p>    <a data-namespace-url=\"\" href=\"https:\/\/zonacuriosa.com.br\/en\/redirect\/?https:\/\/www.melhoresempregos.com\/vagas-de-cargos-em-teresina-pi\/?utm_campaign=google_jobs_apply&#038;utm_source=google_jobs_apply&#038;utm_medium=organic\" style=\"width: 100%; display: inline-block; color: white; text-decoration: none; border-radius: 6px; font-size: 16px; font-weight: bold; text-align: center; transition: transform 0.3s ease, background 0.3s ease; margin-top: auto;\" data-namespace-id=\"5c0d2565-3ba9-4280-a382-ad2a691e2285\"><br \/>\n        <button style=\"width: 100%; height: 55px; background: #e9e9ed; border: 1px solid black; color: black;\">Apply for the job<\/button><br \/>\n    <\/a><br \/>\n    <small style=\"margin-top: 10px; color: #777; font-size: 12px; text-align: center; display: block;\">You will be redirected to another website.<\/small>\n<\/div>\n<\/div>","protected":false},"excerpt":{"rendered":"<p>Veja detalhes e an\u00e1lise imparcial da vaga Profissional de RH. CLT, sal\u00e1rio competitivo, aprendizagem cont\u00ednua, estabilidade e crescimento. Avalie os pr\u00f3s e contras antes de se candidatar.<\/p>","protected":false},"author":113,"featured_media":0,"comment_status":"open","ping_status":"open","sticky":false,"template":"","format":"standard","meta":{"footnotes":""},"categories":[11],"tags":[],"yoast_head":"<!-- This site is optimized with the Yoast SEO plugin v23.3 - https:\/\/yoast.com\/wordpress\/plugins\/seo\/ -->\n<title>Profissional de RH | CLT, Sal\u00e1rios Competitivos e Chances de Crescimento - Zona Curiosa<\/title>\n<meta name=\"robots\" content=\"index, follow, max-snippet:-1, max-image-preview:large, max-video-preview:-1\" \/>\n<link rel=\"canonical\" href=\"https:\/\/zonacuriosa.com.br\/en\/34f2d56d-aef8-47e3-9fa8-f80f05ffd1bb\/\" \/>\n<meta property=\"og:locale\" content=\"en_US\" \/>\n<meta property=\"og:type\" content=\"article\" \/>\n<meta property=\"og:title\" content=\"Profissional de RH | CLT, Sal\u00e1rios Competitivos e Chances de Crescimento - Zona Curiosa\" \/>\n<meta property=\"og:description\" content=\"Veja detalhes e an\u00e1lise imparcial da vaga Profissional de RH. CLT, sal\u00e1rio competitivo, aprendizagem cont\u00ednua, estabilidade e crescimento. Avalie os pr\u00f3s e contras antes de se candidatar.\" \/>\n<meta property=\"og:url\" content=\"https:\/\/zonacuriosa.com.br\/en\/34f2d56d-aef8-47e3-9fa8-f80f05ffd1bb\/\" \/>\n<meta property=\"og:site_name\" content=\"Zona Curiosa\" \/>\n<meta property=\"article:published_time\" content=\"2026-04-09T12:07:00+00:00\" \/>\n<meta property=\"article:modified_time\" content=\"2026-04-09T12:07:47+00:00\" \/>\n<meta name=\"author\" content=\"ederaugusttomuller\" \/>\n<meta name=\"twitter:card\" content=\"summary_large_image\" \/>\n<meta name=\"twitter:label1\" content=\"Written by\" \/>\n\t<meta name=\"twitter:data1\" content=\"ederaugusttomuller\" \/>\n\t<meta name=\"twitter:label2\" content=\"Est. reading time\" \/>\n\t<meta name=\"twitter:data2\" content=\"2 minutes\" \/>\n<script type=\"application\/ld+json\" class=\"yoast-schema-graph\">{\"@context\":\"https:\/\/schema.org\",\"@graph\":[{\"@type\":\"WebPage\",\"@id\":\"https:\/\/zonacuriosa.com.br\/34f2d56d-aef8-47e3-9fa8-f80f05ffd1bb\/\",\"url\":\"https:\/\/zonacuriosa.com.br\/34f2d56d-aef8-47e3-9fa8-f80f05ffd1bb\/\",\"name\":\"Profissional de RH | CLT, Sal\u00e1rios Competitivos e Chances de Crescimento - Zona Curiosa\",\"isPartOf\":{\"@id\":\"https:\/\/zonacuriosa.com.br\/#website\"},\"datePublished\":\"2026-04-09T12:07:00+00:00\",\"dateModified\":\"2026-04-09T12:07:47+00:00\",\"author\":{\"@id\":\"https:\/\/zonacuriosa.com.br\/#\/schema\/person\/890d2e5780ff9ae3803551e7f1d7a46d\"},\"breadcrumb\":{\"@id\":\"https:\/\/zonacuriosa.com.br\/34f2d56d-aef8-47e3-9fa8-f80f05ffd1bb\/#breadcrumb\"},\"inLanguage\":\"en-US\",\"potentialAction\":[{\"@type\":\"ReadAction\",\"target\":[\"https:\/\/zonacuriosa.com.br\/34f2d56d-aef8-47e3-9fa8-f80f05ffd1bb\/\"]}]},{\"@type\":\"BreadcrumbList\",\"@id\":\"https:\/\/zonacuriosa.com.br\/34f2d56d-aef8-47e3-9fa8-f80f05ffd1bb\/#breadcrumb\",\"itemListElement\":[{\"@type\":\"ListItem\",\"position\":1,\"name\":\"Home\",\"item\":\"https:\/\/zonacuriosa.com.br\/\"},{\"@type\":\"ListItem\",\"position\":2,\"name\":\"Profissional de RH | CLT, Sal\u00e1rios Competitivos e Chances de Crescimento\"}]},{\"@type\":\"WebSite\",\"@id\":\"https:\/\/zonacuriosa.com.br\/#website\",\"url\":\"https:\/\/zonacuriosa.com.br\/\",\"name\":\"Zona Curiosa\",\"description\":\"\",\"potentialAction\":[{\"@type\":\"SearchAction\",\"target\":{\"@type\":\"EntryPoint\",\"urlTemplate\":\"https:\/\/zonacuriosa.com.br\/?s={search_term_string}\"},\"query-input\":\"required name=search_term_string\"}],\"inLanguage\":\"en-US\"},{\"@type\":\"Person\",\"@id\":\"https:\/\/zonacuriosa.com.br\/#\/schema\/person\/890d2e5780ff9ae3803551e7f1d7a46d\",\"name\":\"ederaugusttomuller\",\"image\":{\"@type\":\"ImageObject\",\"inLanguage\":\"en-US\",\"@id\":\"https:\/\/zonacuriosa.com.br\/#\/schema\/person\/image\/\",\"url\":\"https:\/\/secure.gravatar.com\/avatar\/96357ca64e7ff2bf802e5dba125702c6?s=96&d=mm&r=g\",\"contentUrl\":\"https:\/\/secure.gravatar.com\/avatar\/96357ca64e7ff2bf802e5dba125702c6?s=96&d=mm&r=g\",\"caption\":\"ederaugusttomuller\"},\"url\":\"https:\/\/zonacuriosa.com.br\/en\/author\/ederaugusttomuller\/\"}]}<\/script>\n<!-- \/ Yoast SEO plugin. -->","yoast_head_json":{"title":"Profissional de RH | CLT, Sal\u00e1rios Competitivos e Chances de Crescimento - Zona Curiosa","robots":{"index":"index","follow":"follow","max-snippet":"max-snippet:-1","max-image-preview":"max-image-preview:large","max-video-preview":"max-video-preview:-1"},"canonical":"https:\/\/zonacuriosa.com.br\/en\/34f2d56d-aef8-47e3-9fa8-f80f05ffd1bb\/","og_locale":"en_US","og_type":"article","og_title":"Profissional de RH | CLT, Sal\u00e1rios Competitivos e Chances de Crescimento - Zona Curiosa","og_description":"Veja detalhes e an\u00e1lise imparcial da vaga Profissional de RH. CLT, sal\u00e1rio competitivo, aprendizagem cont\u00ednua, estabilidade e crescimento. Avalie os pr\u00f3s e contras antes de se candidatar.","og_url":"https:\/\/zonacuriosa.com.br\/en\/34f2d56d-aef8-47e3-9fa8-f80f05ffd1bb\/","og_site_name":"Zona Curiosa","article_published_time":"2026-04-09T12:07:00+00:00","article_modified_time":"2026-04-09T12:07:47+00:00","author":"ederaugusttomuller","twitter_card":"summary_large_image","twitter_misc":{"Written by":"ederaugusttomuller","Est. reading time":"2 minutes"},"schema":{"@context":"https:\/\/schema.org","@graph":[{"@type":"WebPage","@id":"https:\/\/zonacuriosa.com.br\/34f2d56d-aef8-47e3-9fa8-f80f05ffd1bb\/","url":"https:\/\/zonacuriosa.com.br\/34f2d56d-aef8-47e3-9fa8-f80f05ffd1bb\/","name":"Profissional de RH | CLT, Sal\u00e1rios Competitivos e Chances de Crescimento - Zona Curiosa","isPartOf":{"@id":"https:\/\/zonacuriosa.com.br\/#website"},"datePublished":"2026-04-09T12:07:00+00:00","dateModified":"2026-04-09T12:07:47+00:00","author":{"@id":"https:\/\/zonacuriosa.com.br\/#\/schema\/person\/890d2e5780ff9ae3803551e7f1d7a46d"},"breadcrumb":{"@id":"https:\/\/zonacuriosa.com.br\/34f2d56d-aef8-47e3-9fa8-f80f05ffd1bb\/#breadcrumb"},"inLanguage":"en-US","potentialAction":[{"@type":"ReadAction","target":["https:\/\/zonacuriosa.com.br\/34f2d56d-aef8-47e3-9fa8-f80f05ffd1bb\/"]}]},{"@type":"BreadcrumbList","@id":"https:\/\/zonacuriosa.com.br\/34f2d56d-aef8-47e3-9fa8-f80f05ffd1bb\/#breadcrumb","itemListElement":[{"@type":"ListItem","position":1,"name":"Home","item":"https:\/\/zonacuriosa.com.br\/"},{"@type":"ListItem","position":2,"name":"Profissional de RH | CLT, Sal\u00e1rios Competitivos e Chances de Crescimento"}]},{"@type":"WebSite","@id":"https:\/\/zonacuriosa.com.br\/#website","url":"https:\/\/zonacuriosa.com.br\/","name":"Zona Curiosa","description":"","potentialAction":[{"@type":"SearchAction","target":{"@type":"EntryPoint","urlTemplate":"https:\/\/zonacuriosa.com.br\/?s={search_term_string}"},"query-input":"required name=search_term_string"}],"inLanguage":"en-US"},{"@type":"Person","@id":"https:\/\/zonacuriosa.com.br\/#\/schema\/person\/890d2e5780ff9ae3803551e7f1d7a46d","name":"ederaugusttomuller","image":{"@type":"ImageObject","inLanguage":"en-US","@id":"https:\/\/zonacuriosa.com.br\/#\/schema\/person\/image\/","url":"https:\/\/secure.gravatar.com\/avatar\/96357ca64e7ff2bf802e5dba125702c6?s=96&d=mm&r=g","contentUrl":"https:\/\/secure.gravatar.com\/avatar\/96357ca64e7ff2bf802e5dba125702c6?s=96&d=mm&r=g","caption":"ederaugusttomuller"},"url":"https:\/\/zonacuriosa.com.br\/en\/author\/ederaugusttomuller\/"}]}},"_links":{"self":[{"href":"https:\/\/zonacuriosa.com.br\/en\/wp-json\/wp\/v2\/posts\/103077"}],"collection":[{"href":"https:\/\/zonacuriosa.com.br\/en\/wp-json\/wp\/v2\/posts"}],"about":[{"href":"https:\/\/zonacuriosa.com.br\/en\/wp-json\/wp\/v2\/types\/post"}],"author":[{"embeddable":true,"href":"https:\/\/zonacuriosa.com.br\/en\/wp-json\/wp\/v2\/users\/113"}],"replies":[{"embeddable":true,"href":"https:\/\/zonacuriosa.com.br\/en\/wp-json\/wp\/v2\/comments?post=103077"}],"version-history":[{"count":1,"href":"https:\/\/zonacuriosa.com.br\/en\/wp-json\/wp\/v2\/posts\/103077\/revisions"}],"predecessor-version":[{"id":103088,"href":"https:\/\/zonacuriosa.com.br\/en\/wp-json\/wp\/v2\/posts\/103077\/revisions\/103088"}],"wp:attachment":[{"href":"https:\/\/zonacuriosa.com.br\/en\/wp-json\/wp\/v2\/media?parent=103077"}],"wp:term":[{"taxonomy":"category","embeddable":true,"href":"https:\/\/zonacuriosa.com.br\/en\/wp-json\/wp\/v2\/categories?post=103077"},{"taxonomy":"post_tag","embeddable":true,"href":"https:\/\/zonacuriosa.com.br\/en\/wp-json\/wp\/v2\/tags?post=103077"}],"curies":[{"name":"wp","href":"https:\/\/api.w.org\/{rel}","templated":true}]}}