{"id":103019,"date":"2026-04-09T10:13:00","date_gmt":"2026-04-09T10:13:00","guid":{"rendered":"https:\/\/zonacuriosa.com.br\/06a78794-dc9c-4ec0-9e26-b95af2bbfeeb\/"},"modified":"2026-04-09T10:13:49","modified_gmt":"2026-04-09T10:13:49","slug":"06a78794-dc9c-4ec0-9e26-b95af2bbfeeb","status":"publish","type":"post","link":"https:\/\/zonacuriosa.com.br\/en\/06a78794-dc9c-4ec0-9e26-b95af2bbfeeb\/","title":{"rendered":"Pessoa Coordenadora de Produto | Destaques em Digital e Inova\u00e7\u00e3o Globo"},"content":{"rendered":"<div class=\"mx-5 sm:mx-0 prose text-left mb-5\">\n<\/p>\n<div style=\"background: #ffffff; border-radius: 12px; box-shadow: 0 10px 30px rgba(0, 0, 0, 0.1); width: 100%; max-width: 340px; padding: 25px; transition: transform 0.3s ease-in-out; overflow: visible; display: flex; flex-direction: column; position: relative; border: 1px solid #28a745; margin-top: 70px; margin-bottom: 50px; margin-left: auto; margin-right: auto;\">\n<div style=\"position: absolute; top: -35px; right: 15px; color: #28a745; padding: 5px 10px; border-radius: 6px; font-size: 14px; font-weight: bold; display: flex; align-items: center; z-index: 10;\">Recommended for you<\/div>\n<div data-namespace-header=\"\" style=\"\">\n<h3 data-namespace-title=\"\" style=\"color: #333; font-size: 20px; font-weight: bold; text-align: left; margin-right: 50px; min-height: 50px; margin-top: 0px;\">Pessoa Coordenadora de Produto<\/h3>\n<\/p><\/div>\n<p data-namespace-prompt=\"\" style=\"font-size: 16px; color: #666; margin-bottom: 20px; line-height: 1.5; flex-grow: 1; text-align: left; margin-top: 0px;\">Coordene times diversos, tome decis\u00f5es estrat\u00e9gicas para plataformas digitais e lidere a inova\u00e7\u00e3o na Globo. Oportunidade h\u00edbrida e inclusiva com desafios reais.<\/p>\n<p>    <a data-namespace-url=\"\" href=\"https:\/\/zonacuriosa.com.br\/en\/redirect\/?https:\/\/globo.gupy.io\/jobs\/11099931?jobBoardSource=gupy_public_page&#038;utm_campaign=google_jobs_apply&#038;utm_source=google_jobs_apply&#038;utm_medium=organic\" style=\"width: 100%; display: inline-block; color: white; text-decoration: none; border-radius: 6px; font-size: 16px; font-weight: bold; text-align: center; transition: transform 0.3s ease, background 0.3s ease; margin-top: auto;\" data-namespace-id=\"5c0d2565-3ba9-4280-a382-ad2a691e2285\"><br \/>\n        <button style=\"width: 100%; height: 55px; background: #e9e9ed; border: 1px solid black; color: black;\">Apply for the job<\/button><br \/>\n    <\/a><br \/>\n    <small style=\"margin-top: 10px; color: #777; font-size: 12px; text-align: center; display: block;\">You will be redirected to another website.<\/small>\n<\/div>\n<p>Se voc\u00ea procura uma posi\u00e7\u00e3o de destaque no universo digital, a vaga de Pessoa Coordenadora de Produto em Produtos Digitais na Globo pode ser a escolha certa para impulsionar sua carreira. O formato de contrata\u00e7\u00e3o \u00e9 efetivo, com modelo de trabalho h\u00edbrido, valorizando flexibilidade e diversidade. As inscri\u00e7\u00f5es v\u00e3o at\u00e9 21 de abril de 2026. O sal\u00e1rio n\u00e3o foi divulgado, mas a proposta indica benef\u00edcios competitivos e um ambiente inovador.<\/p>\n<h2>Principais responsabilidades e atribui\u00e7\u00f5es<\/h2>\n<p>No dia a dia, o trabalho inclui garantir a execu\u00e7\u00e3o da estrat\u00e9gia de plataformas digitais, focando em valor para usu\u00e1rio, anunciante e produtores. Equilibrar crescimento de audi\u00eancia, experi\u00eancia de usu\u00e1rio e monetiza\u00e7\u00e3o faz parte da miss\u00e3o. O cargo exige fortes habilidades anal\u00edticas, prioriza\u00e7\u00e3o de backlog e colabora\u00e7\u00e3o com equipes multidisciplinares.<\/p>\n<p>O desempenho financeiro tamb\u00e9m est\u00e1 sob sua al\u00e7ada, sendo necess\u00e1rio identificar oportunidades de monetiza\u00e7\u00e3o, reduzir custos e otimizar margens. Al\u00e9m disso, \u00e9 fundamental acompanhar os indicadores-chave, antecipar riscos, monitorar concorrentes, e propor melhorias alinhadas com tend\u00eancias do mercado de entretenimento digital.<\/p>\n<h2>Positive aspects of the position<\/h2>\n<p>O principal atrativo da vaga \u00e9 o potencial de inova\u00e7\u00e3o e crescimento, atuando em produtos digitais de grande alcance nacional. A Globo promove diversidade e inclus\u00e3o, o que aumenta as oportunidades para diferentes perfis. O ambiente colaborativo proporciona constante aprendizado e intera\u00e7\u00e3o com profissionais das \u00e1reas de tecnologia, conte\u00fado e marketing.<\/p>\n<p>Outro diferencial s\u00e3o os processos 100% remotos no recrutamento, permitindo que candidatos de qualquer lugar participem. O contato direto com \u00e1reas estrat\u00e9gicas amplia a vis\u00e3o de neg\u00f3cio e acelera o desenvolvimento pessoal.<\/p>\n<h2>Potential challenges and points of attention<\/h2>\n<p>Entre os pontos a considerar est\u00e3o as demandas por resultados consistentes e a press\u00e3o por inova\u00e7\u00e3o constante. A necessidade de alinhar m\u00faltiplos times e atender a diferentes interesses pode gerar desafios de comunica\u00e7\u00e3o e lideran\u00e7a. Quem n\u00e3o gosta de ambientes din\u00e2micos pode sentir dificuldade em acompanhar o ritmo exigido.<\/p>\n<p>Al\u00e9m disso, a exposi\u00e7\u00e3o dos produtos torna a posi\u00e7\u00e3o ainda mais exigente em rela\u00e7\u00e3o \u00e0 qualidade e resultados esperados, sendo essencial ter resili\u00eancia e proatividade.<\/p>\n<h2>Verdict: Is it worth applying?<\/h2>\n<p>Se voc\u00ea gosta de ambientes inovadores, tem paix\u00e3o por produtos digitais e busca desafios de impacto, essa vaga pode ser sua porta de entrada para uma carreira em constante evolu\u00e7\u00e3o. O ecossistema da Globo favorece o crescimento e a valoriza\u00e7\u00e3o do talento, sendo uma \u00f3tima escolha para profissionais ambiciosos.<\/p>\n<div style=\"background: #ffffff; border-radius: 12px; box-shadow: 0 10px 30px rgba(0, 0, 0, 0.1); width: 100%; max-width: 340px; padding: 25px; transition: transform 0.3s ease-in-out; overflow: visible; display: flex; flex-direction: column; position: relative; border: 1px solid #28a745; margin-top: 70px; margin-bottom: 50px; margin-left: auto; margin-right: auto;\">\n<div style=\"position: absolute; top: -35px; right: 15px; color: #28a745; padding: 5px 10px; border-radius: 6px; font-size: 14px; font-weight: bold; display: flex; align-items: center; z-index: 10;\">Recommended for you<\/div>\n<div data-namespace-header=\"\" style=\"\">\n<h3 data-namespace-title=\"\" style=\"color: #333; font-size: 20px; font-weight: bold; text-align: left; margin-right: 50px; min-height: 50px; margin-top: 0px;\">Pessoa Coordenadora de Produto<\/h3>\n<\/p><\/div>\n<p data-namespace-prompt=\"\" style=\"font-size: 16px; color: #666; margin-bottom: 20px; line-height: 1.5; flex-grow: 1; text-align: left; margin-top: 0px;\">Coordene times diversos, tome decis\u00f5es estrat\u00e9gicas para plataformas digitais e lidere a inova\u00e7\u00e3o na Globo. Oportunidade h\u00edbrida e inclusiva com desafios reais.<\/p>\n<p>    <a data-namespace-url=\"\" href=\"https:\/\/zonacuriosa.com.br\/en\/redirect\/?https:\/\/globo.gupy.io\/jobs\/11099931?jobBoardSource=gupy_public_page&#038;utm_campaign=google_jobs_apply&#038;utm_source=google_jobs_apply&#038;utm_medium=organic\" style=\"width: 100%; display: inline-block; color: white; text-decoration: none; border-radius: 6px; font-size: 16px; font-weight: bold; text-align: center; transition: transform 0.3s ease, background 0.3s ease; margin-top: auto;\" data-namespace-id=\"5c0d2565-3ba9-4280-a382-ad2a691e2285\"><br \/>\n        <button style=\"width: 100%; height: 55px; background: #e9e9ed; border: 1px solid black; color: black;\">Apply for the job<\/button><br \/>\n    <\/a><br \/>\n    <small style=\"margin-top: 10px; color: #777; font-size: 12px; text-align: center; display: block;\">You will be redirected to another website.<\/small>\n<\/div>\n<\/div>","protected":false},"excerpt":{"rendered":"<p>Vaga Pessoa Coordenadora de Produto na Globo! Lideran\u00e7a, inova\u00e7\u00e3o digital, times diversos, ambiente h\u00edbrido e oportunidades reais de crescimento. Inscreva-se e mude sua carreira hoje.<\/p>","protected":false},"author":113,"featured_media":0,"comment_status":"open","ping_status":"open","sticky":false,"template":"","format":"standard","meta":{"footnotes":""},"categories":[11],"tags":[],"yoast_head":"<!-- This site is optimized with the Yoast SEO plugin v23.3 - https:\/\/yoast.com\/wordpress\/plugins\/seo\/ -->\n<title>Pessoa Coordenadora de Produto | Destaques em Digital e Inova\u00e7\u00e3o Globo - Zona Curiosa<\/title>\n<meta name=\"robots\" content=\"index, follow, max-snippet:-1, max-image-preview:large, max-video-preview:-1\" \/>\n<link rel=\"canonical\" href=\"https:\/\/zonacuriosa.com.br\/en\/06a78794-dc9c-4ec0-9e26-b95af2bbfeeb\/\" \/>\n<meta property=\"og:locale\" content=\"en_US\" \/>\n<meta property=\"og:type\" content=\"article\" \/>\n<meta property=\"og:title\" content=\"Pessoa Coordenadora de Produto | Destaques em Digital e Inova\u00e7\u00e3o Globo - Zona Curiosa\" \/>\n<meta property=\"og:description\" content=\"Vaga Pessoa Coordenadora de Produto na Globo! Lideran\u00e7a, inova\u00e7\u00e3o digital, times diversos, ambiente h\u00edbrido e oportunidades reais de crescimento. Inscreva-se e mude sua carreira hoje.\" \/>\n<meta property=\"og:url\" content=\"https:\/\/zonacuriosa.com.br\/en\/06a78794-dc9c-4ec0-9e26-b95af2bbfeeb\/\" \/>\n<meta property=\"og:site_name\" content=\"Zona Curiosa\" \/>\n<meta property=\"article:published_time\" content=\"2026-04-09T10:13:00+00:00\" \/>\n<meta property=\"article:modified_time\" content=\"2026-04-09T10:13:49+00:00\" \/>\n<meta name=\"author\" content=\"ederaugusttomuller\" \/>\n<meta name=\"twitter:card\" content=\"summary_large_image\" \/>\n<meta name=\"twitter:label1\" content=\"Written by\" \/>\n\t<meta name=\"twitter:data1\" content=\"ederaugusttomuller\" \/>\n\t<meta name=\"twitter:label2\" content=\"Est. reading time\" \/>\n\t<meta name=\"twitter:data2\" content=\"3 minutes\" \/>\n<script type=\"application\/ld+json\" class=\"yoast-schema-graph\">{\"@context\":\"https:\/\/schema.org\",\"@graph\":[{\"@type\":\"WebPage\",\"@id\":\"https:\/\/zonacuriosa.com.br\/06a78794-dc9c-4ec0-9e26-b95af2bbfeeb\/\",\"url\":\"https:\/\/zonacuriosa.com.br\/06a78794-dc9c-4ec0-9e26-b95af2bbfeeb\/\",\"name\":\"Pessoa Coordenadora de Produto | Destaques em Digital e Inova\u00e7\u00e3o Globo - Zona Curiosa\",\"isPartOf\":{\"@id\":\"https:\/\/zonacuriosa.com.br\/#website\"},\"datePublished\":\"2026-04-09T10:13:00+00:00\",\"dateModified\":\"2026-04-09T10:13:49+00:00\",\"author\":{\"@id\":\"https:\/\/zonacuriosa.com.br\/#\/schema\/person\/890d2e5780ff9ae3803551e7f1d7a46d\"},\"breadcrumb\":{\"@id\":\"https:\/\/zonacuriosa.com.br\/06a78794-dc9c-4ec0-9e26-b95af2bbfeeb\/#breadcrumb\"},\"inLanguage\":\"en-US\",\"potentialAction\":[{\"@type\":\"ReadAction\",\"target\":[\"https:\/\/zonacuriosa.com.br\/06a78794-dc9c-4ec0-9e26-b95af2bbfeeb\/\"]}]},{\"@type\":\"BreadcrumbList\",\"@id\":\"https:\/\/zonacuriosa.com.br\/06a78794-dc9c-4ec0-9e26-b95af2bbfeeb\/#breadcrumb\",\"itemListElement\":[{\"@type\":\"ListItem\",\"position\":1,\"name\":\"Home\",\"item\":\"https:\/\/zonacuriosa.com.br\/\"},{\"@type\":\"ListItem\",\"position\":2,\"name\":\"Pessoa Coordenadora de Produto | Destaques em Digital e Inova\u00e7\u00e3o Globo\"}]},{\"@type\":\"WebSite\",\"@id\":\"https:\/\/zonacuriosa.com.br\/#website\",\"url\":\"https:\/\/zonacuriosa.com.br\/\",\"name\":\"Zona Curiosa\",\"description\":\"\",\"potentialAction\":[{\"@type\":\"SearchAction\",\"target\":{\"@type\":\"EntryPoint\",\"urlTemplate\":\"https:\/\/zonacuriosa.com.br\/?s={search_term_string}\"},\"query-input\":\"required name=search_term_string\"}],\"inLanguage\":\"en-US\"},{\"@type\":\"Person\",\"@id\":\"https:\/\/zonacuriosa.com.br\/#\/schema\/person\/890d2e5780ff9ae3803551e7f1d7a46d\",\"name\":\"ederaugusttomuller\",\"image\":{\"@type\":\"ImageObject\",\"inLanguage\":\"en-US\",\"@id\":\"https:\/\/zonacuriosa.com.br\/#\/schema\/person\/image\/\",\"url\":\"https:\/\/secure.gravatar.com\/avatar\/96357ca64e7ff2bf802e5dba125702c6?s=96&d=mm&r=g\",\"contentUrl\":\"https:\/\/secure.gravatar.com\/avatar\/96357ca64e7ff2bf802e5dba125702c6?s=96&d=mm&r=g\",\"caption\":\"ederaugusttomuller\"},\"url\":\"https:\/\/zonacuriosa.com.br\/en\/author\/ederaugusttomuller\/\"}]}<\/script>\n<!-- \/ Yoast SEO plugin. -->","yoast_head_json":{"title":"Pessoa Coordenadora de Produto | Destaques em Digital e Inova\u00e7\u00e3o Globo - Zona Curiosa","robots":{"index":"index","follow":"follow","max-snippet":"max-snippet:-1","max-image-preview":"max-image-preview:large","max-video-preview":"max-video-preview:-1"},"canonical":"https:\/\/zonacuriosa.com.br\/en\/06a78794-dc9c-4ec0-9e26-b95af2bbfeeb\/","og_locale":"en_US","og_type":"article","og_title":"Pessoa Coordenadora de Produto | Destaques em Digital e Inova\u00e7\u00e3o Globo - Zona Curiosa","og_description":"Vaga Pessoa Coordenadora de Produto na Globo! Lideran\u00e7a, inova\u00e7\u00e3o digital, times diversos, ambiente h\u00edbrido e oportunidades reais de crescimento. Inscreva-se e mude sua carreira hoje.","og_url":"https:\/\/zonacuriosa.com.br\/en\/06a78794-dc9c-4ec0-9e26-b95af2bbfeeb\/","og_site_name":"Zona Curiosa","article_published_time":"2026-04-09T10:13:00+00:00","article_modified_time":"2026-04-09T10:13:49+00:00","author":"ederaugusttomuller","twitter_card":"summary_large_image","twitter_misc":{"Written by":"ederaugusttomuller","Est. reading time":"3 minutes"},"schema":{"@context":"https:\/\/schema.org","@graph":[{"@type":"WebPage","@id":"https:\/\/zonacuriosa.com.br\/06a78794-dc9c-4ec0-9e26-b95af2bbfeeb\/","url":"https:\/\/zonacuriosa.com.br\/06a78794-dc9c-4ec0-9e26-b95af2bbfeeb\/","name":"Pessoa Coordenadora de Produto | Destaques em Digital e Inova\u00e7\u00e3o Globo - Zona Curiosa","isPartOf":{"@id":"https:\/\/zonacuriosa.com.br\/#website"},"datePublished":"2026-04-09T10:13:00+00:00","dateModified":"2026-04-09T10:13:49+00:00","author":{"@id":"https:\/\/zonacuriosa.com.br\/#\/schema\/person\/890d2e5780ff9ae3803551e7f1d7a46d"},"breadcrumb":{"@id":"https:\/\/zonacuriosa.com.br\/06a78794-dc9c-4ec0-9e26-b95af2bbfeeb\/#breadcrumb"},"inLanguage":"en-US","potentialAction":[{"@type":"ReadAction","target":["https:\/\/zonacuriosa.com.br\/06a78794-dc9c-4ec0-9e26-b95af2bbfeeb\/"]}]},{"@type":"BreadcrumbList","@id":"https:\/\/zonacuriosa.com.br\/06a78794-dc9c-4ec0-9e26-b95af2bbfeeb\/#breadcrumb","itemListElement":[{"@type":"ListItem","position":1,"name":"Home","item":"https:\/\/zonacuriosa.com.br\/"},{"@type":"ListItem","position":2,"name":"Pessoa Coordenadora de Produto | Destaques em Digital e Inova\u00e7\u00e3o Globo"}]},{"@type":"WebSite","@id":"https:\/\/zonacuriosa.com.br\/#website","url":"https:\/\/zonacuriosa.com.br\/","name":"Zona Curiosa","description":"","potentialAction":[{"@type":"SearchAction","target":{"@type":"EntryPoint","urlTemplate":"https:\/\/zonacuriosa.com.br\/?s={search_term_string}"},"query-input":"required name=search_term_string"}],"inLanguage":"en-US"},{"@type":"Person","@id":"https:\/\/zonacuriosa.com.br\/#\/schema\/person\/890d2e5780ff9ae3803551e7f1d7a46d","name":"ederaugusttomuller","image":{"@type":"ImageObject","inLanguage":"en-US","@id":"https:\/\/zonacuriosa.com.br\/#\/schema\/person\/image\/","url":"https:\/\/secure.gravatar.com\/avatar\/96357ca64e7ff2bf802e5dba125702c6?s=96&d=mm&r=g","contentUrl":"https:\/\/secure.gravatar.com\/avatar\/96357ca64e7ff2bf802e5dba125702c6?s=96&d=mm&r=g","caption":"ederaugusttomuller"},"url":"https:\/\/zonacuriosa.com.br\/en\/author\/ederaugusttomuller\/"}]}},"_links":{"self":[{"href":"https:\/\/zonacuriosa.com.br\/en\/wp-json\/wp\/v2\/posts\/103019"}],"collection":[{"href":"https:\/\/zonacuriosa.com.br\/en\/wp-json\/wp\/v2\/posts"}],"about":[{"href":"https:\/\/zonacuriosa.com.br\/en\/wp-json\/wp\/v2\/types\/post"}],"author":[{"embeddable":true,"href":"https:\/\/zonacuriosa.com.br\/en\/wp-json\/wp\/v2\/users\/113"}],"replies":[{"embeddable":true,"href":"https:\/\/zonacuriosa.com.br\/en\/wp-json\/wp\/v2\/comments?post=103019"}],"version-history":[{"count":1,"href":"https:\/\/zonacuriosa.com.br\/en\/wp-json\/wp\/v2\/posts\/103019\/revisions"}],"predecessor-version":[{"id":103038,"href":"https:\/\/zonacuriosa.com.br\/en\/wp-json\/wp\/v2\/posts\/103019\/revisions\/103038"}],"wp:attachment":[{"href":"https:\/\/zonacuriosa.com.br\/en\/wp-json\/wp\/v2\/media?parent=103019"}],"wp:term":[{"taxonomy":"category","embeddable":true,"href":"https:\/\/zonacuriosa.com.br\/en\/wp-json\/wp\/v2\/categories?post=103019"},{"taxonomy":"post_tag","embeddable":true,"href":"https:\/\/zonacuriosa.com.br\/en\/wp-json\/wp\/v2\/tags?post=103019"}],"curies":[{"name":"wp","href":"https:\/\/api.w.org\/{rel}","templated":true}]}}