{"id":102984,"date":"2026-04-09T10:02:00","date_gmt":"2026-04-09T10:02:00","guid":{"rendered":"https:\/\/zonacuriosa.com.br\/b3e2de3e-54f5-4c5f-9c39-51a267b4df46\/"},"modified":"2026-04-09T10:02:22","modified_gmt":"2026-04-09T10:02:22","slug":"b3e2de3e-54f5-4c5f-9c39-51a267b4df46","status":"publish","type":"post","link":"https:\/\/zonacuriosa.com.br\/en\/b3e2de3e-54f5-4c5f-9c39-51a267b4df46\/","title":{"rendered":"Assistente Audiovisual: Cres\u00e7a Profissionalmente com Benef\u00edcios Exclusivos"},"content":{"rendered":"<div class=\"mx-5 sm:mx-0 prose text-left mb-5\">\n<\/p>\n<div style=\"background: #ffffff; border-radius: 12px; box-shadow: 0 10px 30px rgba(0, 0, 0, 0.1); width: 100%; max-width: 340px; padding: 25px; transition: transform 0.3s ease-in-out; overflow: visible; display: flex; flex-direction: column; position: relative; border: 1px solid #28a745; margin-top: 70px; margin-bottom: 50px; margin-left: auto; margin-right: auto;\">\n<div style=\"position: absolute; top: -35px; right: 15px; color: #28a745; padding: 5px 10px; border-radius: 6px; font-size: 14px; font-weight: bold; display: flex; align-items: center; z-index: 10;\">Recommended for you<\/div>\n<div data-namespace-header=\"\" style=\"\">\n<h3 data-namespace-title=\"\" style=\"color: #333; font-size: 20px; font-weight: bold; text-align: left; margin-right: 50px; min-height: 50px; margin-top: 0px;\">Assistente Audiovisual<\/h3>\n<\/p><\/div>\n<p data-namespace-prompt=\"\" style=\"font-size: 16px; color: #666; margin-bottom: 20px; line-height: 1.5; flex-grow: 1; text-align: left; margin-top: 0px;\">Vaga efetiva, jornada de 44h semanais, benef\u00edcios diferenciados e chance de desenvolvimento na \u00e1rea de audiovisual. Perfil com experi\u00eancia e paix\u00e3o por educa\u00e7\u00e3o ser\u00e1 valorizado.<\/p>\n<p>    <a data-namespace-url=\"\" href=\"https:\/\/zonacuriosa.com.br\/en\/redirect\/?https:\/\/ucb.gupy.io\/jobs\/11056208?jobBoardSource=gupy_public_page&#038;utm_campaign=google_jobs_apply&#038;utm_source=google_jobs_apply&#038;utm_medium=organic\" style=\"width: 100%; display: inline-block; color: white; text-decoration: none; border-radius: 6px; font-size: 16px; font-weight: bold; text-align: center; transition: transform 0.3s ease, background 0.3s ease; margin-top: auto;\" data-namespace-id=\"5c0d2565-3ba9-4280-a382-ad2a691e2285\"><br \/>\n        <button style=\"width: 100%; height: 55px; background: #e9e9ed; border: 1px solid black; color: black;\">Apply for the job<\/button><br \/>\n    <\/a><br \/>\n    <small style=\"margin-top: 10px; color: #777; font-size: 12px; text-align: center; display: block;\">You will be redirected to another website.<\/small>\n<\/div>\n<h2>Como \u00e9 o dia a dia do Assistente Audiovisual<\/h2>\n<p>O Assistente Audiovisual atua auxiliando alunos e professores, organizando laborat\u00f3rios, acompanhando uso de equipamentos e realizando edi\u00e7\u00f5es de v\u00eddeos institucionais.<\/p>\n<p>A rotina inclui suporte t\u00e9cnico, opera\u00e7\u00f5es em est\u00fadios, transmiss\u00f5es e atendimento individual ou em grupos para orientar sobre recursos audiovisuais.<\/p>\n<p>Sua participa\u00e7\u00e3o envolve abrir chamados, organizar acervos e garantir materiais necess\u00e1rios para atividades pr\u00e1ticas, com foco no bom funcionamento das ilhas de edi\u00e7\u00e3o.<\/p>\n<p>H\u00e1 tamb\u00e9m atua\u00e7\u00e3o em grava\u00e7\u00f5es com equipamentos modernos, desde montagem de est\u00fadios at\u00e9 aux\u00edlio em transmiss\u00f5es ao vivo para eventos internos.<\/p>\n<p>Relat\u00f3rios, sugest\u00f5es de melhoria e documenta\u00e7\u00e3o das rotinas complementam as responsabilidades neste cargo.<\/p>\n<h2>Vantagens de ser Assistente Audiovisual<\/h2>\n<p>O cargo proporciona acesso a um pacote de benef\u00edcios, como assist\u00eancia m\u00e9dica e odontol\u00f3gica, vale alimenta\u00e7\u00e3o e transporte, al\u00e9m de bolsa de estudos significativa.<\/p>\n<p>Existe plano de carreira e treinamentos para aprimoramento, criando um ambiente incentivador para o aprendizado cont\u00ednuo e evolu\u00e7\u00e3o profissional na \u00e1rea.<\/p>\n<h2>Points to consider for the position.<\/h2>\n<p>A carga hor\u00e1ria semanal \u00e9 extensa, demandando boa administra\u00e7\u00e3o do tempo e energia para lidar com a variedade de demandas t\u00e9cnicas e operacionais.<\/p>\n<p>Al\u00e9m disso, \u00e9 preciso j\u00e1 estar cursando comunica\u00e7\u00e3o social, enviar portf\u00f3lio e comprovar experi\u00eancia b\u00e1sica para o perfil ser considerado competitivo.<\/p>\n<h2>Final verdict<\/h2>\n<p>Se voc\u00ea gosta do ambiente acad\u00eamico, quer crescer profissionalmente e se identifica com o segmento audiovisual, esta vaga apresenta benef\u00edcios s\u00f3lidos e oportunidades claras de desenvolvimento.<\/p>\n<p>Apesar da rotina puxada, as contrapartidas s\u00e3o atrativas para quem deseja experi\u00eancia e crescimento em um ambiente reconhecido e estruturado.<\/p>\n<div style=\"background: #ffffff; border-radius: 12px; box-shadow: 0 10px 30px rgba(0, 0, 0, 0.1); width: 100%; max-width: 340px; padding: 25px; transition: transform 0.3s ease-in-out; overflow: visible; display: flex; flex-direction: column; position: relative; border: 1px solid #28a745; margin-top: 70px; margin-bottom: 50px; margin-left: auto; margin-right: auto;\">\n<div style=\"position: absolute; top: -35px; right: 15px; color: #28a745; padding: 5px 10px; border-radius: 6px; font-size: 14px; font-weight: bold; display: flex; align-items: center; z-index: 10;\">Recommended for you<\/div>\n<div data-namespace-header=\"\" style=\"\">\n<h3 data-namespace-title=\"\" style=\"color: #333; font-size: 20px; font-weight: bold; text-align: left; margin-right: 50px; min-height: 50px; margin-top: 0px;\">Assistente Audiovisual<\/h3>\n<\/p><\/div>\n<p data-namespace-prompt=\"\" style=\"font-size: 16px; color: #666; margin-bottom: 20px; line-height: 1.5; flex-grow: 1; text-align: left; margin-top: 0px;\">Vaga efetiva, jornada de 44h semanais, benef\u00edcios diferenciados e chance de desenvolvimento na \u00e1rea de audiovisual. Perfil com experi\u00eancia e paix\u00e3o por educa\u00e7\u00e3o ser\u00e1 valorizado.<\/p>\n<p>    <a data-namespace-url=\"\" href=\"https:\/\/zonacuriosa.com.br\/en\/redirect\/?https:\/\/ucb.gupy.io\/jobs\/11056208?jobBoardSource=gupy_public_page&#038;utm_campaign=google_jobs_apply&#038;utm_source=google_jobs_apply&#038;utm_medium=organic\" style=\"width: 100%; display: inline-block; color: white; text-decoration: none; border-radius: 6px; font-size: 16px; font-weight: bold; text-align: center; transition: transform 0.3s ease, background 0.3s ease; margin-top: auto;\" data-namespace-id=\"5c0d2565-3ba9-4280-a382-ad2a691e2285\"><br \/>\n        <button style=\"width: 100%; height: 55px; background: #e9e9ed; border: 1px solid black; color: black;\">Apply for the job<\/button><br \/>\n    <\/a><br \/>\n    <small style=\"margin-top: 10px; color: #777; font-size: 12px; text-align: center; display: block;\">You will be redirected to another website.<\/small>\n<\/div>\n<\/div>","protected":false},"excerpt":{"rendered":"<p>Assistente Audiovisual: vaga efetiva, pacote de benef\u00edcios atrativo, desenvolvimento profissional e aprendizado cont\u00ednuo em ambiente educacional. Veja os pr\u00f3s e contras agora mesmo<\/p>","protected":false},"author":113,"featured_media":0,"comment_status":"open","ping_status":"open","sticky":false,"template":"","format":"standard","meta":{"footnotes":""},"categories":[11],"tags":[],"yoast_head":"<!-- This site is optimized with the Yoast SEO plugin v23.3 - https:\/\/yoast.com\/wordpress\/plugins\/seo\/ -->\n<title>Assistente Audiovisual: Cres\u00e7a Profissionalmente com Benef\u00edcios Exclusivos - Zona Curiosa<\/title>\n<meta name=\"robots\" content=\"index, follow, max-snippet:-1, max-image-preview:large, max-video-preview:-1\" \/>\n<link rel=\"canonical\" href=\"https:\/\/zonacuriosa.com.br\/en\/b3e2de3e-54f5-4c5f-9c39-51a267b4df46\/\" \/>\n<meta property=\"og:locale\" content=\"en_US\" \/>\n<meta property=\"og:type\" content=\"article\" \/>\n<meta property=\"og:title\" content=\"Assistente Audiovisual: Cres\u00e7a Profissionalmente com Benef\u00edcios Exclusivos - Zona Curiosa\" \/>\n<meta property=\"og:description\" content=\"Assistente Audiovisual: vaga efetiva, pacote de benef\u00edcios atrativo, desenvolvimento profissional e aprendizado cont\u00ednuo em ambiente educacional. Veja os pr\u00f3s e contras agora mesmo\" \/>\n<meta property=\"og:url\" content=\"https:\/\/zonacuriosa.com.br\/en\/b3e2de3e-54f5-4c5f-9c39-51a267b4df46\/\" \/>\n<meta property=\"og:site_name\" content=\"Zona Curiosa\" \/>\n<meta property=\"article:published_time\" content=\"2026-04-09T10:02:00+00:00\" \/>\n<meta property=\"article:modified_time\" content=\"2026-04-09T10:02:22+00:00\" \/>\n<meta name=\"author\" content=\"ederaugusttomuller\" \/>\n<meta name=\"twitter:card\" content=\"summary_large_image\" \/>\n<meta name=\"twitter:label1\" content=\"Written by\" \/>\n\t<meta name=\"twitter:data1\" content=\"ederaugusttomuller\" \/>\n\t<meta name=\"twitter:label2\" content=\"Est. reading time\" \/>\n\t<meta name=\"twitter:data2\" content=\"2 minutes\" \/>\n<script type=\"application\/ld+json\" class=\"yoast-schema-graph\">{\"@context\":\"https:\/\/schema.org\",\"@graph\":[{\"@type\":\"WebPage\",\"@id\":\"https:\/\/zonacuriosa.com.br\/b3e2de3e-54f5-4c5f-9c39-51a267b4df46\/\",\"url\":\"https:\/\/zonacuriosa.com.br\/b3e2de3e-54f5-4c5f-9c39-51a267b4df46\/\",\"name\":\"Assistente Audiovisual: Cres\u00e7a Profissionalmente com Benef\u00edcios Exclusivos - Zona Curiosa\",\"isPartOf\":{\"@id\":\"https:\/\/zonacuriosa.com.br\/#website\"},\"datePublished\":\"2026-04-09T10:02:00+00:00\",\"dateModified\":\"2026-04-09T10:02:22+00:00\",\"author\":{\"@id\":\"https:\/\/zonacuriosa.com.br\/#\/schema\/person\/890d2e5780ff9ae3803551e7f1d7a46d\"},\"breadcrumb\":{\"@id\":\"https:\/\/zonacuriosa.com.br\/b3e2de3e-54f5-4c5f-9c39-51a267b4df46\/#breadcrumb\"},\"inLanguage\":\"en-US\",\"potentialAction\":[{\"@type\":\"ReadAction\",\"target\":[\"https:\/\/zonacuriosa.com.br\/b3e2de3e-54f5-4c5f-9c39-51a267b4df46\/\"]}]},{\"@type\":\"BreadcrumbList\",\"@id\":\"https:\/\/zonacuriosa.com.br\/b3e2de3e-54f5-4c5f-9c39-51a267b4df46\/#breadcrumb\",\"itemListElement\":[{\"@type\":\"ListItem\",\"position\":1,\"name\":\"Home\",\"item\":\"https:\/\/zonacuriosa.com.br\/\"},{\"@type\":\"ListItem\",\"position\":2,\"name\":\"Assistente Audiovisual: Cres\u00e7a Profissionalmente com Benef\u00edcios Exclusivos\"}]},{\"@type\":\"WebSite\",\"@id\":\"https:\/\/zonacuriosa.com.br\/#website\",\"url\":\"https:\/\/zonacuriosa.com.br\/\",\"name\":\"Zona Curiosa\",\"description\":\"\",\"potentialAction\":[{\"@type\":\"SearchAction\",\"target\":{\"@type\":\"EntryPoint\",\"urlTemplate\":\"https:\/\/zonacuriosa.com.br\/?s={search_term_string}\"},\"query-input\":\"required name=search_term_string\"}],\"inLanguage\":\"en-US\"},{\"@type\":\"Person\",\"@id\":\"https:\/\/zonacuriosa.com.br\/#\/schema\/person\/890d2e5780ff9ae3803551e7f1d7a46d\",\"name\":\"ederaugusttomuller\",\"image\":{\"@type\":\"ImageObject\",\"inLanguage\":\"en-US\",\"@id\":\"https:\/\/zonacuriosa.com.br\/#\/schema\/person\/image\/\",\"url\":\"https:\/\/secure.gravatar.com\/avatar\/96357ca64e7ff2bf802e5dba125702c6?s=96&d=mm&r=g\",\"contentUrl\":\"https:\/\/secure.gravatar.com\/avatar\/96357ca64e7ff2bf802e5dba125702c6?s=96&d=mm&r=g\",\"caption\":\"ederaugusttomuller\"},\"url\":\"https:\/\/zonacuriosa.com.br\/en\/author\/ederaugusttomuller\/\"}]}<\/script>\n<!-- \/ Yoast SEO plugin. -->","yoast_head_json":{"title":"Assistente Audiovisual: Cres\u00e7a Profissionalmente com Benef\u00edcios Exclusivos - Zona Curiosa","robots":{"index":"index","follow":"follow","max-snippet":"max-snippet:-1","max-image-preview":"max-image-preview:large","max-video-preview":"max-video-preview:-1"},"canonical":"https:\/\/zonacuriosa.com.br\/en\/b3e2de3e-54f5-4c5f-9c39-51a267b4df46\/","og_locale":"en_US","og_type":"article","og_title":"Assistente Audiovisual: Cres\u00e7a Profissionalmente com Benef\u00edcios Exclusivos - Zona Curiosa","og_description":"Assistente Audiovisual: vaga efetiva, pacote de benef\u00edcios atrativo, desenvolvimento profissional e aprendizado cont\u00ednuo em ambiente educacional. Veja os pr\u00f3s e contras agora mesmo","og_url":"https:\/\/zonacuriosa.com.br\/en\/b3e2de3e-54f5-4c5f-9c39-51a267b4df46\/","og_site_name":"Zona Curiosa","article_published_time":"2026-04-09T10:02:00+00:00","article_modified_time":"2026-04-09T10:02:22+00:00","author":"ederaugusttomuller","twitter_card":"summary_large_image","twitter_misc":{"Written by":"ederaugusttomuller","Est. reading time":"2 minutes"},"schema":{"@context":"https:\/\/schema.org","@graph":[{"@type":"WebPage","@id":"https:\/\/zonacuriosa.com.br\/b3e2de3e-54f5-4c5f-9c39-51a267b4df46\/","url":"https:\/\/zonacuriosa.com.br\/b3e2de3e-54f5-4c5f-9c39-51a267b4df46\/","name":"Assistente Audiovisual: Cres\u00e7a Profissionalmente com Benef\u00edcios Exclusivos - Zona Curiosa","isPartOf":{"@id":"https:\/\/zonacuriosa.com.br\/#website"},"datePublished":"2026-04-09T10:02:00+00:00","dateModified":"2026-04-09T10:02:22+00:00","author":{"@id":"https:\/\/zonacuriosa.com.br\/#\/schema\/person\/890d2e5780ff9ae3803551e7f1d7a46d"},"breadcrumb":{"@id":"https:\/\/zonacuriosa.com.br\/b3e2de3e-54f5-4c5f-9c39-51a267b4df46\/#breadcrumb"},"inLanguage":"en-US","potentialAction":[{"@type":"ReadAction","target":["https:\/\/zonacuriosa.com.br\/b3e2de3e-54f5-4c5f-9c39-51a267b4df46\/"]}]},{"@type":"BreadcrumbList","@id":"https:\/\/zonacuriosa.com.br\/b3e2de3e-54f5-4c5f-9c39-51a267b4df46\/#breadcrumb","itemListElement":[{"@type":"ListItem","position":1,"name":"Home","item":"https:\/\/zonacuriosa.com.br\/"},{"@type":"ListItem","position":2,"name":"Assistente Audiovisual: Cres\u00e7a Profissionalmente com Benef\u00edcios Exclusivos"}]},{"@type":"WebSite","@id":"https:\/\/zonacuriosa.com.br\/#website","url":"https:\/\/zonacuriosa.com.br\/","name":"Zona Curiosa","description":"","potentialAction":[{"@type":"SearchAction","target":{"@type":"EntryPoint","urlTemplate":"https:\/\/zonacuriosa.com.br\/?s={search_term_string}"},"query-input":"required name=search_term_string"}],"inLanguage":"en-US"},{"@type":"Person","@id":"https:\/\/zonacuriosa.com.br\/#\/schema\/person\/890d2e5780ff9ae3803551e7f1d7a46d","name":"ederaugusttomuller","image":{"@type":"ImageObject","inLanguage":"en-US","@id":"https:\/\/zonacuriosa.com.br\/#\/schema\/person\/image\/","url":"https:\/\/secure.gravatar.com\/avatar\/96357ca64e7ff2bf802e5dba125702c6?s=96&d=mm&r=g","contentUrl":"https:\/\/secure.gravatar.com\/avatar\/96357ca64e7ff2bf802e5dba125702c6?s=96&d=mm&r=g","caption":"ederaugusttomuller"},"url":"https:\/\/zonacuriosa.com.br\/en\/author\/ederaugusttomuller\/"}]}},"_links":{"self":[{"href":"https:\/\/zonacuriosa.com.br\/en\/wp-json\/wp\/v2\/posts\/102984"}],"collection":[{"href":"https:\/\/zonacuriosa.com.br\/en\/wp-json\/wp\/v2\/posts"}],"about":[{"href":"https:\/\/zonacuriosa.com.br\/en\/wp-json\/wp\/v2\/types\/post"}],"author":[{"embeddable":true,"href":"https:\/\/zonacuriosa.com.br\/en\/wp-json\/wp\/v2\/users\/113"}],"replies":[{"embeddable":true,"href":"https:\/\/zonacuriosa.com.br\/en\/wp-json\/wp\/v2\/comments?post=102984"}],"version-history":[{"count":1,"href":"https:\/\/zonacuriosa.com.br\/en\/wp-json\/wp\/v2\/posts\/102984\/revisions"}],"predecessor-version":[{"id":102995,"href":"https:\/\/zonacuriosa.com.br\/en\/wp-json\/wp\/v2\/posts\/102984\/revisions\/102995"}],"wp:attachment":[{"href":"https:\/\/zonacuriosa.com.br\/en\/wp-json\/wp\/v2\/media?parent=102984"}],"wp:term":[{"taxonomy":"category","embeddable":true,"href":"https:\/\/zonacuriosa.com.br\/en\/wp-json\/wp\/v2\/categories?post=102984"},{"taxonomy":"post_tag","embeddable":true,"href":"https:\/\/zonacuriosa.com.br\/en\/wp-json\/wp\/v2\/tags?post=102984"}],"curies":[{"name":"wp","href":"https:\/\/api.w.org\/{rel}","templated":true}]}}