{"id":102930,"date":"2026-04-08T20:03:00","date_gmt":"2026-04-08T20:03:00","guid":{"rendered":"https:\/\/zonacuriosa.com.br\/fa6bad00-c75c-46a9-a48f-69ae5bbe2366\/"},"modified":"2026-04-08T20:03:36","modified_gmt":"2026-04-08T20:03:36","slug":"fa6bad00-c75c-46a9-a48f-69ae5bbe2366","status":"publish","type":"post","link":"https:\/\/zonacuriosa.com.br\/en\/fa6bad00-c75c-46a9-a48f-69ae5bbe2366\/","title":{"rendered":"PCD \u2013 Vagas Administrativas e Produ\u00e7\u00e3o: Inclus\u00e3o e Oportunidade com Betel Servi\u00e7os"},"content":{"rendered":"<div class=\"mx-5 sm:mx-0 prose text-left mb-5\">\n<\/p>\n<div style=\"background: #ffffff; border-radius: 12px; box-shadow: 0 10px 30px rgba(0, 0, 0, 0.1); width: 100%; max-width: 340px; padding: 25px; transition: transform 0.3s ease-in-out; overflow: visible; display: flex; flex-direction: column; position: relative; border: 1px solid #28a745; margin-top: 70px; margin-bottom: 50px; margin-left: auto; margin-right: auto;\">\n<div style=\"position: absolute; top: -35px; right: 15px; color: #28a745; padding: 5px 10px; border-radius: 6px; font-size: 14px; font-weight: bold; display: flex; align-items: center; z-index: 10;\">Recommended for you<\/div>\n<div data-namespace-header=\"\" style=\"\">\n<h3 data-namespace-title=\"\" style=\"color: #333; font-size: 20px; font-weight: bold; text-align: left; margin-right: 50px; min-height: 50px; margin-top: 0px;\">PCD \u2013 Adm. e Produ\u00e7\u00e3o<\/h3>\n<\/p><\/div>\n<p data-namespace-prompt=\"\" style=\"font-size: 16px; color: #666; margin-bottom: 20px; line-height: 1.5; flex-grow: 1; text-align: left; margin-top: 0px;\">Vagas afirmativas para PCD com benef\u00edcios garantidos, atua\u00e7\u00e3o em administrativo ou ch\u00e3o de f\u00e1brica, e processo seletivo inclusivo. Envie sua candidatura e participe!<\/p>\n<p>    <a data-namespace-url=\"\" href=\"https:\/\/zonacuriosa.com.br\/en\/redirect\/?https:\/\/bebee.com\/br\/jobs\/pcd-vagas-na-area-administrativa-e-producao-betel-servicos-sorocaba--talent-b9b5d90d5259?utm_campaign=google_jobs_apply&#038;utm_source=google_jobs_apply&#038;utm_medium=organic\" style=\"width: 100%; display: inline-block; color: white; text-decoration: none; border-radius: 6px; font-size: 16px; font-weight: bold; text-align: center; transition: transform 0.3s ease, background 0.3s ease; margin-top: auto;\" data-namespace-id=\"5c0d2565-3ba9-4280-a382-ad2a691e2285\"><br \/>\n        <button style=\"width: 100%; height: 55px; background: #e9e9ed; border: 1px solid black; color: black;\">Submit application<\/button><br \/>\n    <\/a><br \/>\n    <small style=\"margin-top: 10px; color: #777; font-size: 12px; text-align: center; display: block;\">You will be redirected to another website.<\/small>\n<\/div>\n<p>A vaga PCD \u2013 Administrativa e Produ\u00e7\u00e3o da Betel Servi\u00e7os oferece chances iguais para profissionais com defici\u00eancia, proporcionando inclus\u00e3o genu\u00edna e valorizando a diversidade nas equipes.<\/p>\n<p>Trata-se de um trabalho de tempo integral, com estabilidade, onde cada candidatura \u00e9 avaliada conforme suas experi\u00eancias, tanto operacionais quanto administrativas. O ensino m\u00e9dio completo \u00e9 obrigat\u00f3rio.<\/p>\n<p>O processo seletivo prioriza a compatibilidade do candidato com o perfil requisitado para diferentes fun\u00e7\u00f5es, tornando a sele\u00e7\u00e3o mais inclusiva, justa e respeitosa.<\/p>\n<h2>Responsabilidades e Rotina no Trabalho<\/h2>\n<p>Os contratados poder\u00e3o atuar tanto em setores administrativos quanto operacionais no ambiente industrial, dependendo do hist\u00f3rico profissional.<\/p>\n<p>No administrativo, as tarefas envolvem organizar documentos, auxiliar na rotina de escrit\u00f3rio, controlar informa\u00e7\u00f5es e atender demandas di\u00e1rias do setor.<\/p>\n<p>J\u00e1 no setor produtivo, o profissional colabora com processos fabris, controle de qualidade e apoio direto no funcionamento do ch\u00e3o de f\u00e1brica.<\/p>\n<p>A rotina pode variar de acordo com o setor, mas ambas as \u00e1reas exigem comprometimento, aten\u00e7\u00e3o e vontade de aprender, o que torna o ambiente din\u00e2mico.<\/p>\n<p>A flexibilidade de hor\u00e1rios tamb\u00e9m pode ser um ponto positivo, permitindo adaptar a jornada conforme necessidade da fun\u00e7\u00e3o.<\/p>\n<h2>Strengths of the Opportunity<\/h2>\n<p>Um dos grandes diferenciais \u00e9 o compromisso da empresa com a inclus\u00e3o de PCD, promovendo valoriza\u00e7\u00e3o e respeito desde o processo seletivo.<\/p>\n<p>Os profissionais encontrados no time s\u00e3o treinados para garantir apoio e integra\u00e7\u00e3o no ambiente de trabalho, refor\u00e7ando o clima colaborativo.<\/p>\n<p>Al\u00e9m disso, quem j\u00e1 possui experi\u00eancia nos setores operacionais ou administrativos encontra maior facilidade na adapta\u00e7\u00e3o \u00e0s tarefas di\u00e1rias.<\/p>\n<p>Outro ponto forte \u00e9 o engajamento da empresa com o desenvolvimento pessoal dos colaboradores, oferecendo suporte e acompanhando trajet\u00f3rias.<\/p>\n<h2>Pontos a Considerar Antes de se Candidatar<\/h2>\n<p>Como nem todas as vagas de produ\u00e7\u00e3o ou administrativas exigem experi\u00eancia pr\u00e9via, \u00e9 importante disposi\u00e7\u00e3o para aprender rapidamente no ambiente industrial.<\/p>\n<p>A rotina pode envolver atividades repetitivas, exigindo aten\u00e7\u00e3o cont\u00ednua, organiza\u00e7\u00e3o e dedica\u00e7\u00e3o, sobretudo para quem busca evolu\u00e7\u00e3o interna.<\/p>\n<p>Os requisitos b\u00e1sicos, como ensino m\u00e9dio completo e disponibilidade para hor\u00e1rios variados, s\u00e3o essenciais e n\u00e3o devem ser ignorados.<\/p>\n<p>Por fim, o ambiente industrial pode ser novo para quem nunca atuou em produ\u00e7\u00e3o; logo, \u00e9 necess\u00e1rio avaliar se h\u00e1 identifica\u00e7\u00e3o com a \u00e1rea.<\/p>\n<h2>Final Verdict<\/h2>\n<p>A vaga PCD \u2013 Administrativa e Produ\u00e7\u00e3o representa \u00f3tima chance de inclus\u00e3o, estabilidade e desenvolvimento para pessoas com defici\u00eancia que buscam novas oportunidades profissionais.<\/p>\n<p>Se voc\u00ea tem o perfil e cumpre os requisitos, essa op\u00e7\u00e3o traz benef\u00edcios reais e abre portas para crescimento dentro de um ambiente mais justo e acolhedor.<\/p>\n<div style=\"background: #ffffff; border-radius: 12px; box-shadow: 0 10px 30px rgba(0, 0, 0, 0.1); width: 100%; max-width: 340px; padding: 25px; transition: transform 0.3s ease-in-out; overflow: visible; display: flex; flex-direction: column; position: relative; border: 1px solid #28a745; margin-top: 70px; margin-bottom: 50px; margin-left: auto; margin-right: auto;\">\n<div style=\"position: absolute; top: -35px; right: 15px; color: #28a745; padding: 5px 10px; border-radius: 6px; font-size: 14px; font-weight: bold; display: flex; align-items: center; z-index: 10;\">Recommended for you<\/div>\n<div data-namespace-header=\"\" style=\"\">\n<h3 data-namespace-title=\"\" style=\"color: #333; font-size: 20px; font-weight: bold; text-align: left; margin-right: 50px; min-height: 50px; margin-top: 0px;\">PCD \u2013 Adm. e Produ\u00e7\u00e3o<\/h3>\n<\/p><\/div>\n<p data-namespace-prompt=\"\" style=\"font-size: 16px; color: #666; margin-bottom: 20px; line-height: 1.5; flex-grow: 1; text-align: left; margin-top: 0px;\">Vagas afirmativas para PCD com benef\u00edcios garantidos, atua\u00e7\u00e3o em administrativo ou ch\u00e3o de f\u00e1brica, e processo seletivo inclusivo. Envie sua candidatura e participe!<\/p>\n<p>    <a data-namespace-url=\"\" href=\"https:\/\/zonacuriosa.com.br\/en\/redirect\/?https:\/\/bebee.com\/br\/jobs\/pcd-vagas-na-area-administrativa-e-producao-betel-servicos-sorocaba--talent-b9b5d90d5259?utm_campaign=google_jobs_apply&#038;utm_source=google_jobs_apply&#038;utm_medium=organic\" style=\"width: 100%; display: inline-block; color: white; text-decoration: none; border-radius: 6px; font-size: 16px; font-weight: bold; text-align: center; transition: transform 0.3s ease, background 0.3s ease; margin-top: auto;\" data-namespace-id=\"5c0d2565-3ba9-4280-a382-ad2a691e2285\"><br \/>\n        <button style=\"width: 100%; height: 55px; background: #e9e9ed; border: 1px solid black; color: black;\">Submit application<\/button><br \/>\n    <\/a><br \/>\n    <small style=\"margin-top: 10px; color: #777; font-size: 12px; text-align: center; display: block;\">You will be redirected to another website.<\/small>\n<\/div>\n<\/div>","protected":false},"excerpt":{"rendered":"<p>Confira as vagas afirmativas PCD na \u00e1rea administrativa e produ\u00e7\u00e3o com ambiente inclusivo, benef\u00edcios e valoriza\u00e7\u00e3o profissional. Veja se seu perfil se encaixa e envie sua candidatura hoje mesmo!<\/p>","protected":false},"author":113,"featured_media":0,"comment_status":"open","ping_status":"open","sticky":false,"template":"","format":"standard","meta":{"footnotes":""},"categories":[11],"tags":[],"yoast_head":"<!-- This site is optimized with the Yoast SEO plugin v23.3 - https:\/\/yoast.com\/wordpress\/plugins\/seo\/ -->\n<title>PCD \u2013 Vagas Administrativas e Produ\u00e7\u00e3o: Inclus\u00e3o e Oportunidade com Betel Servi\u00e7os - Zona Curiosa<\/title>\n<meta name=\"robots\" content=\"index, follow, max-snippet:-1, max-image-preview:large, max-video-preview:-1\" \/>\n<link rel=\"canonical\" href=\"https:\/\/zonacuriosa.com.br\/en\/fa6bad00-c75c-46a9-a48f-69ae5bbe2366\/\" \/>\n<meta property=\"og:locale\" content=\"en_US\" \/>\n<meta property=\"og:type\" content=\"article\" \/>\n<meta property=\"og:title\" content=\"PCD \u2013 Vagas Administrativas e Produ\u00e7\u00e3o: Inclus\u00e3o e Oportunidade com Betel Servi\u00e7os - Zona Curiosa\" \/>\n<meta property=\"og:description\" content=\"Confira as vagas afirmativas PCD na \u00e1rea administrativa e produ\u00e7\u00e3o com ambiente inclusivo, benef\u00edcios e valoriza\u00e7\u00e3o profissional. Veja se seu perfil se encaixa e envie sua candidatura hoje mesmo!\" \/>\n<meta property=\"og:url\" content=\"https:\/\/zonacuriosa.com.br\/en\/fa6bad00-c75c-46a9-a48f-69ae5bbe2366\/\" \/>\n<meta property=\"og:site_name\" content=\"Zona Curiosa\" \/>\n<meta property=\"article:published_time\" content=\"2026-04-08T20:03:00+00:00\" \/>\n<meta property=\"article:modified_time\" content=\"2026-04-08T20:03:36+00:00\" \/>\n<meta name=\"author\" content=\"ederaugusttomuller\" \/>\n<meta name=\"twitter:card\" content=\"summary_large_image\" \/>\n<meta name=\"twitter:label1\" content=\"Written by\" \/>\n\t<meta name=\"twitter:data1\" content=\"ederaugusttomuller\" \/>\n\t<meta name=\"twitter:label2\" content=\"Est. reading time\" \/>\n\t<meta name=\"twitter:data2\" content=\"3 minutes\" \/>\n<script type=\"application\/ld+json\" class=\"yoast-schema-graph\">{\"@context\":\"https:\/\/schema.org\",\"@graph\":[{\"@type\":\"WebPage\",\"@id\":\"https:\/\/zonacuriosa.com.br\/fa6bad00-c75c-46a9-a48f-69ae5bbe2366\/\",\"url\":\"https:\/\/zonacuriosa.com.br\/fa6bad00-c75c-46a9-a48f-69ae5bbe2366\/\",\"name\":\"PCD \u2013 Vagas Administrativas e Produ\u00e7\u00e3o: Inclus\u00e3o e Oportunidade com Betel Servi\u00e7os - Zona Curiosa\",\"isPartOf\":{\"@id\":\"https:\/\/zonacuriosa.com.br\/#website\"},\"datePublished\":\"2026-04-08T20:03:00+00:00\",\"dateModified\":\"2026-04-08T20:03:36+00:00\",\"author\":{\"@id\":\"https:\/\/zonacuriosa.com.br\/#\/schema\/person\/890d2e5780ff9ae3803551e7f1d7a46d\"},\"breadcrumb\":{\"@id\":\"https:\/\/zonacuriosa.com.br\/fa6bad00-c75c-46a9-a48f-69ae5bbe2366\/#breadcrumb\"},\"inLanguage\":\"en-US\",\"potentialAction\":[{\"@type\":\"ReadAction\",\"target\":[\"https:\/\/zonacuriosa.com.br\/fa6bad00-c75c-46a9-a48f-69ae5bbe2366\/\"]}]},{\"@type\":\"BreadcrumbList\",\"@id\":\"https:\/\/zonacuriosa.com.br\/fa6bad00-c75c-46a9-a48f-69ae5bbe2366\/#breadcrumb\",\"itemListElement\":[{\"@type\":\"ListItem\",\"position\":1,\"name\":\"Home\",\"item\":\"https:\/\/zonacuriosa.com.br\/\"},{\"@type\":\"ListItem\",\"position\":2,\"name\":\"PCD \u2013 Vagas Administrativas e Produ\u00e7\u00e3o: Inclus\u00e3o e Oportunidade com Betel Servi\u00e7os\"}]},{\"@type\":\"WebSite\",\"@id\":\"https:\/\/zonacuriosa.com.br\/#website\",\"url\":\"https:\/\/zonacuriosa.com.br\/\",\"name\":\"Zona Curiosa\",\"description\":\"\",\"potentialAction\":[{\"@type\":\"SearchAction\",\"target\":{\"@type\":\"EntryPoint\",\"urlTemplate\":\"https:\/\/zonacuriosa.com.br\/?s={search_term_string}\"},\"query-input\":\"required name=search_term_string\"}],\"inLanguage\":\"en-US\"},{\"@type\":\"Person\",\"@id\":\"https:\/\/zonacuriosa.com.br\/#\/schema\/person\/890d2e5780ff9ae3803551e7f1d7a46d\",\"name\":\"ederaugusttomuller\",\"image\":{\"@type\":\"ImageObject\",\"inLanguage\":\"en-US\",\"@id\":\"https:\/\/zonacuriosa.com.br\/#\/schema\/person\/image\/\",\"url\":\"https:\/\/secure.gravatar.com\/avatar\/96357ca64e7ff2bf802e5dba125702c6?s=96&d=mm&r=g\",\"contentUrl\":\"https:\/\/secure.gravatar.com\/avatar\/96357ca64e7ff2bf802e5dba125702c6?s=96&d=mm&r=g\",\"caption\":\"ederaugusttomuller\"},\"url\":\"https:\/\/zonacuriosa.com.br\/en\/author\/ederaugusttomuller\/\"}]}<\/script>\n<!-- \/ Yoast SEO plugin. -->","yoast_head_json":{"title":"PCD \u2013 Vagas Administrativas e Produ\u00e7\u00e3o: Inclus\u00e3o e Oportunidade com Betel Servi\u00e7os - Zona Curiosa","robots":{"index":"index","follow":"follow","max-snippet":"max-snippet:-1","max-image-preview":"max-image-preview:large","max-video-preview":"max-video-preview:-1"},"canonical":"https:\/\/zonacuriosa.com.br\/en\/fa6bad00-c75c-46a9-a48f-69ae5bbe2366\/","og_locale":"en_US","og_type":"article","og_title":"PCD \u2013 Vagas Administrativas e Produ\u00e7\u00e3o: Inclus\u00e3o e Oportunidade com Betel Servi\u00e7os - Zona Curiosa","og_description":"Confira as vagas afirmativas PCD na \u00e1rea administrativa e produ\u00e7\u00e3o com ambiente inclusivo, benef\u00edcios e valoriza\u00e7\u00e3o profissional. Veja se seu perfil se encaixa e envie sua candidatura hoje mesmo!","og_url":"https:\/\/zonacuriosa.com.br\/en\/fa6bad00-c75c-46a9-a48f-69ae5bbe2366\/","og_site_name":"Zona Curiosa","article_published_time":"2026-04-08T20:03:00+00:00","article_modified_time":"2026-04-08T20:03:36+00:00","author":"ederaugusttomuller","twitter_card":"summary_large_image","twitter_misc":{"Written by":"ederaugusttomuller","Est. reading time":"3 minutes"},"schema":{"@context":"https:\/\/schema.org","@graph":[{"@type":"WebPage","@id":"https:\/\/zonacuriosa.com.br\/fa6bad00-c75c-46a9-a48f-69ae5bbe2366\/","url":"https:\/\/zonacuriosa.com.br\/fa6bad00-c75c-46a9-a48f-69ae5bbe2366\/","name":"PCD \u2013 Vagas Administrativas e Produ\u00e7\u00e3o: Inclus\u00e3o e Oportunidade com Betel Servi\u00e7os - Zona Curiosa","isPartOf":{"@id":"https:\/\/zonacuriosa.com.br\/#website"},"datePublished":"2026-04-08T20:03:00+00:00","dateModified":"2026-04-08T20:03:36+00:00","author":{"@id":"https:\/\/zonacuriosa.com.br\/#\/schema\/person\/890d2e5780ff9ae3803551e7f1d7a46d"},"breadcrumb":{"@id":"https:\/\/zonacuriosa.com.br\/fa6bad00-c75c-46a9-a48f-69ae5bbe2366\/#breadcrumb"},"inLanguage":"en-US","potentialAction":[{"@type":"ReadAction","target":["https:\/\/zonacuriosa.com.br\/fa6bad00-c75c-46a9-a48f-69ae5bbe2366\/"]}]},{"@type":"BreadcrumbList","@id":"https:\/\/zonacuriosa.com.br\/fa6bad00-c75c-46a9-a48f-69ae5bbe2366\/#breadcrumb","itemListElement":[{"@type":"ListItem","position":1,"name":"Home","item":"https:\/\/zonacuriosa.com.br\/"},{"@type":"ListItem","position":2,"name":"PCD \u2013 Vagas Administrativas e Produ\u00e7\u00e3o: Inclus\u00e3o e Oportunidade com Betel Servi\u00e7os"}]},{"@type":"WebSite","@id":"https:\/\/zonacuriosa.com.br\/#website","url":"https:\/\/zonacuriosa.com.br\/","name":"Zona Curiosa","description":"","potentialAction":[{"@type":"SearchAction","target":{"@type":"EntryPoint","urlTemplate":"https:\/\/zonacuriosa.com.br\/?s={search_term_string}"},"query-input":"required name=search_term_string"}],"inLanguage":"en-US"},{"@type":"Person","@id":"https:\/\/zonacuriosa.com.br\/#\/schema\/person\/890d2e5780ff9ae3803551e7f1d7a46d","name":"ederaugusttomuller","image":{"@type":"ImageObject","inLanguage":"en-US","@id":"https:\/\/zonacuriosa.com.br\/#\/schema\/person\/image\/","url":"https:\/\/secure.gravatar.com\/avatar\/96357ca64e7ff2bf802e5dba125702c6?s=96&d=mm&r=g","contentUrl":"https:\/\/secure.gravatar.com\/avatar\/96357ca64e7ff2bf802e5dba125702c6?s=96&d=mm&r=g","caption":"ederaugusttomuller"},"url":"https:\/\/zonacuriosa.com.br\/en\/author\/ederaugusttomuller\/"}]}},"_links":{"self":[{"href":"https:\/\/zonacuriosa.com.br\/en\/wp-json\/wp\/v2\/posts\/102930"}],"collection":[{"href":"https:\/\/zonacuriosa.com.br\/en\/wp-json\/wp\/v2\/posts"}],"about":[{"href":"https:\/\/zonacuriosa.com.br\/en\/wp-json\/wp\/v2\/types\/post"}],"author":[{"embeddable":true,"href":"https:\/\/zonacuriosa.com.br\/en\/wp-json\/wp\/v2\/users\/113"}],"replies":[{"embeddable":true,"href":"https:\/\/zonacuriosa.com.br\/en\/wp-json\/wp\/v2\/comments?post=102930"}],"version-history":[{"count":1,"href":"https:\/\/zonacuriosa.com.br\/en\/wp-json\/wp\/v2\/posts\/102930\/revisions"}],"predecessor-version":[{"id":102940,"href":"https:\/\/zonacuriosa.com.br\/en\/wp-json\/wp\/v2\/posts\/102930\/revisions\/102940"}],"wp:attachment":[{"href":"https:\/\/zonacuriosa.com.br\/en\/wp-json\/wp\/v2\/media?parent=102930"}],"wp:term":[{"taxonomy":"category","embeddable":true,"href":"https:\/\/zonacuriosa.com.br\/en\/wp-json\/wp\/v2\/categories?post=102930"},{"taxonomy":"post_tag","embeddable":true,"href":"https:\/\/zonacuriosa.com.br\/en\/wp-json\/wp\/v2\/tags?post=102930"}],"curies":[{"name":"wp","href":"https:\/\/api.w.org\/{rel}","templated":true}]}}