{"id":102909,"date":"2026-04-08T19:16:00","date_gmt":"2026-04-08T19:16:00","guid":{"rendered":"https:\/\/zonacuriosa.com.br\/cfc27391-b760-4db5-a7b2-0232949a6990\/"},"modified":"2026-04-08T19:16:45","modified_gmt":"2026-04-08T19:16:45","slug":"cfc27391-b760-4db5-a7b2-0232949a6990","status":"publish","type":"post","link":"https:\/\/zonacuriosa.com.br\/en\/cfc27391-b760-4db5-a7b2-0232949a6990\/","title":{"rendered":"Coordenador(a) de Atendimento Tempor\u00e1rio: Sal\u00e1rio Competitivo e Lideran\u00e7a em Foco"},"content":{"rendered":"<div class=\"mx-5 sm:mx-0 prose text-left mb-5\">\n<\/p>\n<div style=\"background: #ffffff; border-radius: 12px; box-shadow: 0 10px 30px rgba(0, 0, 0, 0.1); width: 100%; max-width: 340px; padding: 25px; transition: transform 0.3s ease-in-out; overflow: visible; display: flex; flex-direction: column; position: relative; border: 1px solid #28a745; margin-top: 70px; margin-bottom: 50px; margin-left: auto; margin-right: auto;\">\n<div style=\"position: absolute; top: -35px; right: 15px; color: #28a745; padding: 5px 10px; border-radius: 6px; font-size: 14px; font-weight: bold; display: flex; align-items: center; z-index: 10;\">Recommended for you<\/div>\n<div data-namespace-header=\"\" style=\"\">\n<h3 data-namespace-title=\"\" style=\"color: #333; font-size: 20px; font-weight: bold; text-align: left; margin-right: 50px; min-height: 50px; margin-top: 0px;\">Coordenador(a) de Atendimento<\/h3>\n<\/p><\/div>\n<p data-namespace-prompt=\"\" style=\"font-size: 16px; color: #666; margin-bottom: 20px; line-height: 1.5; flex-grow: 1; text-align: left; margin-top: 0px;\">Lidere uma equipe focada em atendimento ao cliente, desenvolva processos eficientes e contribua para resultados s\u00f3lidos. Vaga tempor\u00e1ria, sal\u00e1rio R$ 4.522, pacote de benef\u00edcios e oportunidades de crescimento.<\/p>\n<p>    <a data-namespace-url=\"\" href=\"https:\/\/zonacuriosa.com.br\/en\/redirect\/?https:\/\/br.gigroup.com\/vagas-de-trabalho-detalhes\/sao-jose-dos-campos-coordenadora-de-atendimento-temporario-sao-jose-dos-campos-sp\/?jobid=27941&#038;utm_campaign=google_jobs_apply&#038;utm_source=google_jobs_apply&#038;utm_medium=organic\" style=\"width: 100%; display: inline-block; color: white; text-decoration: none; border-radius: 6px; font-size: 16px; font-weight: bold; text-align: center; transition: transform 0.3s ease, background 0.3s ease; margin-top: auto;\" data-namespace-id=\"5c0d2565-3ba9-4280-a382-ad2a691e2285\"><br \/>\n        <button style=\"width: 100%; height: 55px; background: #e9e9ed; border: 1px solid black; color: black;\">Apply for the job<\/button><br \/>\n    <\/a><br \/>\n    <small style=\"margin-top: 10px; color: #777; font-size: 12px; text-align: center; display: block;\">You will be redirected to another website.<\/small>\n<\/div>\n<p>Se voc\u00ea busca uma oportunidade para demonstrar suas habilidades de lideran\u00e7a, a vaga de Coordenador(a) de Atendimento em formato tempor\u00e1rio pode ser a escolha certa. O cargo oferece um sal\u00e1rio atrativo de R$ 4.522,17, benef\u00edcios como vale-transporte e aux\u00edlio alimenta\u00e7\u00e3o, e contrato com jornada integral. O perfil ideal exige experi\u00eancia com gest\u00e3o de equipes, atendimento ao p\u00fablico e dom\u00ednio intermedi\u00e1rio do Excel. O foco \u00e9 garantir excel\u00eancia no suporte ao cliente, operando com m\u00e9todos bem definidos e ambiente orientado a resultados.<\/p>\n<h2>Routine and Responsibilities<\/h2>\n<p>A principal responsabilidade \u00e9 supervisionar equipes de atendimento ao aluno do in\u00edcio ao fim de sua jornada. O(a) coordenador(a) garante que todos os processos, incluindo matr\u00edculas e rematr\u00edculas, ocorram de forma fluida e eficiente. Al\u00e9m disso, vai acompanhar resultados, reportar \u00e0 diretoria, analisar dados de BI para apoiar decis\u00f5es e apresentar relat\u00f3rios de desempenho. Tamb\u00e9m atua diretamente na resolu\u00e7\u00e3o de quest\u00f5es complexas e integra processos entre \u00e1reas diferentes dentro da institui\u00e7\u00e3o. Organiza\u00e7\u00e3o, planejamento e aten\u00e7\u00e3o ao cumprimento de metas s\u00e3o essenciais.<\/p>\n<h2>Positive Points<\/h2>\n<p>Entre os maiores atrativos da vaga est\u00e1 o reconhecimento financeiro compat\u00edvel com o mercado, incluindo benef\u00edcios e estabilidade durante o contrato. O papel proporciona experi\u00eancia relevante em gest\u00e3o de pessoas e permite o desenvolvimento de compet\u00eancias em ambientes din\u00e2micos e desafiadores. O profissional ter\u00e1 contato com ferramentas de an\u00e1lise modernas, como BI, ampliando sua especializa\u00e7\u00e3o em dados e opera\u00e7\u00f5es.<\/p>\n<h2>Negative Points<\/h2>\n<p>Por se tratar de uma vaga tempor\u00e1ria, n\u00e3o h\u00e1 seguran\u00e7a de efetiva\u00e7\u00e3o ap\u00f3s o per\u00edodo de trabalho, o que pode preocupar alguns candidatos. A \u00e1rea de atendimento \u00e9 exigente, demanda resili\u00eancia e h\u00e1 press\u00e3o pelo cumprimento de indicadores, o que pode ser estressante para perfis que buscam rotinas mais tranquilas. Ainda, o hor\u00e1rio pode ser um desafio, pois inclui jornadas at\u00e9 \u00e0 noite durante a semana.<\/p>\n<h2>Verdict<\/h2>\n<p>Esta vaga de Coordenador(a) de Atendimento \u00e9 indicada para profissionais din\u00e2micos que gostam de desafios e querem evoluir em gest\u00e3o de pessoas e processos. O sal\u00e1rio compat\u00edvel, benef\u00edcios e a oportunidade de aplicar conhecimentos em an\u00e1lise de dados tornam o cargo atrativo. Recomendo para quem deseja refor\u00e7ar seu curr\u00edculo com lideran\u00e7a e experi\u00eancia em atendimento em curto prazo.<\/p>\n<div style=\"background: #ffffff; border-radius: 12px; box-shadow: 0 10px 30px rgba(0, 0, 0, 0.1); width: 100%; max-width: 340px; padding: 25px; transition: transform 0.3s ease-in-out; overflow: visible; display: flex; flex-direction: column; position: relative; border: 1px solid #28a745; margin-top: 70px; margin-bottom: 50px; margin-left: auto; margin-right: auto;\">\n<div style=\"position: absolute; top: -35px; right: 15px; color: #28a745; padding: 5px 10px; border-radius: 6px; font-size: 14px; font-weight: bold; display: flex; align-items: center; z-index: 10;\">Recommended for you<\/div>\n<div data-namespace-header=\"\" style=\"\">\n<h3 data-namespace-title=\"\" style=\"color: #333; font-size: 20px; font-weight: bold; text-align: left; margin-right: 50px; min-height: 50px; margin-top: 0px;\">Coordenador(a) de Atendimento<\/h3>\n<\/p><\/div>\n<p data-namespace-prompt=\"\" style=\"font-size: 16px; color: #666; margin-bottom: 20px; line-height: 1.5; flex-grow: 1; text-align: left; margin-top: 0px;\">Lidere uma equipe focada em atendimento ao cliente, desenvolva processos eficientes e contribua para resultados s\u00f3lidos. Vaga tempor\u00e1ria, sal\u00e1rio R$ 4.522, pacote de benef\u00edcios e oportunidades de crescimento.<\/p>\n<p>    <a data-namespace-url=\"\" href=\"https:\/\/zonacuriosa.com.br\/en\/redirect\/?https:\/\/br.gigroup.com\/vagas-de-trabalho-detalhes\/sao-jose-dos-campos-coordenadora-de-atendimento-temporario-sao-jose-dos-campos-sp\/?jobid=27941&#038;utm_campaign=google_jobs_apply&#038;utm_source=google_jobs_apply&#038;utm_medium=organic\" style=\"width: 100%; display: inline-block; color: white; text-decoration: none; border-radius: 6px; font-size: 16px; font-weight: bold; text-align: center; transition: transform 0.3s ease, background 0.3s ease; margin-top: auto;\" data-namespace-id=\"5c0d2565-3ba9-4280-a382-ad2a691e2285\"><br \/>\n        <button style=\"width: 100%; height: 55px; background: #e9e9ed; border: 1px solid black; color: black;\">Apply for the job<\/button><br \/>\n    <\/a><br \/>\n    <small style=\"margin-top: 10px; color: #777; font-size: 12px; text-align: center; display: block;\">You will be redirected to another website.<\/small>\n<\/div>\n<\/div>","protected":false},"excerpt":{"rendered":"<p>An\u00e1lise independente da vaga de Coordenador(a) de Atendimento. Veja sal\u00e1rio, principais fun\u00e7\u00f5es, vantagens e desvantagens antes de se candidatar. Confira se essa oportunidade combina com seu perfil!<\/p>","protected":false},"author":113,"featured_media":0,"comment_status":"open","ping_status":"open","sticky":false,"template":"","format":"standard","meta":{"footnotes":""},"categories":[11],"tags":[],"yoast_head":"<!-- This site is optimized with the Yoast SEO plugin v23.3 - https:\/\/yoast.com\/wordpress\/plugins\/seo\/ -->\n<title>Coordenador(a) de Atendimento Tempor\u00e1rio: Sal\u00e1rio Competitivo e Lideran\u00e7a em Foco - Zona Curiosa<\/title>\n<meta name=\"robots\" content=\"index, follow, max-snippet:-1, max-image-preview:large, max-video-preview:-1\" \/>\n<link rel=\"canonical\" href=\"https:\/\/zonacuriosa.com.br\/en\/cfc27391-b760-4db5-a7b2-0232949a6990\/\" \/>\n<meta property=\"og:locale\" content=\"en_US\" \/>\n<meta property=\"og:type\" content=\"article\" \/>\n<meta property=\"og:title\" content=\"Coordenador(a) de Atendimento Tempor\u00e1rio: Sal\u00e1rio Competitivo e Lideran\u00e7a em Foco - Zona Curiosa\" \/>\n<meta property=\"og:description\" content=\"An\u00e1lise independente da vaga de Coordenador(a) de Atendimento. Veja sal\u00e1rio, principais fun\u00e7\u00f5es, vantagens e desvantagens antes de se candidatar. Confira se essa oportunidade combina com seu perfil!\" \/>\n<meta property=\"og:url\" content=\"https:\/\/zonacuriosa.com.br\/en\/cfc27391-b760-4db5-a7b2-0232949a6990\/\" \/>\n<meta property=\"og:site_name\" content=\"Zona Curiosa\" \/>\n<meta property=\"article:published_time\" content=\"2026-04-08T19:16:00+00:00\" \/>\n<meta property=\"article:modified_time\" content=\"2026-04-08T19:16:45+00:00\" \/>\n<meta name=\"author\" content=\"ederaugusttomuller\" \/>\n<meta name=\"twitter:card\" content=\"summary_large_image\" \/>\n<meta name=\"twitter:label1\" content=\"Written by\" \/>\n\t<meta name=\"twitter:data1\" content=\"ederaugusttomuller\" \/>\n\t<meta name=\"twitter:label2\" content=\"Est. reading time\" \/>\n\t<meta name=\"twitter:data2\" content=\"2 minutes\" \/>\n<script type=\"application\/ld+json\" class=\"yoast-schema-graph\">{\"@context\":\"https:\/\/schema.org\",\"@graph\":[{\"@type\":\"WebPage\",\"@id\":\"https:\/\/zonacuriosa.com.br\/cfc27391-b760-4db5-a7b2-0232949a6990\/\",\"url\":\"https:\/\/zonacuriosa.com.br\/cfc27391-b760-4db5-a7b2-0232949a6990\/\",\"name\":\"Coordenador(a) de Atendimento Tempor\u00e1rio: Sal\u00e1rio Competitivo e Lideran\u00e7a em Foco - Zona Curiosa\",\"isPartOf\":{\"@id\":\"https:\/\/zonacuriosa.com.br\/#website\"},\"datePublished\":\"2026-04-08T19:16:00+00:00\",\"dateModified\":\"2026-04-08T19:16:45+00:00\",\"author\":{\"@id\":\"https:\/\/zonacuriosa.com.br\/#\/schema\/person\/890d2e5780ff9ae3803551e7f1d7a46d\"},\"breadcrumb\":{\"@id\":\"https:\/\/zonacuriosa.com.br\/cfc27391-b760-4db5-a7b2-0232949a6990\/#breadcrumb\"},\"inLanguage\":\"en-US\",\"potentialAction\":[{\"@type\":\"ReadAction\",\"target\":[\"https:\/\/zonacuriosa.com.br\/cfc27391-b760-4db5-a7b2-0232949a6990\/\"]}]},{\"@type\":\"BreadcrumbList\",\"@id\":\"https:\/\/zonacuriosa.com.br\/cfc27391-b760-4db5-a7b2-0232949a6990\/#breadcrumb\",\"itemListElement\":[{\"@type\":\"ListItem\",\"position\":1,\"name\":\"Home\",\"item\":\"https:\/\/zonacuriosa.com.br\/\"},{\"@type\":\"ListItem\",\"position\":2,\"name\":\"Coordenador(a) de Atendimento Tempor\u00e1rio: Sal\u00e1rio Competitivo e Lideran\u00e7a em Foco\"}]},{\"@type\":\"WebSite\",\"@id\":\"https:\/\/zonacuriosa.com.br\/#website\",\"url\":\"https:\/\/zonacuriosa.com.br\/\",\"name\":\"Zona Curiosa\",\"description\":\"\",\"potentialAction\":[{\"@type\":\"SearchAction\",\"target\":{\"@type\":\"EntryPoint\",\"urlTemplate\":\"https:\/\/zonacuriosa.com.br\/?s={search_term_string}\"},\"query-input\":\"required name=search_term_string\"}],\"inLanguage\":\"en-US\"},{\"@type\":\"Person\",\"@id\":\"https:\/\/zonacuriosa.com.br\/#\/schema\/person\/890d2e5780ff9ae3803551e7f1d7a46d\",\"name\":\"ederaugusttomuller\",\"image\":{\"@type\":\"ImageObject\",\"inLanguage\":\"en-US\",\"@id\":\"https:\/\/zonacuriosa.com.br\/#\/schema\/person\/image\/\",\"url\":\"https:\/\/secure.gravatar.com\/avatar\/96357ca64e7ff2bf802e5dba125702c6?s=96&d=mm&r=g\",\"contentUrl\":\"https:\/\/secure.gravatar.com\/avatar\/96357ca64e7ff2bf802e5dba125702c6?s=96&d=mm&r=g\",\"caption\":\"ederaugusttomuller\"},\"url\":\"https:\/\/zonacuriosa.com.br\/en\/author\/ederaugusttomuller\/\"}]}<\/script>\n<!-- \/ Yoast SEO plugin. -->","yoast_head_json":{"title":"Coordenador(a) de Atendimento Tempor\u00e1rio: Sal\u00e1rio Competitivo e Lideran\u00e7a em Foco - Zona Curiosa","robots":{"index":"index","follow":"follow","max-snippet":"max-snippet:-1","max-image-preview":"max-image-preview:large","max-video-preview":"max-video-preview:-1"},"canonical":"https:\/\/zonacuriosa.com.br\/en\/cfc27391-b760-4db5-a7b2-0232949a6990\/","og_locale":"en_US","og_type":"article","og_title":"Coordenador(a) de Atendimento Tempor\u00e1rio: Sal\u00e1rio Competitivo e Lideran\u00e7a em Foco - Zona Curiosa","og_description":"An\u00e1lise independente da vaga de Coordenador(a) de Atendimento. Veja sal\u00e1rio, principais fun\u00e7\u00f5es, vantagens e desvantagens antes de se candidatar. Confira se essa oportunidade combina com seu perfil!","og_url":"https:\/\/zonacuriosa.com.br\/en\/cfc27391-b760-4db5-a7b2-0232949a6990\/","og_site_name":"Zona Curiosa","article_published_time":"2026-04-08T19:16:00+00:00","article_modified_time":"2026-04-08T19:16:45+00:00","author":"ederaugusttomuller","twitter_card":"summary_large_image","twitter_misc":{"Written by":"ederaugusttomuller","Est. reading time":"2 minutes"},"schema":{"@context":"https:\/\/schema.org","@graph":[{"@type":"WebPage","@id":"https:\/\/zonacuriosa.com.br\/cfc27391-b760-4db5-a7b2-0232949a6990\/","url":"https:\/\/zonacuriosa.com.br\/cfc27391-b760-4db5-a7b2-0232949a6990\/","name":"Coordenador(a) de Atendimento Tempor\u00e1rio: Sal\u00e1rio Competitivo e Lideran\u00e7a em Foco - Zona Curiosa","isPartOf":{"@id":"https:\/\/zonacuriosa.com.br\/#website"},"datePublished":"2026-04-08T19:16:00+00:00","dateModified":"2026-04-08T19:16:45+00:00","author":{"@id":"https:\/\/zonacuriosa.com.br\/#\/schema\/person\/890d2e5780ff9ae3803551e7f1d7a46d"},"breadcrumb":{"@id":"https:\/\/zonacuriosa.com.br\/cfc27391-b760-4db5-a7b2-0232949a6990\/#breadcrumb"},"inLanguage":"en-US","potentialAction":[{"@type":"ReadAction","target":["https:\/\/zonacuriosa.com.br\/cfc27391-b760-4db5-a7b2-0232949a6990\/"]}]},{"@type":"BreadcrumbList","@id":"https:\/\/zonacuriosa.com.br\/cfc27391-b760-4db5-a7b2-0232949a6990\/#breadcrumb","itemListElement":[{"@type":"ListItem","position":1,"name":"Home","item":"https:\/\/zonacuriosa.com.br\/"},{"@type":"ListItem","position":2,"name":"Coordenador(a) de Atendimento Tempor\u00e1rio: Sal\u00e1rio Competitivo e Lideran\u00e7a em Foco"}]},{"@type":"WebSite","@id":"https:\/\/zonacuriosa.com.br\/#website","url":"https:\/\/zonacuriosa.com.br\/","name":"Zona Curiosa","description":"","potentialAction":[{"@type":"SearchAction","target":{"@type":"EntryPoint","urlTemplate":"https:\/\/zonacuriosa.com.br\/?s={search_term_string}"},"query-input":"required name=search_term_string"}],"inLanguage":"en-US"},{"@type":"Person","@id":"https:\/\/zonacuriosa.com.br\/#\/schema\/person\/890d2e5780ff9ae3803551e7f1d7a46d","name":"ederaugusttomuller","image":{"@type":"ImageObject","inLanguage":"en-US","@id":"https:\/\/zonacuriosa.com.br\/#\/schema\/person\/image\/","url":"https:\/\/secure.gravatar.com\/avatar\/96357ca64e7ff2bf802e5dba125702c6?s=96&d=mm&r=g","contentUrl":"https:\/\/secure.gravatar.com\/avatar\/96357ca64e7ff2bf802e5dba125702c6?s=96&d=mm&r=g","caption":"ederaugusttomuller"},"url":"https:\/\/zonacuriosa.com.br\/en\/author\/ederaugusttomuller\/"}]}},"_links":{"self":[{"href":"https:\/\/zonacuriosa.com.br\/en\/wp-json\/wp\/v2\/posts\/102909"}],"collection":[{"href":"https:\/\/zonacuriosa.com.br\/en\/wp-json\/wp\/v2\/posts"}],"about":[{"href":"https:\/\/zonacuriosa.com.br\/en\/wp-json\/wp\/v2\/types\/post"}],"author":[{"embeddable":true,"href":"https:\/\/zonacuriosa.com.br\/en\/wp-json\/wp\/v2\/users\/113"}],"replies":[{"embeddable":true,"href":"https:\/\/zonacuriosa.com.br\/en\/wp-json\/wp\/v2\/comments?post=102909"}],"version-history":[{"count":1,"href":"https:\/\/zonacuriosa.com.br\/en\/wp-json\/wp\/v2\/posts\/102909\/revisions"}],"predecessor-version":[{"id":102917,"href":"https:\/\/zonacuriosa.com.br\/en\/wp-json\/wp\/v2\/posts\/102909\/revisions\/102917"}],"wp:attachment":[{"href":"https:\/\/zonacuriosa.com.br\/en\/wp-json\/wp\/v2\/media?parent=102909"}],"wp:term":[{"taxonomy":"category","embeddable":true,"href":"https:\/\/zonacuriosa.com.br\/en\/wp-json\/wp\/v2\/categories?post=102909"},{"taxonomy":"post_tag","embeddable":true,"href":"https:\/\/zonacuriosa.com.br\/en\/wp-json\/wp\/v2\/tags?post=102909"}],"curies":[{"name":"wp","href":"https:\/\/api.w.org\/{rel}","templated":true}]}}