{"id":102648,"date":"2026-04-07T16:27:00","date_gmt":"2026-04-07T16:27:00","guid":{"rendered":"https:\/\/zonacuriosa.com.br\/cc132599-164a-437d-8584-5fbb3ef10c4c\/"},"modified":"2026-04-07T16:27:31","modified_gmt":"2026-04-07T16:27:31","slug":"cc132599-164a-437d-8584-5fbb3ef10c4c","status":"publish","type":"post","link":"https:\/\/zonacuriosa.com.br\/en\/cc132599-164a-437d-8584-5fbb3ef10c4c\/","title":{"rendered":"Vaga de Conferente de Loja: Sal\u00e1rio, Benef\u00edcios e Oportunidades para In\u00edcio Imediato"},"content":{"rendered":"<div class=\"mx-5 sm:mx-0 prose text-left mb-5\">\n<\/p>\n<div style=\"background: #ffffff; border-radius: 12px; box-shadow: 0 10px 30px rgba(0, 0, 0, 0.1); width: 100%; max-width: 340px; padding: 25px; transition: transform 0.3s ease-in-out; overflow: visible; display: flex; flex-direction: column; position: relative; border: 1px solid #28a745; margin-top: 70px; margin-bottom: 50px; margin-left: auto; margin-right: auto;\">\n<div style=\"position: absolute; top: -35px; right: 15px; color: #28a745; padding: 5px 10px; border-radius: 6px; font-size: 14px; font-weight: bold; display: flex; align-items: center; z-index: 10;\">Recommended for you<\/div>\n<div data-namespace-header=\"\" style=\"\">\n<h3 data-namespace-title=\"\" style=\"color: #333; font-size: 20px; font-weight: bold; text-align: left; margin-right: 50px; min-height: 50px; margin-top: 0px;\">Conferente de Loja<\/h3>\n<\/p><\/div>\n<p data-namespace-prompt=\"\" style=\"font-size: 16px; color: #666; margin-bottom: 20px; line-height: 1.5; flex-grow: 1; text-align: left; margin-top: 0px;\">Sal\u00e1rio de R$ 1.736,00, in\u00edcio imediato, hor\u00e1rio comercial e requisitos acess\u00edveis. Oportunidade de desenvolver experi\u00eancia no setor de estoque e log\u00edstica.<\/p>\n<p>    <a data-namespace-url=\"\" href=\"https:\/\/zonacuriosa.com.br\/en\/redirect\/?https:\/\/bebee.com\/br\/jobs\/conferente-de-loja-uberlandia-mg-comunica-rh-uberlandia--ss-br-pmqwpd?utm_campaign=google_jobs_apply&#038;utm_source=google_jobs_apply&#038;utm_medium=organic\" style=\"width: 100%; display: inline-block; color: white; text-decoration: none; border-radius: 6px; font-size: 16px; font-weight: bold; text-align: center; transition: transform 0.3s ease, background 0.3s ease; margin-top: auto;\" data-namespace-id=\"5c0d2565-3ba9-4280-a382-ad2a691e2285\"><br \/>\n        <button style=\"width: 100%; height: 55px; background: #e9e9ed; border: 1px solid black; color: black;\">Apply for the job<\/button><br \/>\n    <\/a><br \/>\n    <small style=\"margin-top: 10px; color: #777; font-size: 12px; text-align: center; display: block;\">You will be redirected to another website.<\/small>\n<\/div>\n<p>O cargo de Conferente de Loja est\u00e1 com vagas abertas para in\u00edcio imediato, trazendo um sal\u00e1rio fixo de R$ 1.736,00 em regime de trabalho integral. O processo de sele\u00e7\u00e3o busca candidatos com ensino m\u00e9dio completo ou em andamento, valorizando organiza\u00e7\u00e3o e aten\u00e7\u00e3o aos detalhes. Com jornada das 08h40 \u00e0s 17h00 e escala de trabalho 6&#215;1, o ambiente favorece a estabilidade profissional.<\/p>\n<h3>Responsibilities and Daily Routine<\/h3>\n<p>O profissional confere mercadorias recebidas e enviadas, garantindo que quantidade, qualidade e validade estejam corretas. H\u00e1 tamb\u00e9m o cuidado na organiza\u00e7\u00e3o e separa\u00e7\u00e3o dos produtos no estoque. Al\u00e9m disso, \u00e9 preciso manter o controle sobre entrada e sa\u00edda de mercadorias, apoiando o time no invent\u00e1rio. Organiza\u00e7\u00e3o dos itens e identifica\u00e7\u00e3o correta dos produtos s\u00e3o partes essenciais da rotina. A atua\u00e7\u00e3o se destaca por colaborar com diferentes setores da loja, promovendo integra\u00e7\u00e3o entre as equipes.<\/p>\n<h3>Vantagens de Ser Conferente de Loja<\/h3>\n<p>Dentre os pontos positivos da vaga, destaca-se a experi\u00eancia pr\u00e1tica em um ambiente din\u00e2mico. O in\u00edcio imediato favorece quem busca inser\u00e7\u00e3o ou recoloca\u00e7\u00e3o r\u00e1pida no mercado. Al\u00e9m disso, o perfil colaborativo valorizado proporciona bom aprendizado e relacionamento profissional. O ambiente \u00e9 moderno, com processos bem definidos e metas claras. Por fim, os hor\u00e1rios fixos possibilitam uma boa organiza\u00e7\u00e3o da vida pessoal.<\/p>\n<h3>Key Points of Attention for the Position<\/h3>\n<p>Entre os desafios do cargo, est\u00e1 a necessidade constante de aten\u00e7\u00e3o ao detalhe, o que pode ser cansativo. O dinamismo da rotina exige proatividade para lidar com eventuais imprevistos. Tamb\u00e9m \u00e9 necess\u00e1rio manter disciplina para seguir hor\u00e1rios regimentados. Situa\u00e7\u00f5es de alta demanda podem ocorrer em per\u00edodos de invent\u00e1rio, tornando o dia mais exigente. Apesar disso, para quem busca estabilidade, h\u00e1 equil\u00edbrio entre as atividades.<\/p>\n<h3>Final Verdict<\/h3>\n<p>Aop\u00e7\u00e3o de Conferente de Loja se mostra vantajosa para quem j\u00e1 tem ou busca experi\u00eancia em atividades de estoque e log\u00edstica. Os requisitos n\u00e3o s\u00e3o restritivos, e o sal\u00e1rio \u00e9 compat\u00edvel com o mercado para o tipo de fun\u00e7\u00e3o oferecida. \u00c9 uma escolha especialmente interessante para jovens em in\u00edcio de carreira ou profissionais em busca de estabilidade. Vale a pena considerar essa vaga para desenvolvimento profissional!<\/p>\n<div style=\"background: #ffffff; border-radius: 12px; box-shadow: 0 10px 30px rgba(0, 0, 0, 0.1); width: 100%; max-width: 340px; padding: 25px; transition: transform 0.3s ease-in-out; overflow: visible; display: flex; flex-direction: column; position: relative; border: 1px solid #28a745; margin-top: 70px; margin-bottom: 50px; margin-left: auto; margin-right: auto;\">\n<div style=\"position: absolute; top: -35px; right: 15px; color: #28a745; padding: 5px 10px; border-radius: 6px; font-size: 14px; font-weight: bold; display: flex; align-items: center; z-index: 10;\">Recommended for you<\/div>\n<div data-namespace-header=\"\" style=\"\">\n<h3 data-namespace-title=\"\" style=\"color: #333; font-size: 20px; font-weight: bold; text-align: left; margin-right: 50px; min-height: 50px; margin-top: 0px;\">Conferente de Loja<\/h3>\n<\/p><\/div>\n<p data-namespace-prompt=\"\" style=\"font-size: 16px; color: #666; margin-bottom: 20px; line-height: 1.5; flex-grow: 1; text-align: left; margin-top: 0px;\">Sal\u00e1rio de R$ 1.736,00, in\u00edcio imediato, hor\u00e1rio comercial e requisitos acess\u00edveis. Oportunidade de desenvolver experi\u00eancia no setor de estoque e log\u00edstica.<\/p>\n<p>    <a data-namespace-url=\"\" href=\"https:\/\/zonacuriosa.com.br\/en\/redirect\/?https:\/\/bebee.com\/br\/jobs\/conferente-de-loja-uberlandia-mg-comunica-rh-uberlandia--ss-br-pmqwpd?utm_campaign=google_jobs_apply&#038;utm_source=google_jobs_apply&#038;utm_medium=organic\" style=\"width: 100%; display: inline-block; color: white; text-decoration: none; border-radius: 6px; font-size: 16px; font-weight: bold; text-align: center; transition: transform 0.3s ease, background 0.3s ease; margin-top: auto;\" data-namespace-id=\"5c0d2565-3ba9-4280-a382-ad2a691e2285\"><br \/>\n        <button style=\"width: 100%; height: 55px; background: #e9e9ed; border: 1px solid black; color: black;\">Apply for the job<\/button><br \/>\n    <\/a><br \/>\n    <small style=\"margin-top: 10px; color: #777; font-size: 12px; text-align: center; display: block;\">You will be redirected to another website.<\/small>\n<\/div>\n<\/div>","protected":false},"excerpt":{"rendered":"<p>Descubra como \u00e9 trabalhar como Conferente de Loja! Sal\u00e1rio de R$ 1.736,00 e in\u00edcio imediato. Veja os detalhes, requisitos e se vale a pena se candidatar \u00e0 vaga de emprego.<\/p>","protected":false},"author":113,"featured_media":0,"comment_status":"open","ping_status":"open","sticky":false,"template":"","format":"standard","meta":{"footnotes":""},"categories":[11],"tags":[],"yoast_head":"<!-- This site is optimized with the Yoast SEO plugin v23.3 - https:\/\/yoast.com\/wordpress\/plugins\/seo\/ -->\n<title>Vaga de Conferente de Loja: Sal\u00e1rio, Benef\u00edcios e Oportunidades para In\u00edcio Imediato - Zona Curiosa<\/title>\n<meta name=\"robots\" content=\"index, follow, max-snippet:-1, max-image-preview:large, max-video-preview:-1\" \/>\n<link rel=\"canonical\" href=\"https:\/\/zonacuriosa.com.br\/en\/cc132599-164a-437d-8584-5fbb3ef10c4c\/\" \/>\n<meta property=\"og:locale\" content=\"en_US\" \/>\n<meta property=\"og:type\" content=\"article\" \/>\n<meta property=\"og:title\" content=\"Vaga de Conferente de Loja: Sal\u00e1rio, Benef\u00edcios e Oportunidades para In\u00edcio Imediato - Zona Curiosa\" \/>\n<meta property=\"og:description\" content=\"Descubra como \u00e9 trabalhar como Conferente de Loja! Sal\u00e1rio de R$ 1.736,00 e in\u00edcio imediato. Veja os detalhes, requisitos e se vale a pena se candidatar \u00e0 vaga de emprego.\" \/>\n<meta property=\"og:url\" content=\"https:\/\/zonacuriosa.com.br\/en\/cc132599-164a-437d-8584-5fbb3ef10c4c\/\" \/>\n<meta property=\"og:site_name\" content=\"Zona Curiosa\" \/>\n<meta property=\"article:published_time\" content=\"2026-04-07T16:27:00+00:00\" \/>\n<meta property=\"article:modified_time\" content=\"2026-04-07T16:27:31+00:00\" \/>\n<meta name=\"author\" content=\"ederaugusttomuller\" \/>\n<meta name=\"twitter:card\" content=\"summary_large_image\" \/>\n<meta name=\"twitter:label1\" content=\"Written by\" \/>\n\t<meta name=\"twitter:data1\" content=\"ederaugusttomuller\" \/>\n\t<meta name=\"twitter:label2\" content=\"Est. reading time\" \/>\n\t<meta name=\"twitter:data2\" content=\"2 minutes\" \/>\n<script type=\"application\/ld+json\" class=\"yoast-schema-graph\">{\"@context\":\"https:\/\/schema.org\",\"@graph\":[{\"@type\":\"WebPage\",\"@id\":\"https:\/\/zonacuriosa.com.br\/cc132599-164a-437d-8584-5fbb3ef10c4c\/\",\"url\":\"https:\/\/zonacuriosa.com.br\/cc132599-164a-437d-8584-5fbb3ef10c4c\/\",\"name\":\"Vaga de Conferente de Loja: Sal\u00e1rio, Benef\u00edcios e Oportunidades para In\u00edcio Imediato - Zona Curiosa\",\"isPartOf\":{\"@id\":\"https:\/\/zonacuriosa.com.br\/#website\"},\"datePublished\":\"2026-04-07T16:27:00+00:00\",\"dateModified\":\"2026-04-07T16:27:31+00:00\",\"author\":{\"@id\":\"https:\/\/zonacuriosa.com.br\/#\/schema\/person\/890d2e5780ff9ae3803551e7f1d7a46d\"},\"breadcrumb\":{\"@id\":\"https:\/\/zonacuriosa.com.br\/cc132599-164a-437d-8584-5fbb3ef10c4c\/#breadcrumb\"},\"inLanguage\":\"en-US\",\"potentialAction\":[{\"@type\":\"ReadAction\",\"target\":[\"https:\/\/zonacuriosa.com.br\/cc132599-164a-437d-8584-5fbb3ef10c4c\/\"]}]},{\"@type\":\"BreadcrumbList\",\"@id\":\"https:\/\/zonacuriosa.com.br\/cc132599-164a-437d-8584-5fbb3ef10c4c\/#breadcrumb\",\"itemListElement\":[{\"@type\":\"ListItem\",\"position\":1,\"name\":\"Home\",\"item\":\"https:\/\/zonacuriosa.com.br\/\"},{\"@type\":\"ListItem\",\"position\":2,\"name\":\"Vaga de Conferente de Loja: Sal\u00e1rio, Benef\u00edcios e Oportunidades para In\u00edcio Imediato\"}]},{\"@type\":\"WebSite\",\"@id\":\"https:\/\/zonacuriosa.com.br\/#website\",\"url\":\"https:\/\/zonacuriosa.com.br\/\",\"name\":\"Zona Curiosa\",\"description\":\"\",\"potentialAction\":[{\"@type\":\"SearchAction\",\"target\":{\"@type\":\"EntryPoint\",\"urlTemplate\":\"https:\/\/zonacuriosa.com.br\/?s={search_term_string}\"},\"query-input\":\"required name=search_term_string\"}],\"inLanguage\":\"en-US\"},{\"@type\":\"Person\",\"@id\":\"https:\/\/zonacuriosa.com.br\/#\/schema\/person\/890d2e5780ff9ae3803551e7f1d7a46d\",\"name\":\"ederaugusttomuller\",\"image\":{\"@type\":\"ImageObject\",\"inLanguage\":\"en-US\",\"@id\":\"https:\/\/zonacuriosa.com.br\/#\/schema\/person\/image\/\",\"url\":\"https:\/\/secure.gravatar.com\/avatar\/96357ca64e7ff2bf802e5dba125702c6?s=96&d=mm&r=g\",\"contentUrl\":\"https:\/\/secure.gravatar.com\/avatar\/96357ca64e7ff2bf802e5dba125702c6?s=96&d=mm&r=g\",\"caption\":\"ederaugusttomuller\"},\"url\":\"https:\/\/zonacuriosa.com.br\/en\/author\/ederaugusttomuller\/\"}]}<\/script>\n<!-- \/ Yoast SEO plugin. -->","yoast_head_json":{"title":"Vaga de Conferente de Loja: Sal\u00e1rio, Benef\u00edcios e Oportunidades para In\u00edcio Imediato - Zona Curiosa","robots":{"index":"index","follow":"follow","max-snippet":"max-snippet:-1","max-image-preview":"max-image-preview:large","max-video-preview":"max-video-preview:-1"},"canonical":"https:\/\/zonacuriosa.com.br\/en\/cc132599-164a-437d-8584-5fbb3ef10c4c\/","og_locale":"en_US","og_type":"article","og_title":"Vaga de Conferente de Loja: Sal\u00e1rio, Benef\u00edcios e Oportunidades para In\u00edcio Imediato - Zona Curiosa","og_description":"Descubra como \u00e9 trabalhar como Conferente de Loja! Sal\u00e1rio de R$ 1.736,00 e in\u00edcio imediato. Veja os detalhes, requisitos e se vale a pena se candidatar \u00e0 vaga de emprego.","og_url":"https:\/\/zonacuriosa.com.br\/en\/cc132599-164a-437d-8584-5fbb3ef10c4c\/","og_site_name":"Zona Curiosa","article_published_time":"2026-04-07T16:27:00+00:00","article_modified_time":"2026-04-07T16:27:31+00:00","author":"ederaugusttomuller","twitter_card":"summary_large_image","twitter_misc":{"Written by":"ederaugusttomuller","Est. reading time":"2 minutes"},"schema":{"@context":"https:\/\/schema.org","@graph":[{"@type":"WebPage","@id":"https:\/\/zonacuriosa.com.br\/cc132599-164a-437d-8584-5fbb3ef10c4c\/","url":"https:\/\/zonacuriosa.com.br\/cc132599-164a-437d-8584-5fbb3ef10c4c\/","name":"Vaga de Conferente de Loja: Sal\u00e1rio, Benef\u00edcios e Oportunidades para In\u00edcio Imediato - Zona Curiosa","isPartOf":{"@id":"https:\/\/zonacuriosa.com.br\/#website"},"datePublished":"2026-04-07T16:27:00+00:00","dateModified":"2026-04-07T16:27:31+00:00","author":{"@id":"https:\/\/zonacuriosa.com.br\/#\/schema\/person\/890d2e5780ff9ae3803551e7f1d7a46d"},"breadcrumb":{"@id":"https:\/\/zonacuriosa.com.br\/cc132599-164a-437d-8584-5fbb3ef10c4c\/#breadcrumb"},"inLanguage":"en-US","potentialAction":[{"@type":"ReadAction","target":["https:\/\/zonacuriosa.com.br\/cc132599-164a-437d-8584-5fbb3ef10c4c\/"]}]},{"@type":"BreadcrumbList","@id":"https:\/\/zonacuriosa.com.br\/cc132599-164a-437d-8584-5fbb3ef10c4c\/#breadcrumb","itemListElement":[{"@type":"ListItem","position":1,"name":"Home","item":"https:\/\/zonacuriosa.com.br\/"},{"@type":"ListItem","position":2,"name":"Vaga de Conferente de Loja: Sal\u00e1rio, Benef\u00edcios e Oportunidades para In\u00edcio Imediato"}]},{"@type":"WebSite","@id":"https:\/\/zonacuriosa.com.br\/#website","url":"https:\/\/zonacuriosa.com.br\/","name":"Zona Curiosa","description":"","potentialAction":[{"@type":"SearchAction","target":{"@type":"EntryPoint","urlTemplate":"https:\/\/zonacuriosa.com.br\/?s={search_term_string}"},"query-input":"required name=search_term_string"}],"inLanguage":"en-US"},{"@type":"Person","@id":"https:\/\/zonacuriosa.com.br\/#\/schema\/person\/890d2e5780ff9ae3803551e7f1d7a46d","name":"ederaugusttomuller","image":{"@type":"ImageObject","inLanguage":"en-US","@id":"https:\/\/zonacuriosa.com.br\/#\/schema\/person\/image\/","url":"https:\/\/secure.gravatar.com\/avatar\/96357ca64e7ff2bf802e5dba125702c6?s=96&d=mm&r=g","contentUrl":"https:\/\/secure.gravatar.com\/avatar\/96357ca64e7ff2bf802e5dba125702c6?s=96&d=mm&r=g","caption":"ederaugusttomuller"},"url":"https:\/\/zonacuriosa.com.br\/en\/author\/ederaugusttomuller\/"}]}},"_links":{"self":[{"href":"https:\/\/zonacuriosa.com.br\/en\/wp-json\/wp\/v2\/posts\/102648"}],"collection":[{"href":"https:\/\/zonacuriosa.com.br\/en\/wp-json\/wp\/v2\/posts"}],"about":[{"href":"https:\/\/zonacuriosa.com.br\/en\/wp-json\/wp\/v2\/types\/post"}],"author":[{"embeddable":true,"href":"https:\/\/zonacuriosa.com.br\/en\/wp-json\/wp\/v2\/users\/113"}],"replies":[{"embeddable":true,"href":"https:\/\/zonacuriosa.com.br\/en\/wp-json\/wp\/v2\/comments?post=102648"}],"version-history":[{"count":1,"href":"https:\/\/zonacuriosa.com.br\/en\/wp-json\/wp\/v2\/posts\/102648\/revisions"}],"predecessor-version":[{"id":102657,"href":"https:\/\/zonacuriosa.com.br\/en\/wp-json\/wp\/v2\/posts\/102648\/revisions\/102657"}],"wp:attachment":[{"href":"https:\/\/zonacuriosa.com.br\/en\/wp-json\/wp\/v2\/media?parent=102648"}],"wp:term":[{"taxonomy":"category","embeddable":true,"href":"https:\/\/zonacuriosa.com.br\/en\/wp-json\/wp\/v2\/categories?post=102648"},{"taxonomy":"post_tag","embeddable":true,"href":"https:\/\/zonacuriosa.com.br\/en\/wp-json\/wp\/v2\/tags?post=102648"}],"curies":[{"name":"wp","href":"https:\/\/api.w.org\/{rel}","templated":true}]}}