{"id":36674,"date":"2025-09-24T14:48:00","date_gmt":"2025-09-24T14:48:00","guid":{"rendered":"https:\/\/zonacuriosa.com.br\/f330d7fa-65f8-42bc-8b13-ea44cc04fff3\/"},"modified":"2025-09-24T14:48:46","modified_gmt":"2025-09-24T14:48:46","slug":"f330d7fa-65f8-42bc-8b13-ea44cc04fff3","status":"publish","type":"post","link":"https:\/\/zonacuriosa.com.br\/de\/f330d7fa-65f8-42bc-8b13-ea44cc04fff3\/","title":{"rendered":"Auxiliar de Compras: Sal\u00e1rio a Combinar, Efetivo e Requisitos no Setor"},"content":{"rendered":"<div class=\"mx-5 sm:mx-0 prose text-left mb-5\">\n<\/p>\n<div style=\"background: #ffffff; border-radius: 12px; box-shadow: 0 10px 30px rgba(0, 0, 0, 0.1); width: 100%; max-width: 340px; padding: 25px; transition: transform 0.3s ease-in-out; overflow: visible; display: flex; flex-direction: column; position: relative; border: 1px solid #28a745; margin-top: 70px; margin-bottom: 50px; margin-left: auto; margin-right: auto;\">\n<div style=\"position: absolute; top: -35px; right: 15px; color: #28a745; padding: 5px 10px; border-radius: 6px; font-size: 14px; font-weight: bold; display: flex; align-items: center; z-index: 10;\">F\u00fcr Sie empfohlen<\/div>\n<div data-namespace-header=\"\" style=\"\">\n<h3 data-namespace-title=\"\" style=\"color: #333; font-size: 20px; font-weight: bold; text-align: left; margin-right: 50px; min-height: 50px; margin-top: 0px;\">Einkaufsassistent<\/h3>\n<\/p><\/div>\n<p data-namespace-prompt=\"\" style=\"font-size: 16px; color: #666; margin-bottom: 20px; line-height: 1.5; flex-grow: 1; text-align: left; margin-top: 0px;\">Excelente oportunidade para profissionais que buscam atua\u00e7\u00e3o est\u00e1vel em ambiente administrativo. Requer experi\u00eancia em supermercados, habilidades de negocia\u00e7\u00e3o e organiza\u00e7\u00e3o.\n    <\/p>\n<p>    <a data-namespace-url=\"\" href=\"https:\/\/zonacuriosa.com.br\/de\/redirect\/?https:\/\/www.bne.com.br\/vaga-de-emprego-na-area-administrativo-em-bayeux-pb\/auxiliar-de-compras\/4217191?utm_campaign=google_jobs_apply&#038;utm_source=google_jobs_apply&#038;utm_medium=organic\" style=\"width: 100%; display: inline-block; color: white; text-decoration: none; border-radius: 6px; font-size: 16px; font-weight: bold; text-align: center; transition: transform 0.3s ease, background 0.3s ease; margin-top: auto;\" data-namespace-id=\"5c0d2565-3ba9-4280-a382-ad2a691e2285\"><br \/>\n        <button style=\"width: 100%; height: 55px; background: #e9e9ed; border: 1px solid black; color: black;\">Jetzt bewerben<\/button><br \/>\n    <\/a><br \/>\n    <small style=\"margin-top: 10px; color: #777; font-size: 12px; text-align: center; display: block;\">Sie werden auf eine andere Website weitergeleitet.<\/small>\n<\/div>\n<p>A vaga de auxiliar de compras \u00e9 uma excelente chance para profissionais que desejam se desenvolver em um ambiente de rotina administrativa. O sal\u00e1rio ser\u00e1 combinado diretamente com a empresa contratante, o que pode possibilitar negocia\u00e7\u00f5es vantajosas. O contrato \u00e9 efetivo, trazendo estabilidade para quem busca uma posi\u00e7\u00e3o duradoura e crescimento profissional. O perfil desejado inclui experi\u00eancia pr\u00e9via em supermercados, o que j\u00e1 aponta para um perfil din\u00e2mico e adapt\u00e1vel.<\/p>\n<h2>Atribui\u00e7\u00f5es e Rotina do Cargo<\/h2>\n<p>No dia a dia do auxiliar de compras, o profissional ir\u00e1 atuar diretamente no apoio ao setor de compras, participando de negocia\u00e7\u00f5es com fornecedores, confer\u00eancia de pedidos, controle de estoque e avalia\u00e7\u00f5es de custos. A posi\u00e7\u00e3o exige bom relacionamento interpessoal e forte capacidade de comunica\u00e7\u00e3o verbal. Por isso, habilidades de negocia\u00e7\u00e3o, intelig\u00eancia emocional e proatividade fazem toda a diferen\u00e7a no desempenho das tarefas.<\/p>\n<p>A rotina tamb\u00e9m inclui acompanhamento de entregas e verifica\u00e7\u00e3o de notas fiscais, garantindo que todas as demandas sejam cumpridas com efici\u00eancia. Organiza\u00e7\u00e3o e aten\u00e7\u00e3o aos detalhes s\u00e3o essenciais para quem deseja se destacar neste cargo. O trabalho pode envolver o uso de ferramentas tecnol\u00f3gicas, sendo o conhecimento b\u00e1sico em tecnologia um diferencial relevante. Responsabilidade e capacidade de lidar com prazos completam o que a empresa espera do profissional.<\/p>\n<h2>Positive Aspekte<\/h2>\n<p>Um dos principais pr\u00f3s desta vaga \u00e9 a possibilidade de crescimento real dentro da empresa, j\u00e1 que a atua\u00e7\u00e3o efetiva abre portas para promo\u00e7\u00f5es futuras. A exig\u00eancia por habilidades espec\u00edficas pode beneficiar aqueles que j\u00e1 possuem experi\u00eancia no ramo ou buscam consolidar sua trajet\u00f3ria.<\/p>\n<p>Al\u00e9m disso, o ambiente administrativo costuma ser organizado e estruturado, permitindo um maior desenvolvimento profissional e aprendizado pr\u00e1tico. A rotina variada ajuda o profissional a desenvolver habilidades t\u00e9cnicas e socioemocionais, contribuindo para seu destaque no mercado.<\/p>\n<h2>Negative Punkte<\/h2>\n<p>Como desvantagem, o cargo pode exigir bastante resili\u00eancia diante das cobran\u00e7as t\u00edpicas do setor de compras e gest\u00e3o de suprimentos, especialmente em momentos de alta demanda. O sal\u00e1rio a ser combinado pode gerar certa inseguran\u00e7a at\u00e9 a efetiva\u00e7\u00e3o do acordo, n\u00e3o sendo imediatamente transparente.<\/p>\n<p>Outro ponto a considerar \u00e9 a exig\u00eancia cont\u00ednua de desempenho sob press\u00e3o, que pode ser desafiador para alguns perfis profissionais.<\/p>\n<h2>Endg\u00fcltiges Urteil<\/h2>\n<p>Resumindo, a vaga de auxiliar de compras \u00e9 ideal para quem busca solidez profissional, aprendizado constante e possibilidade de evolu\u00e7\u00e3o. A empresa oferece condi\u00e7\u00f5es de se destacar pelo esfor\u00e7o e dedica\u00e7\u00e3o, recompensando o profissional que se adapta e demonstra resultados. \u00c9 uma \u00f3tima escolha para quem possui perfil organizado, comunicativo e focado em melhorias cont\u00ednuas.<\/p>\n<div style=\"background: #ffffff; border-radius: 12px; box-shadow: 0 10px 30px rgba(0, 0, 0, 0.1); width: 100%; max-width: 340px; padding: 25px; transition: transform 0.3s ease-in-out; overflow: visible; display: flex; flex-direction: column; position: relative; border: 1px solid #28a745; margin-top: 70px; margin-bottom: 50px; margin-left: auto; margin-right: auto;\">\n<div style=\"position: absolute; top: -35px; right: 15px; color: #28a745; padding: 5px 10px; border-radius: 6px; font-size: 14px; font-weight: bold; display: flex; align-items: center; z-index: 10;\">F\u00fcr Sie empfohlen<\/div>\n<div data-namespace-header=\"\" style=\"\">\n<h3 data-namespace-title=\"\" style=\"color: #333; font-size: 20px; font-weight: bold; text-align: left; margin-right: 50px; min-height: 50px; margin-top: 0px;\">Einkaufsassistent<\/h3>\n<\/p><\/div>\n<p data-namespace-prompt=\"\" style=\"font-size: 16px; color: #666; margin-bottom: 20px; line-height: 1.5; flex-grow: 1; text-align: left; margin-top: 0px;\">Excelente oportunidade para profissionais que buscam atua\u00e7\u00e3o est\u00e1vel em ambiente administrativo. Requer experi\u00eancia em supermercados, habilidades de negocia\u00e7\u00e3o e organiza\u00e7\u00e3o.\n    <\/p>\n<p>    <a data-namespace-url=\"\" href=\"https:\/\/zonacuriosa.com.br\/de\/redirect\/?https:\/\/www.bne.com.br\/vaga-de-emprego-na-area-administrativo-em-bayeux-pb\/auxiliar-de-compras\/4217191?utm_campaign=google_jobs_apply&#038;utm_source=google_jobs_apply&#038;utm_medium=organic\" style=\"width: 100%; display: inline-block; color: white; text-decoration: none; border-radius: 6px; font-size: 16px; font-weight: bold; text-align: center; transition: transform 0.3s ease, background 0.3s ease; margin-top: auto;\" data-namespace-id=\"5c0d2565-3ba9-4280-a382-ad2a691e2285\"><br \/>\n        <button style=\"width: 100%; height: 55px; background: #e9e9ed; border: 1px solid black; color: black;\">Jetzt bewerben<\/button><br \/>\n    <\/a><br \/>\n    <small style=\"margin-top: 10px; color: #777; font-size: 12px; text-align: center; display: block;\">Sie werden auf eine andere Website weitergeleitet.<\/small>\n<\/div>\n<\/div>","protected":false},"excerpt":{"rendered":"<p>Vaga para Auxiliar de Compras com sal\u00e1rio a combinar, contrato efetivo e oportunidades de crescimento. Se voc\u00ea tem perfil din\u00e2mico e experi\u00eancia, confira!<\/p>","protected":false},"author":113,"featured_media":0,"comment_status":"open","ping_status":"open","sticky":false,"template":"","format":"standard","meta":{"footnotes":""},"categories":[11],"tags":[],"yoast_head":"<!-- This site is optimized with the Yoast SEO plugin v23.3 - https:\/\/yoast.com\/wordpress\/plugins\/seo\/ -->\n<title>Auxiliar de Compras: Sal\u00e1rio a Combinar, Efetivo e Requisitos no Setor - Zona Curiosa<\/title>\n<meta name=\"robots\" content=\"index, follow, max-snippet:-1, max-image-preview:large, max-video-preview:-1\" \/>\n<link rel=\"canonical\" href=\"https:\/\/zonacuriosa.com.br\/de\/f330d7fa-65f8-42bc-8b13-ea44cc04fff3\/\" \/>\n<meta property=\"og:locale\" content=\"de_DE\" \/>\n<meta property=\"og:type\" content=\"article\" \/>\n<meta property=\"og:title\" content=\"Auxiliar de Compras: Sal\u00e1rio a Combinar, Efetivo e Requisitos no Setor - Zona Curiosa\" \/>\n<meta property=\"og:description\" content=\"Vaga para Auxiliar de Compras com sal\u00e1rio a combinar, contrato efetivo e oportunidades de crescimento. Se voc\u00ea tem perfil din\u00e2mico e experi\u00eancia, confira!\" \/>\n<meta property=\"og:url\" content=\"https:\/\/zonacuriosa.com.br\/de\/f330d7fa-65f8-42bc-8b13-ea44cc04fff3\/\" \/>\n<meta property=\"og:site_name\" content=\"Zona Curiosa\" \/>\n<meta property=\"article:published_time\" content=\"2025-09-24T14:48:00+00:00\" \/>\n<meta property=\"article:modified_time\" content=\"2025-09-24T14:48:46+00:00\" \/>\n<meta name=\"author\" content=\"ederaugusttomuller\" \/>\n<meta name=\"twitter:card\" content=\"summary_large_image\" \/>\n<meta name=\"twitter:label1\" content=\"Written by\" \/>\n\t<meta name=\"twitter:data1\" content=\"ederaugusttomuller\" \/>\n\t<meta name=\"twitter:label2\" content=\"Est. reading time\" \/>\n\t<meta name=\"twitter:data2\" content=\"3 Minuten\" \/>\n<script type=\"application\/ld+json\" class=\"yoast-schema-graph\">{\"@context\":\"https:\/\/schema.org\",\"@graph\":[{\"@type\":\"WebPage\",\"@id\":\"https:\/\/zonacuriosa.com.br\/f330d7fa-65f8-42bc-8b13-ea44cc04fff3\/\",\"url\":\"https:\/\/zonacuriosa.com.br\/f330d7fa-65f8-42bc-8b13-ea44cc04fff3\/\",\"name\":\"Auxiliar de Compras: Sal\u00e1rio a Combinar, Efetivo e Requisitos no Setor - Zona Curiosa\",\"isPartOf\":{\"@id\":\"https:\/\/zonacuriosa.com.br\/#website\"},\"datePublished\":\"2025-09-24T14:48:00+00:00\",\"dateModified\":\"2025-09-24T14:48:46+00:00\",\"author\":{\"@id\":\"https:\/\/zonacuriosa.com.br\/#\/schema\/person\/890d2e5780ff9ae3803551e7f1d7a46d\"},\"breadcrumb\":{\"@id\":\"https:\/\/zonacuriosa.com.br\/f330d7fa-65f8-42bc-8b13-ea44cc04fff3\/#breadcrumb\"},\"inLanguage\":\"de-DE\",\"potentialAction\":[{\"@type\":\"ReadAction\",\"target\":[\"https:\/\/zonacuriosa.com.br\/f330d7fa-65f8-42bc-8b13-ea44cc04fff3\/\"]}]},{\"@type\":\"BreadcrumbList\",\"@id\":\"https:\/\/zonacuriosa.com.br\/f330d7fa-65f8-42bc-8b13-ea44cc04fff3\/#breadcrumb\",\"itemListElement\":[{\"@type\":\"ListItem\",\"position\":1,\"name\":\"Home\",\"item\":\"https:\/\/zonacuriosa.com.br\/\"},{\"@type\":\"ListItem\",\"position\":2,\"name\":\"Auxiliar de Compras: Sal\u00e1rio a Combinar, Efetivo e Requisitos no Setor\"}]},{\"@type\":\"WebSite\",\"@id\":\"https:\/\/zonacuriosa.com.br\/#website\",\"url\":\"https:\/\/zonacuriosa.com.br\/\",\"name\":\"Zona Curiosa\",\"description\":\"\",\"potentialAction\":[{\"@type\":\"SearchAction\",\"target\":{\"@type\":\"EntryPoint\",\"urlTemplate\":\"https:\/\/zonacuriosa.com.br\/?s={search_term_string}\"},\"query-input\":\"required name=search_term_string\"}],\"inLanguage\":\"de-DE\"},{\"@type\":\"Person\",\"@id\":\"https:\/\/zonacuriosa.com.br\/#\/schema\/person\/890d2e5780ff9ae3803551e7f1d7a46d\",\"name\":\"ederaugusttomuller\",\"image\":{\"@type\":\"ImageObject\",\"inLanguage\":\"de-DE\",\"@id\":\"https:\/\/zonacuriosa.com.br\/#\/schema\/person\/image\/\",\"url\":\"https:\/\/secure.gravatar.com\/avatar\/96357ca64e7ff2bf802e5dba125702c6?s=96&d=mm&r=g\",\"contentUrl\":\"https:\/\/secure.gravatar.com\/avatar\/96357ca64e7ff2bf802e5dba125702c6?s=96&d=mm&r=g\",\"caption\":\"ederaugusttomuller\"},\"url\":\"https:\/\/zonacuriosa.com.br\/de\/author\/ederaugusttomuller\/\"}]}<\/script>\n<!-- \/ Yoast SEO plugin. -->","yoast_head_json":{"title":"Auxiliar de Compras: Sal\u00e1rio a Combinar, Efetivo e Requisitos no Setor - Zona Curiosa","robots":{"index":"index","follow":"follow","max-snippet":"max-snippet:-1","max-image-preview":"max-image-preview:large","max-video-preview":"max-video-preview:-1"},"canonical":"https:\/\/zonacuriosa.com.br\/de\/f330d7fa-65f8-42bc-8b13-ea44cc04fff3\/","og_locale":"de_DE","og_type":"article","og_title":"Auxiliar de Compras: Sal\u00e1rio a Combinar, Efetivo e Requisitos no Setor - Zona Curiosa","og_description":"Vaga para Auxiliar de Compras com sal\u00e1rio a combinar, contrato efetivo e oportunidades de crescimento. Se voc\u00ea tem perfil din\u00e2mico e experi\u00eancia, confira!","og_url":"https:\/\/zonacuriosa.com.br\/de\/f330d7fa-65f8-42bc-8b13-ea44cc04fff3\/","og_site_name":"Zona Curiosa","article_published_time":"2025-09-24T14:48:00+00:00","article_modified_time":"2025-09-24T14:48:46+00:00","author":"ederaugusttomuller","twitter_card":"summary_large_image","twitter_misc":{"Written by":"ederaugusttomuller","Est. reading time":"3 Minuten"},"schema":{"@context":"https:\/\/schema.org","@graph":[{"@type":"WebPage","@id":"https:\/\/zonacuriosa.com.br\/f330d7fa-65f8-42bc-8b13-ea44cc04fff3\/","url":"https:\/\/zonacuriosa.com.br\/f330d7fa-65f8-42bc-8b13-ea44cc04fff3\/","name":"Auxiliar de Compras: Sal\u00e1rio a Combinar, Efetivo e Requisitos no Setor - Zona Curiosa","isPartOf":{"@id":"https:\/\/zonacuriosa.com.br\/#website"},"datePublished":"2025-09-24T14:48:00+00:00","dateModified":"2025-09-24T14:48:46+00:00","author":{"@id":"https:\/\/zonacuriosa.com.br\/#\/schema\/person\/890d2e5780ff9ae3803551e7f1d7a46d"},"breadcrumb":{"@id":"https:\/\/zonacuriosa.com.br\/f330d7fa-65f8-42bc-8b13-ea44cc04fff3\/#breadcrumb"},"inLanguage":"de-DE","potentialAction":[{"@type":"ReadAction","target":["https:\/\/zonacuriosa.com.br\/f330d7fa-65f8-42bc-8b13-ea44cc04fff3\/"]}]},{"@type":"BreadcrumbList","@id":"https:\/\/zonacuriosa.com.br\/f330d7fa-65f8-42bc-8b13-ea44cc04fff3\/#breadcrumb","itemListElement":[{"@type":"ListItem","position":1,"name":"Home","item":"https:\/\/zonacuriosa.com.br\/"},{"@type":"ListItem","position":2,"name":"Auxiliar de Compras: Sal\u00e1rio a Combinar, Efetivo e Requisitos no Setor"}]},{"@type":"WebSite","@id":"https:\/\/zonacuriosa.com.br\/#website","url":"https:\/\/zonacuriosa.com.br\/","name":"Zona Curiosa","description":"","potentialAction":[{"@type":"SearchAction","target":{"@type":"EntryPoint","urlTemplate":"https:\/\/zonacuriosa.com.br\/?s={search_term_string}"},"query-input":"required name=search_term_string"}],"inLanguage":"de-DE"},{"@type":"Person","@id":"https:\/\/zonacuriosa.com.br\/#\/schema\/person\/890d2e5780ff9ae3803551e7f1d7a46d","name":"ederaugusttomuller","image":{"@type":"ImageObject","inLanguage":"de-DE","@id":"https:\/\/zonacuriosa.com.br\/#\/schema\/person\/image\/","url":"https:\/\/secure.gravatar.com\/avatar\/96357ca64e7ff2bf802e5dba125702c6?s=96&d=mm&r=g","contentUrl":"https:\/\/secure.gravatar.com\/avatar\/96357ca64e7ff2bf802e5dba125702c6?s=96&d=mm&r=g","caption":"ederaugusttomuller"},"url":"https:\/\/zonacuriosa.com.br\/de\/author\/ederaugusttomuller\/"}]}},"_links":{"self":[{"href":"https:\/\/zonacuriosa.com.br\/de\/wp-json\/wp\/v2\/posts\/36674"}],"collection":[{"href":"https:\/\/zonacuriosa.com.br\/de\/wp-json\/wp\/v2\/posts"}],"about":[{"href":"https:\/\/zonacuriosa.com.br\/de\/wp-json\/wp\/v2\/types\/post"}],"author":[{"embeddable":true,"href":"https:\/\/zonacuriosa.com.br\/de\/wp-json\/wp\/v2\/users\/113"}],"replies":[{"embeddable":true,"href":"https:\/\/zonacuriosa.com.br\/de\/wp-json\/wp\/v2\/comments?post=36674"}],"version-history":[{"count":1,"href":"https:\/\/zonacuriosa.com.br\/de\/wp-json\/wp\/v2\/posts\/36674\/revisions"}],"predecessor-version":[{"id":36685,"href":"https:\/\/zonacuriosa.com.br\/de\/wp-json\/wp\/v2\/posts\/36674\/revisions\/36685"}],"wp:attachment":[{"href":"https:\/\/zonacuriosa.com.br\/de\/wp-json\/wp\/v2\/media?parent=36674"}],"wp:term":[{"taxonomy":"category","embeddable":true,"href":"https:\/\/zonacuriosa.com.br\/de\/wp-json\/wp\/v2\/categories?post=36674"},{"taxonomy":"post_tag","embeddable":true,"href":"https:\/\/zonacuriosa.com.br\/de\/wp-json\/wp\/v2\/tags?post=36674"}],"curies":[{"name":"wp","href":"https:\/\/api.w.org\/{rel}","templated":true}]}}