{"id":36673,"date":"2025-09-24T14:49:00","date_gmt":"2025-09-24T14:49:00","guid":{"rendered":"https:\/\/zonacuriosa.com.br\/ada7ef65-ac5c-47c1-a884-6e098b066759\/"},"modified":"2025-09-24T14:49:31","modified_gmt":"2025-09-24T14:49:31","slug":"ada7ef65-ac5c-47c1-a884-6e098b066759","status":"publish","type":"post","link":"https:\/\/zonacuriosa.com.br\/de\/ada7ef65-ac5c-47c1-a884-6e098b066759\/","title":{"rendered":"Stellenangebot f\u00fcr Lagerauff\u00fcller: Gehalt nach Vereinbarung, Festanstellung."},"content":{"rendered":"<div class=\"mx-5 sm:mx-0 prose text-left mb-5\">\n<\/p>\n<div style=\"background: #ffffff; border-radius: 12px; box-shadow: 0 10px 30px rgba(0, 0, 0, 0.1); width: 100%; max-width: 340px; padding: 25px; transition: transform 0.3s ease-in-out; overflow: visible; display: flex; flex-direction: column; position: relative; border: 1px solid #28a745; margin-top: 70px; margin-bottom: 50px; margin-left: auto; margin-right: auto;\">\n<div style=\"position: absolute; top: -35px; right: 15px; color: #28a745; padding: 5px 10px; border-radius: 6px; font-size: 14px; font-weight: bold; display: flex; align-items: center; z-index: 10;\">F\u00fcr Sie empfohlen<\/div>\n<div data-namespace-header=\"\" style=\"\">\n<h3 data-namespace-title=\"\" style=\"color: #333; font-size: 20px; font-weight: bold; text-align: left; margin-right: 50px; min-height: 50px; margin-top: 0px;\">Warenauff\u00fcller<\/h3>\n<\/p><\/div>\n<p data-namespace-prompt=\"\" style=\"font-size: 16px; color: #666; margin-bottom: 20px; line-height: 1.5; flex-grow: 1; text-align: left; margin-top: 0px;\">Arbeit im Einzelhandel, Unterst\u00fctzung bei der Warenpr\u00e4sentation. Voraussetzung ist ein abgeschlossener Schulabschluss und Flexibilit\u00e4t hinsichtlich der Arbeitszeiten. Festanstellung mit Entwicklungsm\u00f6glichkeiten.<\/p>\n<p>    <a data-namespace-url=\"\" href=\"https:\/\/zonacuriosa.com.br\/de\/redirect\/?https:\/\/www.bne.com.br\/vaga-de-emprego-na-area-comercio-em-cabedelo-pb\/repositor-de-mercadorias\/4072611?utm_campaign=google_jobs_apply&#038;utm_source=google_jobs_apply&#038;utm_medium=organic\" style=\"width: 100%; display: inline-block; color: white; text-decoration: none; border-radius: 6px; font-size: 16px; font-weight: bold; text-align: center; transition: transform 0.3s ease, background 0.3s ease; margin-top: auto;\" data-namespace-id=\"5c0d2565-3ba9-4280-a382-ad2a691e2285\"><br \/>\n        <button style=\"width: 100%; height: 55px; background: #e9e9ed; border: 1px solid black; color: black;\">Jetzt bewerben<\/button><br \/>\n    <\/a><br \/>\n    <small style=\"margin-top: 10px; color: #777; font-size: 12px; text-align: center; display: block;\">Sie werden auf eine andere Website weitergeleitet.<\/small>\n<\/div>\n<h2>Die M\u00f6glichkeiten zur Warenauff\u00fcllung verstehen<\/h2>\n<p>F\u00fcr diese Stelle als Lagerarbeiter wird ein verhandelbares Gehalt angeboten, dessen H\u00f6he je nach Erfahrung und Profil des Bewerbers angepasst werden kann.<br \/>\nDer Arbeitsvertrag ist unbefristet und bietet somit Stabilit\u00e4t f\u00fcr diejenigen, die im Handels- und Einzelhandelssektor Karriere machen wollen.<br \/>\nVoraussetzungen sind ein Highschool-Abschluss, flexible Arbeitszeiten und Teamf\u00e4higkeit.<br \/>\nAuch Menschen mit Behinderungen sind willkommen; wir sch\u00e4tzen Inklusion und Vielfalt am Arbeitsplatz.<br \/>\nVorkenntnisse in dieser Funktion sind w\u00fcnschenswert, aber die Position bietet auch neuen Talenten, die lernbegierig sind, M\u00f6glichkeiten.<\/p>\n<h2>Der Arbeitsalltag eines Lageristen: Routine und Verantwortlichkeiten<\/h2>\n<p>Zu den t\u00e4glichen Aufgaben eines Lagerarbeiters geh\u00f6rt die Organisation, das Auff\u00fcllen und die Pflege des Produktbestands im Gesch\u00e4ft.<br \/>\nEs ist notwendig, die Verfallsdaten zu \u00fcberpr\u00fcfen, die Regalg\u00e4nge ordentlich zu halten und sicherzustellen, dass die Artikel ordnungsgem\u00e4\u00df pr\u00e4sentiert werden.<br \/>\nDer Profi unterst\u00fctzt die Kunden bei Bedarf auch selbst und legt dabei stets Wert auf guten Service und effiziente Aufgabenerledigung.<br \/>\nOftmals m\u00fcssen Sie Kisten tragen und Waren bewegen, um sicherzustellen, dass das Gesch\u00e4ft stets gut best\u00fcckt und ansprechend aussieht.<br \/>\nTeamarbeit ist allt\u00e4gliche Praxis, wobei die Zusammenarbeit mit anderen Abteilungen f\u00fcr den Erfolg des Projekts unerl\u00e4sslich ist.<\/p>\n<h2>Positive Aspekte der Stellenausschreibung<\/h2>\n<p>Ein gro\u00dfer Anreiz besteht in der M\u00f6glichkeit einer Festanstellung, was dem Arbeitnehmer langfristige Sicherheit bietet.<br \/>\nF\u00fcr diese Position ist kein Hochschulabschluss erforderlich, wodurch sich der Bewerberkreis auf Personen mit einem Highschool-Abschluss erweitert, die in den Arbeitsmarkt einsteigen m\u00f6chten.<br \/>\nDie Einbeziehung von Menschen mit Behinderungen tr\u00e4gt dazu bei, dass das Umfeld vielf\u00e4ltiger und einladender f\u00fcr unterschiedliche Berufsprofile wird.<br \/>\nDie M\u00f6glichkeit der internen Weiterentwicklung erlaubt es dem Lagerarbeiter, sich zu profilieren und innerhalb des Unternehmens Karriere zu machen.<br \/>\nSchlie\u00dflich ist die gesammelte praktische Erfahrung ein Alleinstellungsmerkmal im Lebenslauf und er\u00f6ffnet neue M\u00f6glichkeiten f\u00fcr die Zukunft.<\/p>\n<h2>Negative Aspekte der Stellenanzeige<\/h2>\n<p>Zeitmanagement kann eine Herausforderung sein, insbesondere f\u00fcr diejenigen, die keine flexiblen Arbeitszeiten in ihrem Alltag haben.<br \/>\nDie Arbeit erfordert m\u00e4\u00dfige bis intensive k\u00f6rperliche Anstrengung und die Bereitschaft, schwere G\u00fcter zu heben.<br \/>\nDie Geh\u00e4lter variieren je nach Profil und Erfahrung, daher ist die Verg\u00fctung f\u00fcr Berufsanf\u00e4nger m\u00f6glicherweise nicht hoch.<br \/>\nRoutine kann eint\u00f6nig sein und erfordert Disziplin, um die Produktivit\u00e4t in allen Phasen des Prozesses aufrechtzuerhalten.<br \/>\nDie Anforderung w\u00fcnschenswerter Berufserfahrung kann einige Bewerbungen einschr\u00e4nken, ist aber nicht zwingend erforderlich.<\/p>\n<h2>Endg\u00fcltiges Urteil: Lohnt sich eine Bewerbung?<\/h2>\n<p>F\u00fcr diejenigen, die in den Einzelhandel einsteigen oder sich dort etablieren m\u00f6chten, bietet diese Position eine stabile und integrative Alternative.<br \/>\nDie Bereitschaft zu lernen und mit dem Team zusammenzuarbeiten ist eine wichtige Voraussetzung f\u00fcr Erfolg und berufliche Weiterentwicklung.<br \/>\nDie Stelle erfordert Einsatz und Organisation und ist daher ideal f\u00fcr diejenigen, die Dynamik und den Umgang mit der \u00d6ffentlichkeit sch\u00e4tzen.<br \/>\nBei guter Leistung bestehen M\u00f6glichkeiten zur internen Weiterentwicklung, Anerkennung und zum Karriereaufbau.<br \/>\nEine Bewerbung lohnt sich, wenn Sie eine Festanstellung und Erfahrung im Einzelhandel suchen, insbesondere wenn Sie \u00fcber einen Schulabschluss verf\u00fcgen.<\/p>\n<div style=\"background: #ffffff; border-radius: 12px; box-shadow: 0 10px 30px rgba(0, 0, 0, 0.1); width: 100%; max-width: 340px; padding: 25px; transition: transform 0.3s ease-in-out; overflow: visible; display: flex; flex-direction: column; position: relative; border: 1px solid #28a745; margin-top: 70px; margin-bottom: 50px; margin-left: auto; margin-right: auto;\">\n<div style=\"position: absolute; top: -35px; right: 15px; color: #28a745; padding: 5px 10px; border-radius: 6px; font-size: 14px; font-weight: bold; display: flex; align-items: center; z-index: 10;\">F\u00fcr Sie empfohlen<\/div>\n<div data-namespace-header=\"\" style=\"\">\n<h3 data-namespace-title=\"\" style=\"color: #333; font-size: 20px; font-weight: bold; text-align: left; margin-right: 50px; min-height: 50px; margin-top: 0px;\">Warenauff\u00fcller<\/h3>\n<\/p><\/div>\n<p data-namespace-prompt=\"\" style=\"font-size: 16px; color: #666; margin-bottom: 20px; line-height: 1.5; flex-grow: 1; text-align: left; margin-top: 0px;\">Arbeit im Einzelhandel, Unterst\u00fctzung bei der Warenpr\u00e4sentation. Voraussetzung ist ein abgeschlossener Schulabschluss und Flexibilit\u00e4t hinsichtlich der Arbeitszeiten. Festanstellung mit Entwicklungsm\u00f6glichkeiten.<\/p>\n<p>    <a data-namespace-url=\"\" href=\"https:\/\/zonacuriosa.com.br\/de\/redirect\/?https:\/\/www.bne.com.br\/vaga-de-emprego-na-area-comercio-em-cabedelo-pb\/repositor-de-mercadorias\/4072611?utm_campaign=google_jobs_apply&#038;utm_source=google_jobs_apply&#038;utm_medium=organic\" style=\"width: 100%; display: inline-block; color: white; text-decoration: none; border-radius: 6px; font-size: 16px; font-weight: bold; text-align: center; transition: transform 0.3s ease, background 0.3s ease; margin-top: auto;\" data-namespace-id=\"5c0d2565-3ba9-4280-a382-ad2a691e2285\"><br \/>\n        <button style=\"width: 100%; height: 55px; background: #e9e9ed; border: 1px solid black; color: black;\">Jetzt bewerben<\/button><br \/>\n    <\/a><br \/>\n    <small style=\"margin-top: 10px; color: #777; font-size: 12px; text-align: center; display: block;\">Sie werden auf eine andere Website weitergeleitet.<\/small>\n<\/div>\n<\/div>","protected":false},"excerpt":{"rendered":"<p>Wir suchen einen Mitarbeiter (m\/w\/d) f\u00fcr die Warenverr\u00e4umung mit verhandelbarem Gehalt. Voraussetzung ist ein Schulabschluss und flexible Arbeitszeiten. Wir bieten Ihnen die M\u00f6glichkeit zur beruflichen Weiterentwicklung und zum Sammeln von Berufserfahrung. Erfahren Sie mehr und bewerben Sie sich!<\/p>","protected":false},"author":113,"featured_media":0,"comment_status":"open","ping_status":"open","sticky":false,"template":"","format":"standard","meta":{"footnotes":""},"categories":[11],"tags":[],"yoast_head":"<!-- This site is optimized with the Yoast SEO plugin v23.3 - https:\/\/yoast.com\/wordpress\/plugins\/seo\/ -->\n<title>Vaga de Repositor de Mercadorias: Sal\u00e1rio a combinar e oportunidade efetiva - Zona Curiosa<\/title>\n<meta name=\"robots\" content=\"index, follow, max-snippet:-1, max-image-preview:large, max-video-preview:-1\" \/>\n<link rel=\"canonical\" href=\"https:\/\/zonacuriosa.com.br\/de\/ada7ef65-ac5c-47c1-a884-6e098b066759\/\" \/>\n<meta property=\"og:locale\" content=\"de_DE\" \/>\n<meta property=\"og:type\" content=\"article\" \/>\n<meta property=\"og:title\" content=\"Vaga de Repositor de Mercadorias: Sal\u00e1rio a combinar e oportunidade efetiva - Zona Curiosa\" \/>\n<meta property=\"og:description\" content=\"Repositor de mercadorias com sal\u00e1rio a combinar em vaga efetiva. Requer ensino m\u00e9dio e disponibilidade de hor\u00e1rio. Oportunidade com inclus\u00e3o, crescimento e experi\u00eancia. Saiba mais e candidate-se!\" \/>\n<meta property=\"og:url\" content=\"https:\/\/zonacuriosa.com.br\/de\/ada7ef65-ac5c-47c1-a884-6e098b066759\/\" \/>\n<meta property=\"og:site_name\" content=\"Zona Curiosa\" \/>\n<meta property=\"article:published_time\" content=\"2025-09-24T14:49:00+00:00\" \/>\n<meta property=\"article:modified_time\" content=\"2025-09-24T14:49:31+00:00\" \/>\n<meta name=\"author\" content=\"ederaugusttomuller\" \/>\n<meta name=\"twitter:card\" content=\"summary_large_image\" \/>\n<meta name=\"twitter:label1\" content=\"Written by\" \/>\n\t<meta name=\"twitter:data1\" content=\"ederaugusttomuller\" \/>\n\t<meta name=\"twitter:label2\" content=\"Est. reading time\" \/>\n\t<meta name=\"twitter:data2\" content=\"3 Minuten\" \/>\n<script type=\"application\/ld+json\" class=\"yoast-schema-graph\">{\"@context\":\"https:\/\/schema.org\",\"@graph\":[{\"@type\":\"WebPage\",\"@id\":\"https:\/\/zonacuriosa.com.br\/ada7ef65-ac5c-47c1-a884-6e098b066759\/\",\"url\":\"https:\/\/zonacuriosa.com.br\/ada7ef65-ac5c-47c1-a884-6e098b066759\/\",\"name\":\"Vaga de Repositor de Mercadorias: Sal\u00e1rio a combinar e oportunidade efetiva - Zona Curiosa\",\"isPartOf\":{\"@id\":\"https:\/\/zonacuriosa.com.br\/#website\"},\"datePublished\":\"2025-09-24T14:49:00+00:00\",\"dateModified\":\"2025-09-24T14:49:31+00:00\",\"author\":{\"@id\":\"https:\/\/zonacuriosa.com.br\/#\/schema\/person\/890d2e5780ff9ae3803551e7f1d7a46d\"},\"breadcrumb\":{\"@id\":\"https:\/\/zonacuriosa.com.br\/ada7ef65-ac5c-47c1-a884-6e098b066759\/#breadcrumb\"},\"inLanguage\":\"de-DE\",\"potentialAction\":[{\"@type\":\"ReadAction\",\"target\":[\"https:\/\/zonacuriosa.com.br\/ada7ef65-ac5c-47c1-a884-6e098b066759\/\"]}]},{\"@type\":\"BreadcrumbList\",\"@id\":\"https:\/\/zonacuriosa.com.br\/ada7ef65-ac5c-47c1-a884-6e098b066759\/#breadcrumb\",\"itemListElement\":[{\"@type\":\"ListItem\",\"position\":1,\"name\":\"Home\",\"item\":\"https:\/\/zonacuriosa.com.br\/\"},{\"@type\":\"ListItem\",\"position\":2,\"name\":\"Vaga de Repositor de Mercadorias: Sal\u00e1rio a combinar e oportunidade efetiva\"}]},{\"@type\":\"WebSite\",\"@id\":\"https:\/\/zonacuriosa.com.br\/#website\",\"url\":\"https:\/\/zonacuriosa.com.br\/\",\"name\":\"Zona Curiosa\",\"description\":\"\",\"potentialAction\":[{\"@type\":\"SearchAction\",\"target\":{\"@type\":\"EntryPoint\",\"urlTemplate\":\"https:\/\/zonacuriosa.com.br\/?s={search_term_string}\"},\"query-input\":\"required name=search_term_string\"}],\"inLanguage\":\"de-DE\"},{\"@type\":\"Person\",\"@id\":\"https:\/\/zonacuriosa.com.br\/#\/schema\/person\/890d2e5780ff9ae3803551e7f1d7a46d\",\"name\":\"ederaugusttomuller\",\"image\":{\"@type\":\"ImageObject\",\"inLanguage\":\"de-DE\",\"@id\":\"https:\/\/zonacuriosa.com.br\/#\/schema\/person\/image\/\",\"url\":\"https:\/\/secure.gravatar.com\/avatar\/96357ca64e7ff2bf802e5dba125702c6?s=96&d=mm&r=g\",\"contentUrl\":\"https:\/\/secure.gravatar.com\/avatar\/96357ca64e7ff2bf802e5dba125702c6?s=96&d=mm&r=g\",\"caption\":\"ederaugusttomuller\"},\"url\":\"https:\/\/zonacuriosa.com.br\/de\/author\/ederaugusttomuller\/\"}]}<\/script>\n<!-- \/ Yoast SEO plugin. -->","yoast_head_json":{"title":"Vaga de Repositor de Mercadorias: Sal\u00e1rio a combinar e oportunidade efetiva - Zona Curiosa","robots":{"index":"index","follow":"follow","max-snippet":"max-snippet:-1","max-image-preview":"max-image-preview:large","max-video-preview":"max-video-preview:-1"},"canonical":"https:\/\/zonacuriosa.com.br\/de\/ada7ef65-ac5c-47c1-a884-6e098b066759\/","og_locale":"de_DE","og_type":"article","og_title":"Vaga de Repositor de Mercadorias: Sal\u00e1rio a combinar e oportunidade efetiva - Zona Curiosa","og_description":"Repositor de mercadorias com sal\u00e1rio a combinar em vaga efetiva. Requer ensino m\u00e9dio e disponibilidade de hor\u00e1rio. Oportunidade com inclus\u00e3o, crescimento e experi\u00eancia. Saiba mais e candidate-se!","og_url":"https:\/\/zonacuriosa.com.br\/de\/ada7ef65-ac5c-47c1-a884-6e098b066759\/","og_site_name":"Zona Curiosa","article_published_time":"2025-09-24T14:49:00+00:00","article_modified_time":"2025-09-24T14:49:31+00:00","author":"ederaugusttomuller","twitter_card":"summary_large_image","twitter_misc":{"Written by":"ederaugusttomuller","Est. reading time":"3 Minuten"},"schema":{"@context":"https:\/\/schema.org","@graph":[{"@type":"WebPage","@id":"https:\/\/zonacuriosa.com.br\/ada7ef65-ac5c-47c1-a884-6e098b066759\/","url":"https:\/\/zonacuriosa.com.br\/ada7ef65-ac5c-47c1-a884-6e098b066759\/","name":"Vaga de Repositor de Mercadorias: Sal\u00e1rio a combinar e oportunidade efetiva - Zona Curiosa","isPartOf":{"@id":"https:\/\/zonacuriosa.com.br\/#website"},"datePublished":"2025-09-24T14:49:00+00:00","dateModified":"2025-09-24T14:49:31+00:00","author":{"@id":"https:\/\/zonacuriosa.com.br\/#\/schema\/person\/890d2e5780ff9ae3803551e7f1d7a46d"},"breadcrumb":{"@id":"https:\/\/zonacuriosa.com.br\/ada7ef65-ac5c-47c1-a884-6e098b066759\/#breadcrumb"},"inLanguage":"de-DE","potentialAction":[{"@type":"ReadAction","target":["https:\/\/zonacuriosa.com.br\/ada7ef65-ac5c-47c1-a884-6e098b066759\/"]}]},{"@type":"BreadcrumbList","@id":"https:\/\/zonacuriosa.com.br\/ada7ef65-ac5c-47c1-a884-6e098b066759\/#breadcrumb","itemListElement":[{"@type":"ListItem","position":1,"name":"Home","item":"https:\/\/zonacuriosa.com.br\/"},{"@type":"ListItem","position":2,"name":"Vaga de Repositor de Mercadorias: Sal\u00e1rio a combinar e oportunidade efetiva"}]},{"@type":"WebSite","@id":"https:\/\/zonacuriosa.com.br\/#website","url":"https:\/\/zonacuriosa.com.br\/","name":"Zona Curiosa","description":"","potentialAction":[{"@type":"SearchAction","target":{"@type":"EntryPoint","urlTemplate":"https:\/\/zonacuriosa.com.br\/?s={search_term_string}"},"query-input":"required name=search_term_string"}],"inLanguage":"de-DE"},{"@type":"Person","@id":"https:\/\/zonacuriosa.com.br\/#\/schema\/person\/890d2e5780ff9ae3803551e7f1d7a46d","name":"ederaugusttomuller","image":{"@type":"ImageObject","inLanguage":"de-DE","@id":"https:\/\/zonacuriosa.com.br\/#\/schema\/person\/image\/","url":"https:\/\/secure.gravatar.com\/avatar\/96357ca64e7ff2bf802e5dba125702c6?s=96&d=mm&r=g","contentUrl":"https:\/\/secure.gravatar.com\/avatar\/96357ca64e7ff2bf802e5dba125702c6?s=96&d=mm&r=g","caption":"ederaugusttomuller"},"url":"https:\/\/zonacuriosa.com.br\/de\/author\/ederaugusttomuller\/"}]}},"_links":{"self":[{"href":"https:\/\/zonacuriosa.com.br\/de\/wp-json\/wp\/v2\/posts\/36673"}],"collection":[{"href":"https:\/\/zonacuriosa.com.br\/de\/wp-json\/wp\/v2\/posts"}],"about":[{"href":"https:\/\/zonacuriosa.com.br\/de\/wp-json\/wp\/v2\/types\/post"}],"author":[{"embeddable":true,"href":"https:\/\/zonacuriosa.com.br\/de\/wp-json\/wp\/v2\/users\/113"}],"replies":[{"embeddable":true,"href":"https:\/\/zonacuriosa.com.br\/de\/wp-json\/wp\/v2\/comments?post=36673"}],"version-history":[{"count":1,"href":"https:\/\/zonacuriosa.com.br\/de\/wp-json\/wp\/v2\/posts\/36673\/revisions"}],"predecessor-version":[{"id":36687,"href":"https:\/\/zonacuriosa.com.br\/de\/wp-json\/wp\/v2\/posts\/36673\/revisions\/36687"}],"wp:attachment":[{"href":"https:\/\/zonacuriosa.com.br\/de\/wp-json\/wp\/v2\/media?parent=36673"}],"wp:term":[{"taxonomy":"category","embeddable":true,"href":"https:\/\/zonacuriosa.com.br\/de\/wp-json\/wp\/v2\/categories?post=36673"},{"taxonomy":"post_tag","embeddable":true,"href":"https:\/\/zonacuriosa.com.br\/de\/wp-json\/wp\/v2\/tags?post=36673"}],"curies":[{"name":"wp","href":"https:\/\/api.w.org\/{rel}","templated":true}]}}