{"id":36671,"date":"2025-09-24T14:49:00","date_gmt":"2025-09-24T14:49:00","guid":{"rendered":"https:\/\/zonacuriosa.com.br\/02749c81-1415-4a50-9ab2-b5142b7efc6e\/"},"modified":"2025-09-24T14:49:05","modified_gmt":"2025-09-24T14:49:05","slug":"02749c81-1415-4a50-9ab2-b5142b7efc6e","status":"publish","type":"post","link":"https:\/\/zonacuriosa.com.br\/de\/02749c81-1415-4a50-9ab2-b5142b7efc6e\/","title":{"rendered":"Vaga de qu\u00edmico: sal\u00e1rio a combinar, efetivo e \u00f3timos requisitos"},"content":{"rendered":"<div class=\"mx-5 sm:mx-0 prose text-left mb-5\">\n<\/p>\n<div style=\"background: #ffffff; border-radius: 12px; box-shadow: 0 10px 30px rgba(0, 0, 0, 0.1); width: 100%; max-width: 340px; padding: 25px; transition: transform 0.3s ease-in-out; overflow: visible; display: flex; flex-direction: column; position: relative; border: 1px solid #28a745; margin-top: 70px; margin-bottom: 50px; margin-left: auto; margin-right: auto;\">\n<div style=\"position: absolute; top: -35px; right: 15px; color: #28a745; padding: 5px 10px; border-radius: 6px; font-size: 14px; font-weight: bold; display: flex; align-items: center; z-index: 10;\">F\u00fcr Sie empfohlen<\/div>\n<div data-namespace-header=\"\" style=\"\">\n<h3 data-namespace-title=\"\" style=\"color: #333; font-size: 20px; font-weight: bold; text-align: left; margin-right: 50px; min-height: 50px; margin-top: 0px;\">Qu\u00edmico<\/h3>\n<\/p><\/div>\n<p data-namespace-prompt=\"\" style=\"font-size: 16px; color: #666; margin-bottom: 20px; line-height: 1.5; flex-grow: 1; text-align: left; margin-top: 0px;\">Atue como qu\u00edmico em contrato efetivo, sal\u00e1rio a combinar. Requisitos: ensino superior, CRQ ativo, CNH e ingl\u00eas desej\u00e1vel. Oportunidade de crescimento profissional.<\/p>\n<p>    <a data-namespace-url=\"\" href=\"https:\/\/zonacuriosa.com.br\/de\/redirect\/?https:\/\/www.bne.com.br\/vaga-de-emprego-na-area-quimico-em-joao-pessoa-pb\/quimico\/4030177?utm_campaign=google_jobs_apply&#038;utm_source=google_jobs_apply&#038;utm_medium=organic\" style=\"width: 100%; display: inline-block; color: white; text-decoration: none; border-radius: 6px; font-size: 16px; font-weight: bold; text-align: center; transition: transform 0.3s ease, background 0.3s ease; margin-top: auto;\" data-namespace-id=\"5c0d2565-3ba9-4280-a382-ad2a691e2285\"><br \/>\n        <button style=\"width: 100%; height: 55px; background: #e9e9ed; border: 1px solid black; color: black;\">Jetzt bewerben<\/button><br \/>\n    <\/a><br \/>\n    <small style=\"margin-top: 10px; color: #777; font-size: 12px; text-align: center; display: block;\">Sie werden auf eine andere Website weitergeleitet.<\/small>\n<\/div>\n<p>A vaga para qu\u00edmico oferece um sal\u00e1rio a combinar, sendo o tipo de v\u00ednculo efetivo. Para participar do processo de sele\u00e7\u00e3o, \u00e9 necess\u00e1rio possuir forma\u00e7\u00e3o superior na \u00e1rea, CRQ ativo, disponibilidade para hor\u00e1rio noturno, CNH e conhecimento em pacote Office. Ingl\u00eas \u00e9 desej\u00e1vel, agregando valor ao perfil profissional. Essa vaga \u00e9 atrativa para profissionais que buscam estabilidade e oportunidade de crescimento na carreira.<\/p>\n<h2>Responsabilidades di\u00e1rias do cargo<\/h2>\n<p>No cotidiano, o profissional ser\u00e1 respons\u00e1vel por conduzir experimentos e an\u00e1lises, seguindo protocolos de seguran\u00e7a. Ser\u00e1 preciso garantir a qualidade dos procedimentos e resultados, al\u00e9m de trabalhar em equipe. Elabora\u00e7\u00e3o de relat\u00f3rios t\u00e9cnicos, controle de mat\u00e9rias-primas e contato com equipamentos laboratoriais tamb\u00e9m fazem parte da rotina. A fun\u00e7\u00e3o exige organiza\u00e7\u00e3o, aten\u00e7\u00e3o aos detalhes, responsabilidade e iniciativa para solu\u00e7\u00f5es de problemas rotineiros.<\/p>\n<h2>Hauptvorteile der Position<\/h2>\n<p>Entre os principais benef\u00edcios da vaga, destaca-se o contrato efetivo, oferecendo estabilidade trabalhista. O sal\u00e1rio a combinar pode ser negociado conforme a experi\u00eancia do candidato. O ambiente profissional valoriza habilidades t\u00e9cnicas e pessoais, proporcionando aprendizado cont\u00ednuo. Adquirir experi\u00eancia em diferentes processos qu\u00edmicos amplia o leque de atua\u00e7\u00e3o no mercado. Por fim, estar em um setor com alta demanda de profissionais \u00e9 um diferencial para o crescimento.<\/p>\n<h2>Pontos de aten\u00e7\u00e3o da oportunidade<\/h2>\n<p>Apesar dos pontos positivos, a vaga exige disponibilidade para trabalhar em turnos noturnos, o que pode impactar a rotina pessoal. O dom\u00ednio do ingl\u00eas, mesmo sendo desej\u00e1vel, pode ser um obst\u00e1culo para alguns candidatos. Manusear subst\u00e2ncias qu\u00edmicas requer extremo cuidado e constante aten\u00e7\u00e3o \u00e0s normas de seguran\u00e7a. As exig\u00eancias de forma\u00e7\u00e3o e registro no CRQ s\u00e3o indispens\u00e1veis, limitando a participa\u00e7\u00e3o de profissionais iniciantes. Al\u00e9m disso, o trabalho pode ser intenso em per\u00edodos de alta demanda.<\/p>\n<h2>Endg\u00fcltiges Urteil<\/h2>\n<p>A vaga de qu\u00edmico apresenta um cen\u00e1rio interessante para quem busca estabilidade, crescimento profissional e desafios no ramo qu\u00edmico. Por\u00e9m, exige qualifica\u00e7\u00e3o, disponibilidade e disposi\u00e7\u00e3o para lidar com as exig\u00eancias da \u00e1rea. Recomenda-se para profissionais j\u00e1 atuantes ou que buscam uma experi\u00eancia mais s\u00f3lida em qu\u00edmicos industriais. O processo seletivo \u00e9 criterioso, mas recompensa com boas oportunidades futuras.<\/p>\n<div style=\"background: #ffffff; border-radius: 12px; box-shadow: 0 10px 30px rgba(0, 0, 0, 0.1); width: 100%; max-width: 340px; padding: 25px; transition: transform 0.3s ease-in-out; overflow: visible; display: flex; flex-direction: column; position: relative; border: 1px solid #28a745; margin-top: 70px; margin-bottom: 50px; margin-left: auto; margin-right: auto;\">\n<div style=\"position: absolute; top: -35px; right: 15px; color: #28a745; padding: 5px 10px; border-radius: 6px; font-size: 14px; font-weight: bold; display: flex; align-items: center; z-index: 10;\">F\u00fcr Sie empfohlen<\/div>\n<div data-namespace-header=\"\" style=\"\">\n<h3 data-namespace-title=\"\" style=\"color: #333; font-size: 20px; font-weight: bold; text-align: left; margin-right: 50px; min-height: 50px; margin-top: 0px;\">Qu\u00edmico<\/h3>\n<\/p><\/div>\n<p data-namespace-prompt=\"\" style=\"font-size: 16px; color: #666; margin-bottom: 20px; line-height: 1.5; flex-grow: 1; text-align: left; margin-top: 0px;\">Atue como qu\u00edmico em contrato efetivo, sal\u00e1rio a combinar. Requisitos: ensino superior, CRQ ativo, CNH e ingl\u00eas desej\u00e1vel. Oportunidade de crescimento profissional.<\/p>\n<p>    <a data-namespace-url=\"\" href=\"https:\/\/zonacuriosa.com.br\/de\/redirect\/?https:\/\/www.bne.com.br\/vaga-de-emprego-na-area-quimico-em-joao-pessoa-pb\/quimico\/4030177?utm_campaign=google_jobs_apply&#038;utm_source=google_jobs_apply&#038;utm_medium=organic\" style=\"width: 100%; display: inline-block; color: white; text-decoration: none; border-radius: 6px; font-size: 16px; font-weight: bold; text-align: center; transition: transform 0.3s ease, background 0.3s ease; margin-top: auto;\" data-namespace-id=\"5c0d2565-3ba9-4280-a382-ad2a691e2285\"><br \/>\n        <button style=\"width: 100%; height: 55px; background: #e9e9ed; border: 1px solid black; color: black;\">Jetzt bewerben<\/button><br \/>\n    <\/a><br \/>\n    <small style=\"margin-top: 10px; color: #777; font-size: 12px; text-align: center; display: block;\">Sie werden auf eine andere Website weitergeleitet.<\/small>\n<\/div>\n<\/div>","protected":false},"excerpt":{"rendered":"<p>Descubra a vaga para qu\u00edmico com sal\u00e1rio a combinar, v\u00ednculo efetivo e possibilidade de crescimento. Veja os requisitos e pontos positivos antes de se candidatar!<\/p>","protected":false},"author":113,"featured_media":0,"comment_status":"open","ping_status":"open","sticky":false,"template":"","format":"standard","meta":{"footnotes":""},"categories":[11],"tags":[],"yoast_head":"<!-- This site is optimized with the Yoast SEO plugin v23.3 - https:\/\/yoast.com\/wordpress\/plugins\/seo\/ -->\n<title>Vaga de qu\u00edmico: sal\u00e1rio a combinar, efetivo e \u00f3timos requisitos - Zona Curiosa<\/title>\n<meta name=\"robots\" content=\"index, follow, max-snippet:-1, max-image-preview:large, max-video-preview:-1\" \/>\n<link rel=\"canonical\" href=\"https:\/\/zonacuriosa.com.br\/de\/02749c81-1415-4a50-9ab2-b5142b7efc6e\/\" \/>\n<meta property=\"og:locale\" content=\"de_DE\" \/>\n<meta property=\"og:type\" content=\"article\" \/>\n<meta property=\"og:title\" content=\"Vaga de qu\u00edmico: sal\u00e1rio a combinar, efetivo e \u00f3timos requisitos - Zona Curiosa\" \/>\n<meta property=\"og:description\" content=\"Descubra a vaga para qu\u00edmico com sal\u00e1rio a combinar, v\u00ednculo efetivo e possibilidade de crescimento. Veja os requisitos e pontos positivos antes de se candidatar!\" \/>\n<meta property=\"og:url\" content=\"https:\/\/zonacuriosa.com.br\/de\/02749c81-1415-4a50-9ab2-b5142b7efc6e\/\" \/>\n<meta property=\"og:site_name\" content=\"Zona Curiosa\" \/>\n<meta property=\"article:published_time\" content=\"2025-09-24T14:49:00+00:00\" \/>\n<meta property=\"article:modified_time\" content=\"2025-09-24T14:49:05+00:00\" \/>\n<meta name=\"author\" content=\"ederaugusttomuller\" \/>\n<meta name=\"twitter:card\" content=\"summary_large_image\" \/>\n<meta name=\"twitter:label1\" content=\"Written by\" \/>\n\t<meta name=\"twitter:data1\" content=\"ederaugusttomuller\" \/>\n\t<meta name=\"twitter:label2\" content=\"Est. reading time\" \/>\n\t<meta name=\"twitter:data2\" content=\"2 Minuten\" \/>\n<script type=\"application\/ld+json\" class=\"yoast-schema-graph\">{\"@context\":\"https:\/\/schema.org\",\"@graph\":[{\"@type\":\"WebPage\",\"@id\":\"https:\/\/zonacuriosa.com.br\/02749c81-1415-4a50-9ab2-b5142b7efc6e\/\",\"url\":\"https:\/\/zonacuriosa.com.br\/02749c81-1415-4a50-9ab2-b5142b7efc6e\/\",\"name\":\"Vaga de qu\u00edmico: sal\u00e1rio a combinar, efetivo e \u00f3timos requisitos - Zona Curiosa\",\"isPartOf\":{\"@id\":\"https:\/\/zonacuriosa.com.br\/#website\"},\"datePublished\":\"2025-09-24T14:49:00+00:00\",\"dateModified\":\"2025-09-24T14:49:05+00:00\",\"author\":{\"@id\":\"https:\/\/zonacuriosa.com.br\/#\/schema\/person\/890d2e5780ff9ae3803551e7f1d7a46d\"},\"breadcrumb\":{\"@id\":\"https:\/\/zonacuriosa.com.br\/02749c81-1415-4a50-9ab2-b5142b7efc6e\/#breadcrumb\"},\"inLanguage\":\"de-DE\",\"potentialAction\":[{\"@type\":\"ReadAction\",\"target\":[\"https:\/\/zonacuriosa.com.br\/02749c81-1415-4a50-9ab2-b5142b7efc6e\/\"]}]},{\"@type\":\"BreadcrumbList\",\"@id\":\"https:\/\/zonacuriosa.com.br\/02749c81-1415-4a50-9ab2-b5142b7efc6e\/#breadcrumb\",\"itemListElement\":[{\"@type\":\"ListItem\",\"position\":1,\"name\":\"Home\",\"item\":\"https:\/\/zonacuriosa.com.br\/\"},{\"@type\":\"ListItem\",\"position\":2,\"name\":\"Vaga de qu\u00edmico: sal\u00e1rio a combinar, efetivo e \u00f3timos requisitos\"}]},{\"@type\":\"WebSite\",\"@id\":\"https:\/\/zonacuriosa.com.br\/#website\",\"url\":\"https:\/\/zonacuriosa.com.br\/\",\"name\":\"Zona Curiosa\",\"description\":\"\",\"potentialAction\":[{\"@type\":\"SearchAction\",\"target\":{\"@type\":\"EntryPoint\",\"urlTemplate\":\"https:\/\/zonacuriosa.com.br\/?s={search_term_string}\"},\"query-input\":\"required name=search_term_string\"}],\"inLanguage\":\"de-DE\"},{\"@type\":\"Person\",\"@id\":\"https:\/\/zonacuriosa.com.br\/#\/schema\/person\/890d2e5780ff9ae3803551e7f1d7a46d\",\"name\":\"ederaugusttomuller\",\"image\":{\"@type\":\"ImageObject\",\"inLanguage\":\"de-DE\",\"@id\":\"https:\/\/zonacuriosa.com.br\/#\/schema\/person\/image\/\",\"url\":\"https:\/\/secure.gravatar.com\/avatar\/96357ca64e7ff2bf802e5dba125702c6?s=96&d=mm&r=g\",\"contentUrl\":\"https:\/\/secure.gravatar.com\/avatar\/96357ca64e7ff2bf802e5dba125702c6?s=96&d=mm&r=g\",\"caption\":\"ederaugusttomuller\"},\"url\":\"https:\/\/zonacuriosa.com.br\/de\/author\/ederaugusttomuller\/\"}]}<\/script>\n<!-- \/ Yoast SEO plugin. -->","yoast_head_json":{"title":"Vaga de qu\u00edmico: sal\u00e1rio a combinar, efetivo e \u00f3timos requisitos - Zona Curiosa","robots":{"index":"index","follow":"follow","max-snippet":"max-snippet:-1","max-image-preview":"max-image-preview:large","max-video-preview":"max-video-preview:-1"},"canonical":"https:\/\/zonacuriosa.com.br\/de\/02749c81-1415-4a50-9ab2-b5142b7efc6e\/","og_locale":"de_DE","og_type":"article","og_title":"Vaga de qu\u00edmico: sal\u00e1rio a combinar, efetivo e \u00f3timos requisitos - Zona Curiosa","og_description":"Descubra a vaga para qu\u00edmico com sal\u00e1rio a combinar, v\u00ednculo efetivo e possibilidade de crescimento. Veja os requisitos e pontos positivos antes de se candidatar!","og_url":"https:\/\/zonacuriosa.com.br\/de\/02749c81-1415-4a50-9ab2-b5142b7efc6e\/","og_site_name":"Zona Curiosa","article_published_time":"2025-09-24T14:49:00+00:00","article_modified_time":"2025-09-24T14:49:05+00:00","author":"ederaugusttomuller","twitter_card":"summary_large_image","twitter_misc":{"Written by":"ederaugusttomuller","Est. reading time":"2 Minuten"},"schema":{"@context":"https:\/\/schema.org","@graph":[{"@type":"WebPage","@id":"https:\/\/zonacuriosa.com.br\/02749c81-1415-4a50-9ab2-b5142b7efc6e\/","url":"https:\/\/zonacuriosa.com.br\/02749c81-1415-4a50-9ab2-b5142b7efc6e\/","name":"Vaga de qu\u00edmico: sal\u00e1rio a combinar, efetivo e \u00f3timos requisitos - Zona Curiosa","isPartOf":{"@id":"https:\/\/zonacuriosa.com.br\/#website"},"datePublished":"2025-09-24T14:49:00+00:00","dateModified":"2025-09-24T14:49:05+00:00","author":{"@id":"https:\/\/zonacuriosa.com.br\/#\/schema\/person\/890d2e5780ff9ae3803551e7f1d7a46d"},"breadcrumb":{"@id":"https:\/\/zonacuriosa.com.br\/02749c81-1415-4a50-9ab2-b5142b7efc6e\/#breadcrumb"},"inLanguage":"de-DE","potentialAction":[{"@type":"ReadAction","target":["https:\/\/zonacuriosa.com.br\/02749c81-1415-4a50-9ab2-b5142b7efc6e\/"]}]},{"@type":"BreadcrumbList","@id":"https:\/\/zonacuriosa.com.br\/02749c81-1415-4a50-9ab2-b5142b7efc6e\/#breadcrumb","itemListElement":[{"@type":"ListItem","position":1,"name":"Home","item":"https:\/\/zonacuriosa.com.br\/"},{"@type":"ListItem","position":2,"name":"Vaga de qu\u00edmico: sal\u00e1rio a combinar, efetivo e \u00f3timos requisitos"}]},{"@type":"WebSite","@id":"https:\/\/zonacuriosa.com.br\/#website","url":"https:\/\/zonacuriosa.com.br\/","name":"Zona Curiosa","description":"","potentialAction":[{"@type":"SearchAction","target":{"@type":"EntryPoint","urlTemplate":"https:\/\/zonacuriosa.com.br\/?s={search_term_string}"},"query-input":"required name=search_term_string"}],"inLanguage":"de-DE"},{"@type":"Person","@id":"https:\/\/zonacuriosa.com.br\/#\/schema\/person\/890d2e5780ff9ae3803551e7f1d7a46d","name":"ederaugusttomuller","image":{"@type":"ImageObject","inLanguage":"de-DE","@id":"https:\/\/zonacuriosa.com.br\/#\/schema\/person\/image\/","url":"https:\/\/secure.gravatar.com\/avatar\/96357ca64e7ff2bf802e5dba125702c6?s=96&d=mm&r=g","contentUrl":"https:\/\/secure.gravatar.com\/avatar\/96357ca64e7ff2bf802e5dba125702c6?s=96&d=mm&r=g","caption":"ederaugusttomuller"},"url":"https:\/\/zonacuriosa.com.br\/de\/author\/ederaugusttomuller\/"}]}},"_links":{"self":[{"href":"https:\/\/zonacuriosa.com.br\/de\/wp-json\/wp\/v2\/posts\/36671"}],"collection":[{"href":"https:\/\/zonacuriosa.com.br\/de\/wp-json\/wp\/v2\/posts"}],"about":[{"href":"https:\/\/zonacuriosa.com.br\/de\/wp-json\/wp\/v2\/types\/post"}],"author":[{"embeddable":true,"href":"https:\/\/zonacuriosa.com.br\/de\/wp-json\/wp\/v2\/users\/113"}],"replies":[{"embeddable":true,"href":"https:\/\/zonacuriosa.com.br\/de\/wp-json\/wp\/v2\/comments?post=36671"}],"version-history":[{"count":1,"href":"https:\/\/zonacuriosa.com.br\/de\/wp-json\/wp\/v2\/posts\/36671\/revisions"}],"predecessor-version":[{"id":36686,"href":"https:\/\/zonacuriosa.com.br\/de\/wp-json\/wp\/v2\/posts\/36671\/revisions\/36686"}],"wp:attachment":[{"href":"https:\/\/zonacuriosa.com.br\/de\/wp-json\/wp\/v2\/media?parent=36671"}],"wp:term":[{"taxonomy":"category","embeddable":true,"href":"https:\/\/zonacuriosa.com.br\/de\/wp-json\/wp\/v2\/categories?post=36671"},{"taxonomy":"post_tag","embeddable":true,"href":"https:\/\/zonacuriosa.com.br\/de\/wp-json\/wp\/v2\/tags?post=36671"}],"curies":[{"name":"wp","href":"https:\/\/api.w.org\/{rel}","templated":true}]}}