{"id":36639,"date":"2025-09-24T14:42:00","date_gmt":"2025-09-24T14:42:00","guid":{"rendered":"https:\/\/zonacuriosa.com.br\/38ae0fa3-ccba-4aea-a223-7891006277f6\/"},"modified":"2025-09-24T14:42:32","modified_gmt":"2025-09-24T14:42:32","slug":"38ae0fa3-ccba-4aea-a223-7891006277f6","status":"publish","type":"post","link":"https:\/\/zonacuriosa.com.br\/de\/38ae0fa3-ccba-4aea-a223-7891006277f6\/","title":{"rendered":"Stelle als Verwaltungsassistent\/in: Gehalt, Sozialleistungen und Arbeitsplatzsicherheit im Fokus."},"content":{"rendered":"<div class=\"mx-5 sm:mx-0 prose text-left mb-5\">\n<\/p>\n<div style=\"background: #ffffff; border-radius: 12px; box-shadow: 0 10px 30px rgba(0, 0, 0, 0.1); width: 100%; max-width: 340px; padding: 25px; transition: transform 0.3s ease-in-out; overflow: visible; display: flex; flex-direction: column; position: relative; border: 1px solid #28a745; margin-top: 70px; margin-bottom: 50px; margin-left: auto; margin-right: auto;\">\n<div style=\"position: absolute; top: -35px; right: 15px; color: #28a745; padding: 5px 10px; border-radius: 6px; font-size: 14px; font-weight: bold; display: flex; align-items: center; z-index: 10;\">F\u00fcr Sie empfohlen<\/div>\n<div data-namespace-header=\"\" style=\"\">\n<h3 data-namespace-title=\"\" style=\"color: #333; font-size: 20px; font-weight: bold; text-align: left; margin-right: 50px; min-height: 50px; margin-top: 0px;\">Verwaltungsassistent<\/h3>\n<\/p><\/div>\n<p data-namespace-prompt=\"\" style=\"font-size: 16px; color: #666; margin-bottom: 20px; line-height: 1.5; flex-grow: 1; text-align: left; margin-top: 0px;\">Gelegenheit zur Stelle als Verwaltungsassistent\/in, Gehalt nach Vereinbarung, unbefristeter Vertrag, administrative Aufgaben, \u00fcbliche Arbeitszeiten und M\u00f6glichkeit zur beruflichen Weiterentwicklung.<\/p>\n<p>    <a data-namespace-url=\"\" href=\"https:\/\/zonacuriosa.com.br\/de\/redirect\/?https:\/\/www.bne.com.br\/vaga-de-emprego-na-area-administrativo-em-sao-luis-ma\/auxiliar-de-administracao\/3532353?utm_campaign=google_jobs_apply&#038;utm_source=google_jobs_apply&#038;utm_medium=organic\" style=\"width: 100%; display: inline-block; color: white; text-decoration: none; border-radius: 6px; font-size: 16px; font-weight: bold; text-align: center; transition: transform 0.3s ease, background 0.3s ease; margin-top: auto;\" data-namespace-id=\"5c0d2565-3ba9-4280-a382-ad2a691e2285\"><br \/>\n        <button style=\"width: 100%; height: 55px; background: #e9e9ed; border: 1px solid black; color: black;\">Jetzt bewerben<\/button><br \/>\n    <\/a><br \/>\n    <small style=\"margin-top: 10px; color: #777; font-size: 12px; text-align: center; display: block;\">Sie werden auf eine andere Website weitergeleitet.<\/small>\n<\/div>\n<p><!-- Introdu\u00e7\u00e3o --><\/p>\n<p>Es ist eine Stelle als Verwaltungsassistent\/in zu besetzen, die einen unbefristeten Vertrag und ein angenehmes Arbeitsumfeld f\u00fcr alle bietet, die sich im administrativen Bereich weiterentwickeln m\u00f6chten.<\/p>\n<p>Das Gehalt wird je nach Erfahrung angepasst, wodurch Flexibilit\u00e4t gew\u00e4hrleistet und die M\u00f6glichkeit besteht, dem ausgew\u00e4hlten Kandidaten eine angemessene Verg\u00fctung entsprechend seinem Profil zu erhalten.<\/p>\n<p>Diese Position ist ideal f\u00fcr proaktive Fachkr\u00e4fte, die Interesse an administrativen und finanziellen Aufgaben sowie an der Betreuung von Kunden und Vertr\u00e4gen w\u00e4hrend der Gesch\u00e4ftszeiten haben.<\/p>\n<h2>T\u00e4gliche Aufgaben<\/h2>\n<p>Der\/Die Verwaltungsassistent\/in ist f\u00fcr die Mitarbeit bei administrativen Abl\u00e4ufen zust\u00e4ndig, einschlie\u00dflich der Unterst\u00fctzung in Finanzangelegenheiten und internen Kontrollfragen.<\/p>\n<p>Zu den Aufgaben geh\u00f6ren die Organisation von Dokumenten, die interne Unterst\u00fctzung und die Hilfe bei den Bed\u00fcrfnissen der Verwaltungsabteilung.<\/p>\n<p>Das Vertragsmanagement und die \u00dcberwachung der erbrachten Dienstleistungen geh\u00f6ren ebenfalls zu den Aufgaben.<\/p>\n<p>Die Fachkraft arbeitet w\u00e4hrend der \u00fcblichen Gesch\u00e4ftszeiten und kann Schichten am Vormittag oder Nachmittag \u00fcbernehmen.<\/p>\n<p>Effizienz und Detailgenauigkeit sind f\u00fcr gute Leistungen in dieser Position unerl\u00e4sslich.<\/p>\n<h2>Wichtigste positive Aspekte<\/h2>\n<p>Eine unbefristete Stelle garantiert Stabilit\u00e4t f\u00fcr diejenigen, die in ihrer administrativen Karriere aufsteigen m\u00f6chten.<\/p>\n<p>Das Arbeitsumfeld bietet die M\u00f6glichkeit zum Erfahrungsaustausch mit Fachleuten aus der Branche, was eine Bereicherung f\u00fcr die pers\u00f6nliche Entwicklung darstellt.<\/p>\n<h2>Hauptherausforderungen<\/h2>\n<p>Die Notwendigkeit, Aufgaben aus verschiedenen Abteilungen zu erledigen, kann ein gutes Zeitmanagement erfordern.<\/p>\n<p>Der Verwaltungsaufwand kann zeitweise sehr hoch sein und erfordert daher Organisation.<\/p>\n<h2>Endg\u00fcltiges Urteil<\/h2>\n<p>Diese Position eignet sich hervorragend f\u00fcr alle, die im administrativen Bereich einsteigen oder ihre Karriere fortsetzen m\u00f6chten und dabei Wert auf Stabilit\u00e4t und die Entwicklung vielf\u00e4ltiger F\u00e4higkeiten legen.<\/p>\n<p>Die positiven Aspekte \u00fcberwiegen die Herausforderungen und machen dies zu einer hervorragenden Gelegenheit, Ihre Karriere voranzubringen.<\/p>\n<div style=\"background: #ffffff; border-radius: 12px; box-shadow: 0 10px 30px rgba(0, 0, 0, 0.1); width: 100%; max-width: 340px; padding: 25px; transition: transform 0.3s ease-in-out; overflow: visible; display: flex; flex-direction: column; position: relative; border: 1px solid #28a745; margin-top: 70px; margin-bottom: 50px; margin-left: auto; margin-right: auto;\">\n<div style=\"position: absolute; top: -35px; right: 15px; color: #28a745; padding: 5px 10px; border-radius: 6px; font-size: 14px; font-weight: bold; display: flex; align-items: center; z-index: 10;\">F\u00fcr Sie empfohlen<\/div>\n<div data-namespace-header=\"\" style=\"\">\n<h3 data-namespace-title=\"\" style=\"color: #333; font-size: 20px; font-weight: bold; text-align: left; margin-right: 50px; min-height: 50px; margin-top: 0px;\">Verwaltungsassistent<\/h3>\n<\/p><\/div>\n<p data-namespace-prompt=\"\" style=\"font-size: 16px; color: #666; margin-bottom: 20px; line-height: 1.5; flex-grow: 1; text-align: left; margin-top: 0px;\">Gelegenheit zur Stelle als Verwaltungsassistent\/in, Gehalt nach Vereinbarung, unbefristeter Vertrag, administrative Aufgaben, \u00fcbliche Arbeitszeiten und M\u00f6glichkeit zur beruflichen Weiterentwicklung.<\/p>\n<p>    <a data-namespace-url=\"\" href=\"https:\/\/zonacuriosa.com.br\/de\/redirect\/?https:\/\/www.bne.com.br\/vaga-de-emprego-na-area-administrativo-em-sao-luis-ma\/auxiliar-de-administracao\/3532353?utm_campaign=google_jobs_apply&#038;utm_source=google_jobs_apply&#038;utm_medium=organic\" style=\"width: 100%; display: inline-block; color: white; text-decoration: none; border-radius: 6px; font-size: 16px; font-weight: bold; text-align: center; transition: transform 0.3s ease, background 0.3s ease; margin-top: auto;\" data-namespace-id=\"5c0d2565-3ba9-4280-a382-ad2a691e2285\"><br \/>\n        <button style=\"width: 100%; height: 55px; background: #e9e9ed; border: 1px solid black; color: black;\">Jetzt bewerben<\/button><br \/>\n    <\/a><br \/>\n    <small style=\"margin-top: 10px; color: #777; font-size: 12px; text-align: center; display: block;\">Sie werden auf eine andere Website weitergeleitet.<\/small>\n<\/div>\n<\/div>","protected":false},"excerpt":{"rendered":"<p>Chance auf eine Stelle als Verwaltungsassistent\/in! Stabilit\u00e4t, verhandelbares Gehalt, abwechslungsreiche Arbeitsabl\u00e4ufe und ein Lernumfeld f\u00fcr alle, die im administrativen Bereich Karriere machen wollen.<\/p>","protected":false},"author":113,"featured_media":0,"comment_status":"open","ping_status":"open","sticky":false,"template":"","format":"standard","meta":{"footnotes":""},"categories":[11],"tags":[],"yoast_head":"<!-- This site is optimized with the Yoast SEO plugin v23.3 - https:\/\/yoast.com\/wordpress\/plugins\/seo\/ -->\n<title>Vaga de Auxiliar de Administra\u00e7\u00e3o: destaque para sal\u00e1rio, benef\u00edcios e efetividade - Zona Curiosa<\/title>\n<meta name=\"robots\" content=\"index, follow, max-snippet:-1, max-image-preview:large, max-video-preview:-1\" \/>\n<link rel=\"canonical\" href=\"https:\/\/zonacuriosa.com.br\/de\/38ae0fa3-ccba-4aea-a223-7891006277f6\/\" \/>\n<meta property=\"og:locale\" content=\"de_DE\" \/>\n<meta property=\"og:type\" content=\"article\" \/>\n<meta property=\"og:title\" content=\"Vaga de Auxiliar de Administra\u00e7\u00e3o: destaque para sal\u00e1rio, benef\u00edcios e efetividade - Zona Curiosa\" \/>\n<meta property=\"og:description\" content=\"Oportunidade de Auxiliar de Administra\u00e7\u00e3o! Estabilidade, sal\u00e1rio a combinar, rotina din\u00e2mica e ambiente de aprendizado para quem deseja destaque na \u00e1rea administrativa.\" \/>\n<meta property=\"og:url\" content=\"https:\/\/zonacuriosa.com.br\/de\/38ae0fa3-ccba-4aea-a223-7891006277f6\/\" \/>\n<meta property=\"og:site_name\" content=\"Zona Curiosa\" \/>\n<meta property=\"article:published_time\" content=\"2025-09-24T14:42:00+00:00\" \/>\n<meta property=\"article:modified_time\" content=\"2025-09-24T14:42:32+00:00\" \/>\n<meta name=\"author\" content=\"ederaugusttomuller\" \/>\n<meta name=\"twitter:card\" content=\"summary_large_image\" \/>\n<meta name=\"twitter:label1\" content=\"Written by\" \/>\n\t<meta name=\"twitter:data1\" content=\"ederaugusttomuller\" \/>\n\t<meta name=\"twitter:label2\" content=\"Est. reading time\" \/>\n\t<meta name=\"twitter:data2\" content=\"2 Minuten\" \/>\n<script type=\"application\/ld+json\" class=\"yoast-schema-graph\">{\"@context\":\"https:\/\/schema.org\",\"@graph\":[{\"@type\":\"WebPage\",\"@id\":\"https:\/\/zonacuriosa.com.br\/38ae0fa3-ccba-4aea-a223-7891006277f6\/\",\"url\":\"https:\/\/zonacuriosa.com.br\/38ae0fa3-ccba-4aea-a223-7891006277f6\/\",\"name\":\"Vaga de Auxiliar de Administra\u00e7\u00e3o: destaque para sal\u00e1rio, benef\u00edcios e efetividade - Zona Curiosa\",\"isPartOf\":{\"@id\":\"https:\/\/zonacuriosa.com.br\/#website\"},\"datePublished\":\"2025-09-24T14:42:00+00:00\",\"dateModified\":\"2025-09-24T14:42:32+00:00\",\"author\":{\"@id\":\"https:\/\/zonacuriosa.com.br\/#\/schema\/person\/890d2e5780ff9ae3803551e7f1d7a46d\"},\"breadcrumb\":{\"@id\":\"https:\/\/zonacuriosa.com.br\/38ae0fa3-ccba-4aea-a223-7891006277f6\/#breadcrumb\"},\"inLanguage\":\"de-DE\",\"potentialAction\":[{\"@type\":\"ReadAction\",\"target\":[\"https:\/\/zonacuriosa.com.br\/38ae0fa3-ccba-4aea-a223-7891006277f6\/\"]}]},{\"@type\":\"BreadcrumbList\",\"@id\":\"https:\/\/zonacuriosa.com.br\/38ae0fa3-ccba-4aea-a223-7891006277f6\/#breadcrumb\",\"itemListElement\":[{\"@type\":\"ListItem\",\"position\":1,\"name\":\"Home\",\"item\":\"https:\/\/zonacuriosa.com.br\/\"},{\"@type\":\"ListItem\",\"position\":2,\"name\":\"Vaga de Auxiliar de Administra\u00e7\u00e3o: destaque para sal\u00e1rio, benef\u00edcios e efetividade\"}]},{\"@type\":\"WebSite\",\"@id\":\"https:\/\/zonacuriosa.com.br\/#website\",\"url\":\"https:\/\/zonacuriosa.com.br\/\",\"name\":\"Zona Curiosa\",\"description\":\"\",\"potentialAction\":[{\"@type\":\"SearchAction\",\"target\":{\"@type\":\"EntryPoint\",\"urlTemplate\":\"https:\/\/zonacuriosa.com.br\/?s={search_term_string}\"},\"query-input\":\"required name=search_term_string\"}],\"inLanguage\":\"de-DE\"},{\"@type\":\"Person\",\"@id\":\"https:\/\/zonacuriosa.com.br\/#\/schema\/person\/890d2e5780ff9ae3803551e7f1d7a46d\",\"name\":\"ederaugusttomuller\",\"image\":{\"@type\":\"ImageObject\",\"inLanguage\":\"de-DE\",\"@id\":\"https:\/\/zonacuriosa.com.br\/#\/schema\/person\/image\/\",\"url\":\"https:\/\/secure.gravatar.com\/avatar\/96357ca64e7ff2bf802e5dba125702c6?s=96&d=mm&r=g\",\"contentUrl\":\"https:\/\/secure.gravatar.com\/avatar\/96357ca64e7ff2bf802e5dba125702c6?s=96&d=mm&r=g\",\"caption\":\"ederaugusttomuller\"},\"url\":\"https:\/\/zonacuriosa.com.br\/de\/author\/ederaugusttomuller\/\"}]}<\/script>\n<!-- \/ Yoast SEO plugin. -->","yoast_head_json":{"title":"Vaga de Auxiliar de Administra\u00e7\u00e3o: destaque para sal\u00e1rio, benef\u00edcios e efetividade - Zona Curiosa","robots":{"index":"index","follow":"follow","max-snippet":"max-snippet:-1","max-image-preview":"max-image-preview:large","max-video-preview":"max-video-preview:-1"},"canonical":"https:\/\/zonacuriosa.com.br\/de\/38ae0fa3-ccba-4aea-a223-7891006277f6\/","og_locale":"de_DE","og_type":"article","og_title":"Vaga de Auxiliar de Administra\u00e7\u00e3o: destaque para sal\u00e1rio, benef\u00edcios e efetividade - Zona Curiosa","og_description":"Oportunidade de Auxiliar de Administra\u00e7\u00e3o! Estabilidade, sal\u00e1rio a combinar, rotina din\u00e2mica e ambiente de aprendizado para quem deseja destaque na \u00e1rea administrativa.","og_url":"https:\/\/zonacuriosa.com.br\/de\/38ae0fa3-ccba-4aea-a223-7891006277f6\/","og_site_name":"Zona Curiosa","article_published_time":"2025-09-24T14:42:00+00:00","article_modified_time":"2025-09-24T14:42:32+00:00","author":"ederaugusttomuller","twitter_card":"summary_large_image","twitter_misc":{"Written by":"ederaugusttomuller","Est. reading time":"2 Minuten"},"schema":{"@context":"https:\/\/schema.org","@graph":[{"@type":"WebPage","@id":"https:\/\/zonacuriosa.com.br\/38ae0fa3-ccba-4aea-a223-7891006277f6\/","url":"https:\/\/zonacuriosa.com.br\/38ae0fa3-ccba-4aea-a223-7891006277f6\/","name":"Vaga de Auxiliar de Administra\u00e7\u00e3o: destaque para sal\u00e1rio, benef\u00edcios e efetividade - Zona Curiosa","isPartOf":{"@id":"https:\/\/zonacuriosa.com.br\/#website"},"datePublished":"2025-09-24T14:42:00+00:00","dateModified":"2025-09-24T14:42:32+00:00","author":{"@id":"https:\/\/zonacuriosa.com.br\/#\/schema\/person\/890d2e5780ff9ae3803551e7f1d7a46d"},"breadcrumb":{"@id":"https:\/\/zonacuriosa.com.br\/38ae0fa3-ccba-4aea-a223-7891006277f6\/#breadcrumb"},"inLanguage":"de-DE","potentialAction":[{"@type":"ReadAction","target":["https:\/\/zonacuriosa.com.br\/38ae0fa3-ccba-4aea-a223-7891006277f6\/"]}]},{"@type":"BreadcrumbList","@id":"https:\/\/zonacuriosa.com.br\/38ae0fa3-ccba-4aea-a223-7891006277f6\/#breadcrumb","itemListElement":[{"@type":"ListItem","position":1,"name":"Home","item":"https:\/\/zonacuriosa.com.br\/"},{"@type":"ListItem","position":2,"name":"Vaga de Auxiliar de Administra\u00e7\u00e3o: destaque para sal\u00e1rio, benef\u00edcios e efetividade"}]},{"@type":"WebSite","@id":"https:\/\/zonacuriosa.com.br\/#website","url":"https:\/\/zonacuriosa.com.br\/","name":"Zona Curiosa","description":"","potentialAction":[{"@type":"SearchAction","target":{"@type":"EntryPoint","urlTemplate":"https:\/\/zonacuriosa.com.br\/?s={search_term_string}"},"query-input":"required name=search_term_string"}],"inLanguage":"de-DE"},{"@type":"Person","@id":"https:\/\/zonacuriosa.com.br\/#\/schema\/person\/890d2e5780ff9ae3803551e7f1d7a46d","name":"ederaugusttomuller","image":{"@type":"ImageObject","inLanguage":"de-DE","@id":"https:\/\/zonacuriosa.com.br\/#\/schema\/person\/image\/","url":"https:\/\/secure.gravatar.com\/avatar\/96357ca64e7ff2bf802e5dba125702c6?s=96&d=mm&r=g","contentUrl":"https:\/\/secure.gravatar.com\/avatar\/96357ca64e7ff2bf802e5dba125702c6?s=96&d=mm&r=g","caption":"ederaugusttomuller"},"url":"https:\/\/zonacuriosa.com.br\/de\/author\/ederaugusttomuller\/"}]}},"_links":{"self":[{"href":"https:\/\/zonacuriosa.com.br\/de\/wp-json\/wp\/v2\/posts\/36639"}],"collection":[{"href":"https:\/\/zonacuriosa.com.br\/de\/wp-json\/wp\/v2\/posts"}],"about":[{"href":"https:\/\/zonacuriosa.com.br\/de\/wp-json\/wp\/v2\/types\/post"}],"author":[{"embeddable":true,"href":"https:\/\/zonacuriosa.com.br\/de\/wp-json\/wp\/v2\/users\/113"}],"replies":[{"embeddable":true,"href":"https:\/\/zonacuriosa.com.br\/de\/wp-json\/wp\/v2\/comments?post=36639"}],"version-history":[{"count":1,"href":"https:\/\/zonacuriosa.com.br\/de\/wp-json\/wp\/v2\/posts\/36639\/revisions"}],"predecessor-version":[{"id":36656,"href":"https:\/\/zonacuriosa.com.br\/de\/wp-json\/wp\/v2\/posts\/36639\/revisions\/36656"}],"wp:attachment":[{"href":"https:\/\/zonacuriosa.com.br\/de\/wp-json\/wp\/v2\/media?parent=36639"}],"wp:term":[{"taxonomy":"category","embeddable":true,"href":"https:\/\/zonacuriosa.com.br\/de\/wp-json\/wp\/v2\/categories?post=36639"},{"taxonomy":"post_tag","embeddable":true,"href":"https:\/\/zonacuriosa.com.br\/de\/wp-json\/wp\/v2\/tags?post=36639"}],"curies":[{"name":"wp","href":"https:\/\/api.w.org\/{rel}","templated":true}]}}