{"id":36636,"date":"2025-09-24T14:41:00","date_gmt":"2025-09-24T14:41:00","guid":{"rendered":"https:\/\/zonacuriosa.com.br\/3cb9724e-e380-4f84-9d33-812db59b14f2\/"},"modified":"2025-09-24T14:41:05","modified_gmt":"2025-09-24T14:41:05","slug":"3cb9724e-e380-4f84-9d33-812db59b14f2","status":"publish","type":"post","link":"https:\/\/zonacuriosa.com.br\/de\/3cb9724e-e380-4f84-9d33-812db59b14f2\/","title":{"rendered":"Stelle als Privatfahrer \u2013 Hohes Gehalt, CLT-Vertrag (brasilianisches Arbeitsrecht) und Zusatzleistungen."},"content":{"rendered":"<div class=\"mx-5 sm:mx-0 prose text-left mb-5\">\n<\/p>\n<div style=\"background: #ffffff; border-radius: 12px; box-shadow: 0 10px 30px rgba(0, 0, 0, 0.1); width: 100%; max-width: 340px; padding: 25px; transition: transform 0.3s ease-in-out; overflow: visible; display: flex; flex-direction: column; position: relative; border: 1px solid #28a745; margin-top: 70px; margin-bottom: 50px; margin-left: auto; margin-right: auto;\">\n<div style=\"position: absolute; top: -35px; right: 15px; color: #28a745; padding: 5px 10px; border-radius: 6px; font-size: 14px; font-weight: bold; display: flex; align-items: center; z-index: 10;\">F\u00fcr Sie empfohlen<\/div>\n<div data-namespace-header=\"\" style=\"\">\n<h3 data-namespace-title=\"\" style=\"color: #333; font-size: 20px; font-weight: bold; text-align: left; margin-right: 50px; min-height: 50px; margin-top: 0px;\">Privatfahrer<\/h3>\n<\/p><\/div>\n<p data-namespace-prompt=\"\" style=\"font-size: 16px; color: #666; margin-bottom: 20px; line-height: 1.5; flex-grow: 1; text-align: left; margin-top: 0px;\">Arbeiten Sie als Privatfahrer gem\u00e4\u00df brasilianischem Arbeitsrecht (CLT). Attraktives Gehalt, Zusatzleistungen wie Verpflegungs- und Fahrtkostenzuschuss. F\u00fchrerschein Klasse B erforderlich. Hervorragende Gelegenheit f\u00fcr engagierte Fachkr\u00e4fte.<\/p>\n<p>    <a data-namespace-url=\"\" href=\"https:\/\/zonacuriosa.com.br\/de\/redirect\/?https:\/\/www.bne.com.br\/vaga-de-emprego-na-area-logistica-em-sao-luis-ma\/motorista-particular\/3536682?utm_campaign=google_jobs_apply&#038;utm_source=google_jobs_apply&#038;utm_medium=organic\" style=\"width: 100%; display: inline-block; color: white; text-decoration: none; border-radius: 6px; font-size: 16px; font-weight: bold; text-align: center; transition: transform 0.3s ease, background 0.3s ease; margin-top: auto;\" data-namespace-id=\"5c0d2565-3ba9-4280-a382-ad2a691e2285\"><br \/>\n        <button style=\"width: 100%; height: 55px; background: #e9e9ed; border: 1px solid black; color: black;\">Jetzt bewerben<\/button><br \/>\n    <\/a><br \/>\n    <small style=\"margin-top: 10px; color: #777; font-size: 12px; text-align: center; display: block;\">Sie werden auf eine andere Website weitergeleitet.<\/small>\n<\/div>\n<p>Wir suchen einen Privatfahrer mit attraktiven Konditionen, insbesondere einem Monatsgehalt von 4.745,00 R$, einer unbefristeten Anstellung nach brasilianischem Arbeitsrecht (CLT) und umfangreichen Zusatzleistungen. Dazu geh\u00f6ren ein t\u00e4glicher Verpflegungszuschuss von 25 R$ und garantierte Bef\u00f6rderung. Voraussetzung ist ein nationaler F\u00fchrerschein der Klasse B oder h\u00f6her sowie Erfahrung im Fahren von Fahrzeugen mit Automatikgetriebe.<\/p>\n<p>Die w\u00f6chentliche Arbeitszeit betr\u00e4gt 44 Stunden und bietet dem Mitarbeiter Stabilit\u00e4t und einen planbaren Arbeitsalltag. Es wird ein unbefristeter Arbeitsvertrag mit umfassenden Arbeitnehmerrechten angeboten. Das Arbeitsumfeld ist im Logistiksektor angesiedelt und bietet Entwicklungsm\u00f6glichkeiten f\u00fcr alle, die verantwortungsbewusst und sicher arbeiten m\u00f6chten.<\/p>\n<h2>Hauptaufgaben und Arbeitsablauf der Position<\/h2>\n<p>Ein privater Fahrer ist t\u00e4glich f\u00fcr den sicheren Transport der Fahrg\u00e4ste verantwortlich und gew\u00e4hrleistet P\u00fcnktlichkeit und Diskretion. Er ist au\u00dferdem f\u00fcr die Sauberkeit und Instandhaltung des Fahrzeugs zust\u00e4ndig, das f\u00fcr die Fahrten genutzt wird.<\/p>\n<p>Au\u00dferdem ist es unerl\u00e4sslich, die Fahrzeugpapiere stets aktuell zu halten und die gefahrenen Strecken zu dokumentieren. Flexibilit\u00e4t und die Anpassung an unvorhergesehene Umst\u00e4nde geh\u00f6ren zum Alltag.<\/p>\n<p>Der\/Die Mitarbeiter\/in muss die F\u00e4higkeit nachweisen, vorgegebene Routen einzuhalten, die Sicherheit der Anwesenden zu gew\u00e4hrleisten und gute zwischenmenschliche Beziehungen zu pflegen. Grundkenntnisse in der vorbeugenden Instandhaltung sind von Vorteil.<\/p>\n<h2>Positive Aspekte der Stellenausschreibung<\/h2>\n<p>Einer der gr\u00f6\u00dften Vorteile ist das \u00fcberdurchschnittliche Gehalt f\u00fcr diese Position, verbunden mit einem festen Arbeitsvertrag und Arbeitsplatzsicherheit. Das attraktive Leistungspaket macht die Stelle besonders reizvoll und bietet dem\/der Berufst\u00e4tigen mehr finanzielle Sicherheit.<\/p>\n<p>Ein weiterer interessanter Aspekt ist der klar definierte Arbeitsablauf mit festen und planbaren Arbeitszeiten, der die Selbstorganisation der Mitarbeiter erleichtert. Zudem bietet sich die M\u00f6glichkeit zum Lernen und zur beruflichen Weiterentwicklung.<\/p>\n<h2>Herausforderungen und wichtige \u00dcberlegungen<\/h2>\n<p>Zu den Punkten, die Beachtung verdienen, geh\u00f6rt die erforderliche Kenntnis von Automatikfahrzeugen, was weniger erfahrene Bewerber einschr\u00e4nken k\u00f6nnte. Flexible Arbeitszeiten sind unter Umst\u00e4nden f\u00fcr besondere Bed\u00fcrfnisse m\u00f6glich, erfordern jedoch Eigeninitiative.<\/p>\n<p>Professionelles Auftreten, Diskretion und die Einhaltung der Vorgaben des Arbeitgebers sind unerl\u00e4sslich, und die Leistung wird fortlaufend \u00fcberwacht. Verantwortungsvoller Umgang mit fremdem Eigentum ist ebenfalls entscheidend f\u00fcr den Erfolg in dieser Position.<\/p>\n<h2>Endg\u00fcltiges Urteil<\/h2>\n<p>Angesichts des Gehalts, der Zusatzleistungen und der angebotenen Struktur ist die Position als Privatfahrer ideal f\u00fcr Berufst\u00e4tige, die Stabilit\u00e4t und Anerkennung auf dem Arbeitsmarkt suchen, und zeichnet sich durch ihre wettbewerbsorientierten Bedingungen aus.<\/p>\n<div style=\"background: #ffffff; border-radius: 12px; box-shadow: 0 10px 30px rgba(0, 0, 0, 0.1); width: 100%; max-width: 340px; padding: 25px; transition: transform 0.3s ease-in-out; overflow: visible; display: flex; flex-direction: column; position: relative; border: 1px solid #28a745; margin-top: 70px; margin-bottom: 50px; margin-left: auto; margin-right: auto;\">\n<div style=\"position: absolute; top: -35px; right: 15px; color: #28a745; padding: 5px 10px; border-radius: 6px; font-size: 14px; font-weight: bold; display: flex; align-items: center; z-index: 10;\">F\u00fcr Sie empfohlen<\/div>\n<div data-namespace-header=\"\" style=\"\">\n<h3 data-namespace-title=\"\" style=\"color: #333; font-size: 20px; font-weight: bold; text-align: left; margin-right: 50px; min-height: 50px; margin-top: 0px;\">Privatfahrer<\/h3>\n<\/p><\/div>\n<p data-namespace-prompt=\"\" style=\"font-size: 16px; color: #666; margin-bottom: 20px; line-height: 1.5; flex-grow: 1; text-align: left; margin-top: 0px;\">Arbeiten Sie als Privatfahrer gem\u00e4\u00df brasilianischem Arbeitsrecht (CLT). Attraktives Gehalt, Zusatzleistungen wie Verpflegungs- und Fahrtkostenzuschuss. F\u00fchrerschein Klasse B erforderlich. Hervorragende Gelegenheit f\u00fcr engagierte Fachkr\u00e4fte.<\/p>\n<p>    <a data-namespace-url=\"\" href=\"https:\/\/zonacuriosa.com.br\/de\/redirect\/?https:\/\/www.bne.com.br\/vaga-de-emprego-na-area-logistica-em-sao-luis-ma\/motorista-particular\/3536682?utm_campaign=google_jobs_apply&#038;utm_source=google_jobs_apply&#038;utm_medium=organic\" style=\"width: 100%; display: inline-block; color: white; text-decoration: none; border-radius: 6px; font-size: 16px; font-weight: bold; text-align: center; transition: transform 0.3s ease, background 0.3s ease; margin-top: auto;\" data-namespace-id=\"5c0d2565-3ba9-4280-a382-ad2a691e2285\"><br \/>\n        <button style=\"width: 100%; height: 55px; background: #e9e9ed; border: 1px solid black; color: black;\">Jetzt bewerben<\/button><br \/>\n    <\/a><br \/>\n    <small style=\"margin-top: 10px; color: #777; font-size: 12px; text-align: center; display: block;\">Sie werden auf eine andere Website weitergeleitet.<\/small>\n<\/div>\n<\/div>","protected":false},"excerpt":{"rendered":"<p>Entdecken Sie die Stelle als Privatfahrer mit einem Gehalt von 1.745,00 R$, attraktiven Sozialleistungen, einem CLT-Vertrag und einem sicheren Arbeitsplatz. Finden Sie heraus, ob dieses Profil zu Ihnen passt und heben Sie sich von anderen Bewerbern ab!<\/p>","protected":false},"author":113,"featured_media":0,"comment_status":"open","ping_status":"open","sticky":false,"template":"","format":"standard","meta":{"footnotes":""},"categories":[11],"tags":[],"yoast_head":"<!-- This site is optimized with the Yoast SEO plugin v23.3 - https:\/\/yoast.com\/wordpress\/plugins\/seo\/ -->\n<title>Vaga de Motorista Particular \u2013 Sal\u00e1rio alto, CLT e benef\u00edcios - Zona Curiosa<\/title>\n<meta name=\"robots\" content=\"index, follow, max-snippet:-1, max-image-preview:large, max-video-preview:-1\" \/>\n<link rel=\"canonical\" href=\"https:\/\/zonacuriosa.com.br\/de\/3cb9724e-e380-4f84-9d33-812db59b14f2\/\" \/>\n<meta property=\"og:locale\" content=\"de_DE\" \/>\n<meta property=\"og:type\" content=\"article\" \/>\n<meta property=\"og:title\" content=\"Vaga de Motorista Particular \u2013 Sal\u00e1rio alto, CLT e benef\u00edcios - Zona Curiosa\" \/>\n<meta property=\"og:description\" content=\"Descubra a vaga de Motorista Particular com sal\u00e1rio de R$4.745,00, benef\u00edcios, contrata\u00e7\u00e3o CLT e estabilidade. Veja se esse perfil combina com voc\u00ea e destaque-se no mercado de trabalho!\" \/>\n<meta property=\"og:url\" content=\"https:\/\/zonacuriosa.com.br\/de\/3cb9724e-e380-4f84-9d33-812db59b14f2\/\" \/>\n<meta property=\"og:site_name\" content=\"Zona Curiosa\" \/>\n<meta property=\"article:published_time\" content=\"2025-09-24T14:41:00+00:00\" \/>\n<meta property=\"article:modified_time\" content=\"2025-09-24T14:41:05+00:00\" \/>\n<meta name=\"author\" content=\"ederaugusttomuller\" \/>\n<meta name=\"twitter:card\" content=\"summary_large_image\" \/>\n<meta name=\"twitter:label1\" content=\"Written by\" \/>\n\t<meta name=\"twitter:data1\" content=\"ederaugusttomuller\" \/>\n\t<meta name=\"twitter:label2\" content=\"Est. reading time\" \/>\n\t<meta name=\"twitter:data2\" content=\"2 Minuten\" \/>\n<script type=\"application\/ld+json\" class=\"yoast-schema-graph\">{\"@context\":\"https:\/\/schema.org\",\"@graph\":[{\"@type\":\"WebPage\",\"@id\":\"https:\/\/zonacuriosa.com.br\/3cb9724e-e380-4f84-9d33-812db59b14f2\/\",\"url\":\"https:\/\/zonacuriosa.com.br\/3cb9724e-e380-4f84-9d33-812db59b14f2\/\",\"name\":\"Vaga de Motorista Particular \u2013 Sal\u00e1rio alto, CLT e benef\u00edcios - Zona Curiosa\",\"isPartOf\":{\"@id\":\"https:\/\/zonacuriosa.com.br\/#website\"},\"datePublished\":\"2025-09-24T14:41:00+00:00\",\"dateModified\":\"2025-09-24T14:41:05+00:00\",\"author\":{\"@id\":\"https:\/\/zonacuriosa.com.br\/#\/schema\/person\/890d2e5780ff9ae3803551e7f1d7a46d\"},\"breadcrumb\":{\"@id\":\"https:\/\/zonacuriosa.com.br\/3cb9724e-e380-4f84-9d33-812db59b14f2\/#breadcrumb\"},\"inLanguage\":\"de-DE\",\"potentialAction\":[{\"@type\":\"ReadAction\",\"target\":[\"https:\/\/zonacuriosa.com.br\/3cb9724e-e380-4f84-9d33-812db59b14f2\/\"]}]},{\"@type\":\"BreadcrumbList\",\"@id\":\"https:\/\/zonacuriosa.com.br\/3cb9724e-e380-4f84-9d33-812db59b14f2\/#breadcrumb\",\"itemListElement\":[{\"@type\":\"ListItem\",\"position\":1,\"name\":\"Home\",\"item\":\"https:\/\/zonacuriosa.com.br\/\"},{\"@type\":\"ListItem\",\"position\":2,\"name\":\"Vaga de Motorista Particular \u2013 Sal\u00e1rio alto, CLT e benef\u00edcios\"}]},{\"@type\":\"WebSite\",\"@id\":\"https:\/\/zonacuriosa.com.br\/#website\",\"url\":\"https:\/\/zonacuriosa.com.br\/\",\"name\":\"Zona Curiosa\",\"description\":\"\",\"potentialAction\":[{\"@type\":\"SearchAction\",\"target\":{\"@type\":\"EntryPoint\",\"urlTemplate\":\"https:\/\/zonacuriosa.com.br\/?s={search_term_string}\"},\"query-input\":\"required name=search_term_string\"}],\"inLanguage\":\"de-DE\"},{\"@type\":\"Person\",\"@id\":\"https:\/\/zonacuriosa.com.br\/#\/schema\/person\/890d2e5780ff9ae3803551e7f1d7a46d\",\"name\":\"ederaugusttomuller\",\"image\":{\"@type\":\"ImageObject\",\"inLanguage\":\"de-DE\",\"@id\":\"https:\/\/zonacuriosa.com.br\/#\/schema\/person\/image\/\",\"url\":\"https:\/\/secure.gravatar.com\/avatar\/96357ca64e7ff2bf802e5dba125702c6?s=96&d=mm&r=g\",\"contentUrl\":\"https:\/\/secure.gravatar.com\/avatar\/96357ca64e7ff2bf802e5dba125702c6?s=96&d=mm&r=g\",\"caption\":\"ederaugusttomuller\"},\"url\":\"https:\/\/zonacuriosa.com.br\/de\/author\/ederaugusttomuller\/\"}]}<\/script>\n<!-- \/ Yoast SEO plugin. -->","yoast_head_json":{"title":"Vaga de Motorista Particular \u2013 Sal\u00e1rio alto, CLT e benef\u00edcios - Zona Curiosa","robots":{"index":"index","follow":"follow","max-snippet":"max-snippet:-1","max-image-preview":"max-image-preview:large","max-video-preview":"max-video-preview:-1"},"canonical":"https:\/\/zonacuriosa.com.br\/de\/3cb9724e-e380-4f84-9d33-812db59b14f2\/","og_locale":"de_DE","og_type":"article","og_title":"Vaga de Motorista Particular \u2013 Sal\u00e1rio alto, CLT e benef\u00edcios - Zona Curiosa","og_description":"Descubra a vaga de Motorista Particular com sal\u00e1rio de R$4.745,00, benef\u00edcios, contrata\u00e7\u00e3o CLT e estabilidade. Veja se esse perfil combina com voc\u00ea e destaque-se no mercado de trabalho!","og_url":"https:\/\/zonacuriosa.com.br\/de\/3cb9724e-e380-4f84-9d33-812db59b14f2\/","og_site_name":"Zona Curiosa","article_published_time":"2025-09-24T14:41:00+00:00","article_modified_time":"2025-09-24T14:41:05+00:00","author":"ederaugusttomuller","twitter_card":"summary_large_image","twitter_misc":{"Written by":"ederaugusttomuller","Est. reading time":"2 Minuten"},"schema":{"@context":"https:\/\/schema.org","@graph":[{"@type":"WebPage","@id":"https:\/\/zonacuriosa.com.br\/3cb9724e-e380-4f84-9d33-812db59b14f2\/","url":"https:\/\/zonacuriosa.com.br\/3cb9724e-e380-4f84-9d33-812db59b14f2\/","name":"Vaga de Motorista Particular \u2013 Sal\u00e1rio alto, CLT e benef\u00edcios - Zona Curiosa","isPartOf":{"@id":"https:\/\/zonacuriosa.com.br\/#website"},"datePublished":"2025-09-24T14:41:00+00:00","dateModified":"2025-09-24T14:41:05+00:00","author":{"@id":"https:\/\/zonacuriosa.com.br\/#\/schema\/person\/890d2e5780ff9ae3803551e7f1d7a46d"},"breadcrumb":{"@id":"https:\/\/zonacuriosa.com.br\/3cb9724e-e380-4f84-9d33-812db59b14f2\/#breadcrumb"},"inLanguage":"de-DE","potentialAction":[{"@type":"ReadAction","target":["https:\/\/zonacuriosa.com.br\/3cb9724e-e380-4f84-9d33-812db59b14f2\/"]}]},{"@type":"BreadcrumbList","@id":"https:\/\/zonacuriosa.com.br\/3cb9724e-e380-4f84-9d33-812db59b14f2\/#breadcrumb","itemListElement":[{"@type":"ListItem","position":1,"name":"Home","item":"https:\/\/zonacuriosa.com.br\/"},{"@type":"ListItem","position":2,"name":"Vaga de Motorista Particular \u2013 Sal\u00e1rio alto, CLT e benef\u00edcios"}]},{"@type":"WebSite","@id":"https:\/\/zonacuriosa.com.br\/#website","url":"https:\/\/zonacuriosa.com.br\/","name":"Zona Curiosa","description":"","potentialAction":[{"@type":"SearchAction","target":{"@type":"EntryPoint","urlTemplate":"https:\/\/zonacuriosa.com.br\/?s={search_term_string}"},"query-input":"required name=search_term_string"}],"inLanguage":"de-DE"},{"@type":"Person","@id":"https:\/\/zonacuriosa.com.br\/#\/schema\/person\/890d2e5780ff9ae3803551e7f1d7a46d","name":"ederaugusttomuller","image":{"@type":"ImageObject","inLanguage":"de-DE","@id":"https:\/\/zonacuriosa.com.br\/#\/schema\/person\/image\/","url":"https:\/\/secure.gravatar.com\/avatar\/96357ca64e7ff2bf802e5dba125702c6?s=96&d=mm&r=g","contentUrl":"https:\/\/secure.gravatar.com\/avatar\/96357ca64e7ff2bf802e5dba125702c6?s=96&d=mm&r=g","caption":"ederaugusttomuller"},"url":"https:\/\/zonacuriosa.com.br\/de\/author\/ederaugusttomuller\/"}]}},"_links":{"self":[{"href":"https:\/\/zonacuriosa.com.br\/de\/wp-json\/wp\/v2\/posts\/36636"}],"collection":[{"href":"https:\/\/zonacuriosa.com.br\/de\/wp-json\/wp\/v2\/posts"}],"about":[{"href":"https:\/\/zonacuriosa.com.br\/de\/wp-json\/wp\/v2\/types\/post"}],"author":[{"embeddable":true,"href":"https:\/\/zonacuriosa.com.br\/de\/wp-json\/wp\/v2\/users\/113"}],"replies":[{"embeddable":true,"href":"https:\/\/zonacuriosa.com.br\/de\/wp-json\/wp\/v2\/comments?post=36636"}],"version-history":[{"count":1,"href":"https:\/\/zonacuriosa.com.br\/de\/wp-json\/wp\/v2\/posts\/36636\/revisions"}],"predecessor-version":[{"id":36652,"href":"https:\/\/zonacuriosa.com.br\/de\/wp-json\/wp\/v2\/posts\/36636\/revisions\/36652"}],"wp:attachment":[{"href":"https:\/\/zonacuriosa.com.br\/de\/wp-json\/wp\/v2\/media?parent=36636"}],"wp:term":[{"taxonomy":"category","embeddable":true,"href":"https:\/\/zonacuriosa.com.br\/de\/wp-json\/wp\/v2\/categories?post=36636"},{"taxonomy":"post_tag","embeddable":true,"href":"https:\/\/zonacuriosa.com.br\/de\/wp-json\/wp\/v2\/tags?post=36636"}],"curies":[{"name":"wp","href":"https:\/\/api.w.org\/{rel}","templated":true}]}}