{"id":36554,"date":"2025-09-24T04:52:00","date_gmt":"2025-09-24T04:52:00","guid":{"rendered":"https:\/\/zonacuriosa.com.br\/14a74bc2-e51e-4780-81cd-398a60c00972\/"},"modified":"2025-09-24T04:52:09","modified_gmt":"2025-09-24T04:52:09","slug":"14a74bc2-e51e-4780-81cd-398a60c00972","status":"publish","type":"post","link":"https:\/\/zonacuriosa.com.br\/de\/14a74bc2-e51e-4780-81cd-398a60c00972\/","title":{"rendered":"Stellenangebot f\u00fcr Lagerauff\u00fcller \u2013 Organisation und Verantwortung im Fokus"},"content":{"rendered":"<div class=\"mx-5 sm:mx-0 prose text-left mb-5\">\n<\/p>\n<div style=\"background: #ffffff; border-radius: 12px; box-shadow: 0 10px 30px rgba(0, 0, 0, 0.1); width: 100%; max-width: 340px; padding: 25px; transition: transform 0.3s ease-in-out; overflow: visible; display: flex; flex-direction: column; position: relative; border: 1px solid #28a745; margin-top: 70px; margin-bottom: 50px; margin-left: auto; margin-right: auto;\">\n<div style=\"position: absolute; top: -35px; right: 15px; color: #28a745; padding: 5px 10px; border-radius: 6px; font-size: 14px; font-weight: bold; display: flex; align-items: center; z-index: 10;\">F\u00fcr Sie empfohlen<\/div>\n<div data-namespace-header=\"\" style=\"\">\n<h3 data-namespace-title=\"\" style=\"color: #333; font-size: 20px; font-weight: bold; text-align: left; margin-right: 50px; min-height: 50px; margin-top: 0px;\">Warenauff\u00fcller<\/h3>\n<\/p><\/div>\n<p data-namespace-prompt=\"\" style=\"font-size: 16px; color: #666; margin-bottom: 20px; line-height: 1.5; flex-grow: 1; text-align: left; margin-top: 0px;\">Chance f\u00fcr organisierte und flexible Fachkr\u00e4fte, die eine Festanstellung suchen. Erfahrung im Bereich Warenverr\u00e4umung ist von Vorteil. Gehalt und Sozialleistungen werden individuell besprochen.<\/p>\n<p>    <a data-namespace-url=\"\" href=\"https:\/\/zonacuriosa.com.br\/de\/redirect\/?https:\/\/www.bne.com.br\/vaga-de-emprego-na-area-comercio-em-lauro-de-freitas-ba\/repositor-de-mercadorias\/5053777?utm_campaign=google_jobs_apply&#038;utm_source=google_jobs_apply&#038;utm_medium=organic\" style=\"width: 100%; display: inline-block; color: white; text-decoration: none; border-radius: 6px; font-size: 16px; font-weight: bold; text-align: center; transition: transform 0.3s ease, background 0.3s ease; margin-top: auto;\" data-namespace-id=\"5c0d2565-3ba9-4280-a382-ad2a691e2285\"><br \/>\n        <button style=\"width: 100%; height: 55px; background: #e9e9ed; border: 1px solid black; color: black;\">Jetzt bewerben<\/button><br \/>\n    <\/a><br \/>\n    <small style=\"margin-top: 10px; color: #777; font-size: 12px; text-align: center; display: block;\">Sie werden auf eine andere Website weitergeleitet.<\/small>\n<\/div>\n<p>Die Stelle als Warenauff\u00fcller bei Outlet da Construcao ist ideal f\u00fcr alle, die Organisation und Verantwortungsbewusstsein sch\u00e4tzen. Es handelt sich um eine unbefristete Anstellung mit Arbeitsplatzsicherheit.<\/p>\n<p>In diesem Fall ist im Angebot kein festes Gehalt angegeben \u2013 das Gehalt ist verhandelbar. Ebenso fehlen Angaben zu Zusatzleistungen, die im Auswahlprozess ein wichtiger Diskussionspunkt sein k\u00f6nnten.<\/p>\n<p>Der ideale Kandidat ist flexibel, verantwortungsbewusst und proaktiv. Erfahrung im Bereich Warenauff\u00fcllung ist im Auswahlprozess von Vorteil.<\/p>\n<p>Die T\u00e4tigkeit als Lagerist\/in erfordert, dass das Gesch\u00e4ft oder Lager stets ordentlich gef\u00fchrt wird, die Regale bedarfsgerecht aufgef\u00fcllt werden und die Unternehmensstandards eingehalten werden. Sorgf\u00e4ltiges Arbeiten ist dabei unerl\u00e4sslich.<\/p>\n<h2>Hauptt\u00e4tigkeiten des Tages<\/h2>\n<p>Der Lagerist beginnt seine T\u00e4tigkeit damit, sicherzustellen, dass die Produkte gem\u00e4\u00df den Anweisungen des Managements stets verf\u00fcgbar und f\u00fcr die Kunden sichtbar sind.<\/p>\n<p>Dar\u00fcber hinaus k\u00fcmmert es sich um die Organisation der Regale und Etiketten, die Beachtung der Verfallsdaten, um Verluste zu vermeiden und die Gesundheits- und Sicherheitsstandards einzuhalten.<\/p>\n<p>Der Fachmann muss beim Wareneingang aufmerksam sein und die Menge und Qualit\u00e4t der erhaltenen Artikel \u00fcberpr\u00fcfen.<\/p>\n<p>Es geh\u00f6rt zum Arbeitsalltag, Fehlbest\u00e4nde zu erfassen und dem zust\u00e4ndigen Team mitzuteilen, damit eine ordnungsgem\u00e4\u00dfe Logistikplanung erfolgen kann.<\/p>\n<p>Schlie\u00dflich arbeitet er mit Kollegen zusammen, um ein gesundes und produktives Arbeitsumfeld zu schaffen und so zum reibungslosen Ablauf im gesamten Gesch\u00e4ft beizutragen.<\/p>\n<h2>Positive Aspekte der Stellenausschreibung<\/h2>\n<p>Der erste gro\u00dfe Vorteil ist die M\u00f6glichkeit einer Festanstellung, was von denjenigen, die auf der Suche nach Arbeitsplatzsicherheit sind, besonders in diesem Marktsegment sehr gesch\u00e4tzt wird.<\/p>\n<p>Ein weiterer Vorteil ist, dass kein bestimmter Studienabschluss erforderlich ist; Vorkenntnisse und soziale Kompetenzen gen\u00fcgen, wodurch die M\u00f6glichkeit f\u00fcr viele zug\u00e4nglich wird.<\/p>\n<p>Dar\u00fcber hinaus bietet diese Stelle allen, die ihren Lebenslauf aufwerten und ihre Erfahrung erweitern m\u00f6chten, die M\u00f6glichkeit, den t\u00e4glichen Betrieb des Einzelhandels kennenzulernen und direkten Kontakt zu Produkten und Kunden zu haben.<\/p>\n<h2>Wichtige Punkte, die Sie bei der Stellenausschreibung beachten sollten.<\/h2>\n<p>Zum einen kann der Mangel an detaillierten Informationen \u00fcber Gehalt und Zusatzleistungen im Vorfeld es dem Kandidaten erschweren, eine erste Entscheidung zu treffen.<\/p>\n<p>Auch f\u00fcr diejenigen, die eine Stelle mit flexiblen oder festen Arbeitszeiten suchen, kann dies eine Herausforderung darstellen, da der Einzelhandel oft eine hohe Verf\u00fcgbarkeit erfordert.<\/p>\n<h2>Endg\u00fcltiges Urteil<\/h2>\n<p>Im Hinblick auf den Gesamtkontext stellt die Position eine echte Chance dar, die F\u00e4higkeiten erfordert, die in der Branche stark nachgefragt werden, wie etwa Organisationstalent und Verantwortungsbewusstsein.<\/p>\n<p>Es wird empfohlen f\u00fcr Fachkr\u00e4fte, die Stabilit\u00e4t suchen und in den Einzelhandel einsteigen oder dort verbleiben m\u00f6chten, mit M\u00f6glichkeiten zur beruflichen Weiterentwicklung.<\/p>\n<div style=\"background: #ffffff; border-radius: 12px; box-shadow: 0 10px 30px rgba(0, 0, 0, 0.1); width: 100%; max-width: 340px; padding: 25px; transition: transform 0.3s ease-in-out; overflow: visible; display: flex; flex-direction: column; position: relative; border: 1px solid #28a745; margin-top: 70px; margin-bottom: 50px; margin-left: auto; margin-right: auto;\">\n<div style=\"position: absolute; top: -35px; right: 15px; color: #28a745; padding: 5px 10px; border-radius: 6px; font-size: 14px; font-weight: bold; display: flex; align-items: center; z-index: 10;\">F\u00fcr Sie empfohlen<\/div>\n<div data-namespace-header=\"\" style=\"\">\n<h3 data-namespace-title=\"\" style=\"color: #333; font-size: 20px; font-weight: bold; text-align: left; margin-right: 50px; min-height: 50px; margin-top: 0px;\">Warenauff\u00fcller<\/h3>\n<\/p><\/div>\n<p data-namespace-prompt=\"\" style=\"font-size: 16px; color: #666; margin-bottom: 20px; line-height: 1.5; flex-grow: 1; text-align: left; margin-top: 0px;\">Chance f\u00fcr organisierte und flexible Fachkr\u00e4fte, die eine Festanstellung suchen. Erfahrung im Bereich Warenverr\u00e4umung ist von Vorteil. Gehalt und Sozialleistungen werden individuell besprochen.<\/p>\n<p>    <a data-namespace-url=\"\" href=\"https:\/\/zonacuriosa.com.br\/de\/redirect\/?https:\/\/www.bne.com.br\/vaga-de-emprego-na-area-comercio-em-lauro-de-freitas-ba\/repositor-de-mercadorias\/5053777?utm_campaign=google_jobs_apply&#038;utm_source=google_jobs_apply&#038;utm_medium=organic\" style=\"width: 100%; display: inline-block; color: white; text-decoration: none; border-radius: 6px; font-size: 16px; font-weight: bold; text-align: center; transition: transform 0.3s ease, background 0.3s ease; margin-top: auto;\" data-namespace-id=\"5c0d2565-3ba9-4280-a382-ad2a691e2285\"><br \/>\n        <button style=\"width: 100%; height: 55px; background: #e9e9ed; border: 1px solid black; color: black;\">Jetzt bewerben<\/button><br \/>\n    <\/a><br \/>\n    <small style=\"margin-top: 10px; color: #777; font-size: 12px; text-align: center; display: block;\">Sie werden auf eine andere Website weitergeleitet.<\/small>\n<\/div>\n<\/div>","protected":false},"excerpt":{"rendered":"<p>Eine unvoreingenommene Analyse der Position als Lagerauff\u00fcller. Erfahren Sie mehr \u00fcber die Hauptaufgaben, Vorteile und zu beachtenden Punkte und entscheiden Sie, ob sich eine Bewerbung lohnt.<\/p>","protected":false},"author":113,"featured_media":0,"comment_status":"open","ping_status":"open","sticky":false,"template":"","format":"standard","meta":{"footnotes":""},"categories":[11],"tags":[],"yoast_head":"<!-- This site is optimized with the Yoast SEO plugin v23.3 - https:\/\/yoast.com\/wordpress\/plugins\/seo\/ -->\n<title>Vaga para Repositor de Mercadorias \u2013 Organiza\u00e7\u00e3o e Responsabilidade em Foco - Zona Curiosa<\/title>\n<meta name=\"robots\" content=\"index, follow, max-snippet:-1, max-image-preview:large, max-video-preview:-1\" \/>\n<link rel=\"canonical\" href=\"https:\/\/zonacuriosa.com.br\/de\/14a74bc2-e51e-4780-81cd-398a60c00972\/\" \/>\n<meta property=\"og:locale\" content=\"de_DE\" \/>\n<meta property=\"og:type\" content=\"article\" \/>\n<meta property=\"og:title\" content=\"Vaga para Repositor de Mercadorias \u2013 Organiza\u00e7\u00e3o e Responsabilidade em Foco - Zona Curiosa\" \/>\n<meta property=\"og:description\" content=\"An\u00e1lise imparcial da vaga para Repositor de Mercadorias. Descubra principais responsabilidades, vantagens, pontos de aten\u00e7\u00e3o e avalie se vale a pena se candidatar.\" \/>\n<meta property=\"og:url\" content=\"https:\/\/zonacuriosa.com.br\/de\/14a74bc2-e51e-4780-81cd-398a60c00972\/\" \/>\n<meta property=\"og:site_name\" content=\"Zona Curiosa\" \/>\n<meta property=\"article:published_time\" content=\"2025-09-24T04:52:00+00:00\" \/>\n<meta property=\"article:modified_time\" content=\"2025-09-24T04:52:09+00:00\" \/>\n<meta name=\"author\" content=\"ederaugusttomuller\" \/>\n<meta name=\"twitter:card\" content=\"summary_large_image\" \/>\n<meta name=\"twitter:label1\" content=\"Written by\" \/>\n\t<meta name=\"twitter:data1\" content=\"ederaugusttomuller\" \/>\n\t<meta name=\"twitter:label2\" content=\"Est. reading time\" \/>\n\t<meta name=\"twitter:data2\" content=\"3 Minuten\" \/>\n<script type=\"application\/ld+json\" class=\"yoast-schema-graph\">{\"@context\":\"https:\/\/schema.org\",\"@graph\":[{\"@type\":\"WebPage\",\"@id\":\"https:\/\/zonacuriosa.com.br\/14a74bc2-e51e-4780-81cd-398a60c00972\/\",\"url\":\"https:\/\/zonacuriosa.com.br\/14a74bc2-e51e-4780-81cd-398a60c00972\/\",\"name\":\"Vaga para Repositor de Mercadorias \u2013 Organiza\u00e7\u00e3o e Responsabilidade em Foco - Zona Curiosa\",\"isPartOf\":{\"@id\":\"https:\/\/zonacuriosa.com.br\/#website\"},\"datePublished\":\"2025-09-24T04:52:00+00:00\",\"dateModified\":\"2025-09-24T04:52:09+00:00\",\"author\":{\"@id\":\"https:\/\/zonacuriosa.com.br\/#\/schema\/person\/890d2e5780ff9ae3803551e7f1d7a46d\"},\"breadcrumb\":{\"@id\":\"https:\/\/zonacuriosa.com.br\/14a74bc2-e51e-4780-81cd-398a60c00972\/#breadcrumb\"},\"inLanguage\":\"de-DE\",\"potentialAction\":[{\"@type\":\"ReadAction\",\"target\":[\"https:\/\/zonacuriosa.com.br\/14a74bc2-e51e-4780-81cd-398a60c00972\/\"]}]},{\"@type\":\"BreadcrumbList\",\"@id\":\"https:\/\/zonacuriosa.com.br\/14a74bc2-e51e-4780-81cd-398a60c00972\/#breadcrumb\",\"itemListElement\":[{\"@type\":\"ListItem\",\"position\":1,\"name\":\"Home\",\"item\":\"https:\/\/zonacuriosa.com.br\/\"},{\"@type\":\"ListItem\",\"position\":2,\"name\":\"Vaga para Repositor de Mercadorias \u2013 Organiza\u00e7\u00e3o e Responsabilidade em Foco\"}]},{\"@type\":\"WebSite\",\"@id\":\"https:\/\/zonacuriosa.com.br\/#website\",\"url\":\"https:\/\/zonacuriosa.com.br\/\",\"name\":\"Zona Curiosa\",\"description\":\"\",\"potentialAction\":[{\"@type\":\"SearchAction\",\"target\":{\"@type\":\"EntryPoint\",\"urlTemplate\":\"https:\/\/zonacuriosa.com.br\/?s={search_term_string}\"},\"query-input\":\"required name=search_term_string\"}],\"inLanguage\":\"de-DE\"},{\"@type\":\"Person\",\"@id\":\"https:\/\/zonacuriosa.com.br\/#\/schema\/person\/890d2e5780ff9ae3803551e7f1d7a46d\",\"name\":\"ederaugusttomuller\",\"image\":{\"@type\":\"ImageObject\",\"inLanguage\":\"de-DE\",\"@id\":\"https:\/\/zonacuriosa.com.br\/#\/schema\/person\/image\/\",\"url\":\"https:\/\/secure.gravatar.com\/avatar\/96357ca64e7ff2bf802e5dba125702c6?s=96&d=mm&r=g\",\"contentUrl\":\"https:\/\/secure.gravatar.com\/avatar\/96357ca64e7ff2bf802e5dba125702c6?s=96&d=mm&r=g\",\"caption\":\"ederaugusttomuller\"},\"url\":\"https:\/\/zonacuriosa.com.br\/de\/author\/ederaugusttomuller\/\"}]}<\/script>\n<!-- \/ Yoast SEO plugin. -->","yoast_head_json":{"title":"Vaga para Repositor de Mercadorias \u2013 Organiza\u00e7\u00e3o e Responsabilidade em Foco - Zona Curiosa","robots":{"index":"index","follow":"follow","max-snippet":"max-snippet:-1","max-image-preview":"max-image-preview:large","max-video-preview":"max-video-preview:-1"},"canonical":"https:\/\/zonacuriosa.com.br\/de\/14a74bc2-e51e-4780-81cd-398a60c00972\/","og_locale":"de_DE","og_type":"article","og_title":"Vaga para Repositor de Mercadorias \u2013 Organiza\u00e7\u00e3o e Responsabilidade em Foco - Zona Curiosa","og_description":"An\u00e1lise imparcial da vaga para Repositor de Mercadorias. Descubra principais responsabilidades, vantagens, pontos de aten\u00e7\u00e3o e avalie se vale a pena se candidatar.","og_url":"https:\/\/zonacuriosa.com.br\/de\/14a74bc2-e51e-4780-81cd-398a60c00972\/","og_site_name":"Zona Curiosa","article_published_time":"2025-09-24T04:52:00+00:00","article_modified_time":"2025-09-24T04:52:09+00:00","author":"ederaugusttomuller","twitter_card":"summary_large_image","twitter_misc":{"Written by":"ederaugusttomuller","Est. reading time":"3 Minuten"},"schema":{"@context":"https:\/\/schema.org","@graph":[{"@type":"WebPage","@id":"https:\/\/zonacuriosa.com.br\/14a74bc2-e51e-4780-81cd-398a60c00972\/","url":"https:\/\/zonacuriosa.com.br\/14a74bc2-e51e-4780-81cd-398a60c00972\/","name":"Vaga para Repositor de Mercadorias \u2013 Organiza\u00e7\u00e3o e Responsabilidade em Foco - Zona Curiosa","isPartOf":{"@id":"https:\/\/zonacuriosa.com.br\/#website"},"datePublished":"2025-09-24T04:52:00+00:00","dateModified":"2025-09-24T04:52:09+00:00","author":{"@id":"https:\/\/zonacuriosa.com.br\/#\/schema\/person\/890d2e5780ff9ae3803551e7f1d7a46d"},"breadcrumb":{"@id":"https:\/\/zonacuriosa.com.br\/14a74bc2-e51e-4780-81cd-398a60c00972\/#breadcrumb"},"inLanguage":"de-DE","potentialAction":[{"@type":"ReadAction","target":["https:\/\/zonacuriosa.com.br\/14a74bc2-e51e-4780-81cd-398a60c00972\/"]}]},{"@type":"BreadcrumbList","@id":"https:\/\/zonacuriosa.com.br\/14a74bc2-e51e-4780-81cd-398a60c00972\/#breadcrumb","itemListElement":[{"@type":"ListItem","position":1,"name":"Home","item":"https:\/\/zonacuriosa.com.br\/"},{"@type":"ListItem","position":2,"name":"Vaga para Repositor de Mercadorias \u2013 Organiza\u00e7\u00e3o e Responsabilidade em Foco"}]},{"@type":"WebSite","@id":"https:\/\/zonacuriosa.com.br\/#website","url":"https:\/\/zonacuriosa.com.br\/","name":"Zona Curiosa","description":"","potentialAction":[{"@type":"SearchAction","target":{"@type":"EntryPoint","urlTemplate":"https:\/\/zonacuriosa.com.br\/?s={search_term_string}"},"query-input":"required name=search_term_string"}],"inLanguage":"de-DE"},{"@type":"Person","@id":"https:\/\/zonacuriosa.com.br\/#\/schema\/person\/890d2e5780ff9ae3803551e7f1d7a46d","name":"ederaugusttomuller","image":{"@type":"ImageObject","inLanguage":"de-DE","@id":"https:\/\/zonacuriosa.com.br\/#\/schema\/person\/image\/","url":"https:\/\/secure.gravatar.com\/avatar\/96357ca64e7ff2bf802e5dba125702c6?s=96&d=mm&r=g","contentUrl":"https:\/\/secure.gravatar.com\/avatar\/96357ca64e7ff2bf802e5dba125702c6?s=96&d=mm&r=g","caption":"ederaugusttomuller"},"url":"https:\/\/zonacuriosa.com.br\/de\/author\/ederaugusttomuller\/"}]}},"_links":{"self":[{"href":"https:\/\/zonacuriosa.com.br\/de\/wp-json\/wp\/v2\/posts\/36554"}],"collection":[{"href":"https:\/\/zonacuriosa.com.br\/de\/wp-json\/wp\/v2\/posts"}],"about":[{"href":"https:\/\/zonacuriosa.com.br\/de\/wp-json\/wp\/v2\/types\/post"}],"author":[{"embeddable":true,"href":"https:\/\/zonacuriosa.com.br\/de\/wp-json\/wp\/v2\/users\/113"}],"replies":[{"embeddable":true,"href":"https:\/\/zonacuriosa.com.br\/de\/wp-json\/wp\/v2\/comments?post=36554"}],"version-history":[{"count":1,"href":"https:\/\/zonacuriosa.com.br\/de\/wp-json\/wp\/v2\/posts\/36554\/revisions"}],"predecessor-version":[{"id":36555,"href":"https:\/\/zonacuriosa.com.br\/de\/wp-json\/wp\/v2\/posts\/36554\/revisions\/36555"}],"wp:attachment":[{"href":"https:\/\/zonacuriosa.com.br\/de\/wp-json\/wp\/v2\/media?parent=36554"}],"wp:term":[{"taxonomy":"category","embeddable":true,"href":"https:\/\/zonacuriosa.com.br\/de\/wp-json\/wp\/v2\/categories?post=36554"},{"taxonomy":"post_tag","embeddable":true,"href":"https:\/\/zonacuriosa.com.br\/de\/wp-json\/wp\/v2\/tags?post=36554"}],"curies":[{"name":"wp","href":"https:\/\/api.w.org\/{rel}","templated":true}]}}