{"id":36475,"date":"2025-09-24T02:01:00","date_gmt":"2025-09-24T02:01:00","guid":{"rendered":"https:\/\/zonacuriosa.com.br\/a7719ddf-66fa-4083-97c4-4ecbe5324915\/"},"modified":"2025-09-24T02:01:10","modified_gmt":"2025-09-24T02:01:10","slug":"a7719ddf-66fa-4083-97c4-4ecbe5324915","status":"publish","type":"post","link":"https:\/\/zonacuriosa.com.br\/de\/a7719ddf-66fa-4083-97c4-4ecbe5324915\/","title":{"rendered":"Stellenangebot f\u00fcr eine\/n Kinderbetreuungsassistent\/in: Organisation, Unterst\u00fctzung und M\u00f6glichkeiten im Bildungssektor"},"content":{"rendered":"<div class=\"mx-5 sm:mx-0 prose text-left mb-5\">\n<\/p>\n<div style=\"background: #ffffff; border-radius: 12px; box-shadow: 0 10px 30px rgba(0, 0, 0, 0.1); width: 100%; max-width: 340px; padding: 25px; transition: transform 0.3s ease-in-out; overflow: visible; display: flex; flex-direction: column; position: relative; border: 1px solid #28a745; margin-top: 70px; margin-bottom: 50px; margin-left: auto; margin-right: auto;\">\n<div style=\"position: absolute; top: -35px; right: 15px; color: #28a745; padding: 5px 10px; border-radius: 6px; font-size: 14px; font-weight: bold; display: flex; align-items: center; z-index: 10;\">F\u00fcr Sie empfohlen<\/div>\n<div data-namespace-header=\"\" style=\"\">\n<h3 data-namespace-title=\"\" style=\"color: #333; font-size: 20px; font-weight: bold; text-align: left; margin-right: 50px; min-height: 50px; margin-top: 0px;\">Kinderbetreuungsassistent<\/h3>\n<\/p><\/div>\n<p data-namespace-prompt=\"\" style=\"font-size: 16px; color: #666; margin-bottom: 20px; line-height: 1.5; flex-grow: 1; text-align: left; margin-top: 0px;\">Unterst\u00fctzen Sie die Kinder bei ihren t\u00e4glichen Aktivit\u00e4ten, sorgen Sie f\u00fcr Ordnung im Klassenzimmer und beaufsichtigen Sie die Mahlzeiten und Ruhezeiten. Festanstellung, Gehalt nach Vereinbarung.<\/p>\n<p>    <a data-namespace-url=\"\" href=\"https:\/\/zonacuriosa.com.br\/de\/redirect\/?https:\/\/www.bne.com.br\/vaga-de-emprego-na-area-educacao-em-duque-de-caxias-rj\/auxiliar-de-creche\/4112157?utm_campaign=google_jobs_apply&#038;utm_source=google_jobs_apply&#038;utm_medium=organic\" style=\"width: 100%; display: inline-block; color: white; text-decoration: none; border-radius: 6px; font-size: 16px; font-weight: bold; text-align: center; transition: transform 0.3s ease, background 0.3s ease; margin-top: auto;\" data-namespace-id=\"5c0d2565-3ba9-4280-a382-ad2a691e2285\"><br \/>\n        <button style=\"width: 100%; height: 55px; background: #e9e9ed; border: 1px solid black; color: black;\">Jetzt bewerben<\/button><br \/>\n    <\/a><br \/>\n    <small style=\"margin-top: 10px; color: #777; font-size: 12px; text-align: center; display: block;\">Sie werden auf eine andere Website weitergeleitet.<\/small>\n<\/div>\n<p>Wir suchen eine\/n engagierte\/n Mitarbeiter\/in f\u00fcr unsere Kindertagesst\u00e4tte, die\/der einen Beitrag zur Entwicklung junger Kinder leisten m\u00f6chte. Die Verg\u00fctung ist verhandelbar und die Stelle ist unbefristet und bietet somit Sicherheit. Wir legen Wert auf ein kollegiales, organisiertes Arbeitsumfeld und echtes Interesse am Wohl der Kinder.<\/p>\n<h2>Tagesablauf einer Kindertagesst\u00e4ttenassistentin<\/h2>\n<p>Zur t\u00e4glichen Routine geh\u00f6rt es, das Klassenzimmer, die Materialien und die Ordner mit den Arbeiten der Kinder zu organisieren und stets darauf zu achten, dass alles griffbereit und sauber ist.<\/p>\n<p>Die Teilnahme an schulischen und au\u00dferschulischen Aktivit\u00e4ten ist unerl\u00e4sslich, um die Lehrkraft zu unterst\u00fctzen und die Kreativit\u00e4t der Kinder anzuregen.<\/p>\n<p>Ein weiterer wichtiger Aspekt ist die \u00dcberwachung der Mahlzeiten und Ruhezeiten, um sicherzustellen, dass sich alle den ganzen Tag \u00fcber sicher und wohl f\u00fchlen.<\/p>\n<p>Die Fachkraft leitet au\u00dferdem Lernspiele und Aktivit\u00e4ten an und tr\u00e4gt so zur sozialen und motorischen Entwicklung der Sch\u00fcler bei.<\/p>\n<p>Schlie\u00dflich erfordert der Arbeitsalltag Flexibilit\u00e4t, Zuneigung zu den Kindern und st\u00e4ndige Detailgenauigkeit, was die Arbeit lohnend macht.<\/p>\n<h2>Vorteile der Position<\/h2>\n<p>Einer der gro\u00dfen Vorteile ist das f\u00f6rderliche Umfeld, das die M\u00f6glichkeit bietet, positive Beziehungen sowohl zu den Kindern als auch zum Schulpersonal aufzubauen.<\/p>\n<p>Dar\u00fcber hinaus bietet die Stelle die M\u00f6glichkeit zur kontinuierlichen Weiterbildung im Bereich der fr\u00fchkindlichen Bildung und f\u00f6rdert so die pers\u00f6nliche und berufliche Weiterentwicklung.<\/p>\n<p>Zus\u00e4tzliche Leistungen neben dem Gehalt steigern die Mitarbeitermotivation und tragen zu einer gr\u00f6\u00dferen finanziellen Stabilit\u00e4t bei.<\/p>\n<h2>Herausforderungen und Aufmerksamkeitspunkte<\/h2>\n<p>Der Umgang mit Kindern erfordert viel Geduld, Verantwortungsbewusstsein und die F\u00e4higkeit, sich an unterschiedliche Situationen und t\u00e4gliche Bed\u00fcrfnisse anzupassen.<\/p>\n<p>Der Druck, Ordnung und Sicherheit aufrechtzuerhalten, kann zus\u00e4tzlichen Energieaufwand und eine st\u00e4ndige Wachsamkeit bei der Aufgabenerf\u00fcllung erfordern.<\/p>\n<h2>Urteil<\/h2>\n<p>Die Stelle als Kindertagesst\u00e4ttenassistent\/in ist ideal f\u00fcr alle, die einen Beitrag zur kindlichen Entwicklung leisten m\u00f6chten, ein kooperatives Arbeitsumfeld und gute Arbeitsbedingungen suchen.<\/p>\n<div style=\"background: #ffffff; border-radius: 12px; box-shadow: 0 10px 30px rgba(0, 0, 0, 0.1); width: 100%; max-width: 340px; padding: 25px; transition: transform 0.3s ease-in-out; overflow: visible; display: flex; flex-direction: column; position: relative; border: 1px solid #28a745; margin-top: 70px; margin-bottom: 50px; margin-left: auto; margin-right: auto;\">\n<div style=\"position: absolute; top: -35px; right: 15px; color: #28a745; padding: 5px 10px; border-radius: 6px; font-size: 14px; font-weight: bold; display: flex; align-items: center; z-index: 10;\">F\u00fcr Sie empfohlen<\/div>\n<div data-namespace-header=\"\" style=\"\">\n<h3 data-namespace-title=\"\" style=\"color: #333; font-size: 20px; font-weight: bold; text-align: left; margin-right: 50px; min-height: 50px; margin-top: 0px;\">Kinderbetreuungsassistent<\/h3>\n<\/p><\/div>\n<p data-namespace-prompt=\"\" style=\"font-size: 16px; color: #666; margin-bottom: 20px; line-height: 1.5; flex-grow: 1; text-align: left; margin-top: 0px;\">Unterst\u00fctzen Sie die Kinder bei ihren t\u00e4glichen Aktivit\u00e4ten, sorgen Sie f\u00fcr Ordnung im Klassenzimmer und beaufsichtigen Sie die Mahlzeiten und Ruhezeiten. Festanstellung, Gehalt nach Vereinbarung.<\/p>\n<p>    <a data-namespace-url=\"\" href=\"https:\/\/zonacuriosa.com.br\/de\/redirect\/?https:\/\/www.bne.com.br\/vaga-de-emprego-na-area-educacao-em-duque-de-caxias-rj\/auxiliar-de-creche\/4112157?utm_campaign=google_jobs_apply&#038;utm_source=google_jobs_apply&#038;utm_medium=organic\" style=\"width: 100%; display: inline-block; color: white; text-decoration: none; border-radius: 6px; font-size: 16px; font-weight: bold; text-align: center; transition: transform 0.3s ease, background 0.3s ease; margin-top: auto;\" data-namespace-id=\"5c0d2565-3ba9-4280-a382-ad2a691e2285\"><br \/>\n        <button style=\"width: 100%; height: 55px; background: #e9e9ed; border: 1px solid black; color: black;\">Jetzt bewerben<\/button><br \/>\n    <\/a><br \/>\n    <small style=\"margin-top: 10px; color: #777; font-size: 12px; text-align: center; display: block;\">Sie werden auf eine andere Website weitergeleitet.<\/small>\n<\/div>\n<\/div>","protected":false},"excerpt":{"rendered":"<p>Informieren Sie sich \u00fcber die Stelle als Kindertagesst\u00e4ttenassistent\/in, entdecken Sie die Vorteile und Herausforderungen dieser Rolle und finden Sie heraus, ob es der ideale Job f\u00fcr Sie ist.<\/p>","protected":false},"author":113,"featured_media":0,"comment_status":"open","ping_status":"open","sticky":false,"template":"","format":"standard","meta":{"footnotes":""},"categories":[11],"tags":[],"yoast_head":"<!-- This site is optimized with the Yoast SEO plugin v23.3 - https:\/\/yoast.com\/wordpress\/plugins\/seo\/ -->\n<title>Vaga de Auxiliar de Creche: Organiza\u00e7\u00e3o, Apoio e Oportunidade no Setor Educacional - Zona Curiosa<\/title>\n<meta name=\"robots\" content=\"index, follow, max-snippet:-1, max-image-preview:large, max-video-preview:-1\" \/>\n<link rel=\"canonical\" href=\"https:\/\/zonacuriosa.com.br\/de\/a7719ddf-66fa-4083-97c4-4ecbe5324915\/\" \/>\n<meta property=\"og:locale\" content=\"de_DE\" \/>\n<meta property=\"og:type\" content=\"article\" \/>\n<meta property=\"og:title\" content=\"Vaga de Auxiliar de Creche: Organiza\u00e7\u00e3o, Apoio e Oportunidade no Setor Educacional - Zona Curiosa\" \/>\n<meta property=\"og:description\" content=\"Conhe\u00e7a a vaga de auxiliar de creche, descubra os pontos positivos e desafios dessa fun\u00e7\u00e3o e veja se este \u00e9 o emprego ideal para o seu perfil.\" \/>\n<meta property=\"og:url\" content=\"https:\/\/zonacuriosa.com.br\/de\/a7719ddf-66fa-4083-97c4-4ecbe5324915\/\" \/>\n<meta property=\"og:site_name\" content=\"Zona Curiosa\" \/>\n<meta property=\"article:published_time\" content=\"2025-09-24T02:01:00+00:00\" \/>\n<meta property=\"article:modified_time\" content=\"2025-09-24T02:01:10+00:00\" \/>\n<meta name=\"author\" content=\"ederaugusttomuller\" \/>\n<meta name=\"twitter:card\" content=\"summary_large_image\" \/>\n<meta name=\"twitter:label1\" content=\"Written by\" \/>\n\t<meta name=\"twitter:data1\" content=\"ederaugusttomuller\" \/>\n\t<meta name=\"twitter:label2\" content=\"Est. reading time\" \/>\n\t<meta name=\"twitter:data2\" content=\"2 Minuten\" \/>\n<script type=\"application\/ld+json\" class=\"yoast-schema-graph\">{\"@context\":\"https:\/\/schema.org\",\"@graph\":[{\"@type\":\"WebPage\",\"@id\":\"https:\/\/zonacuriosa.com.br\/a7719ddf-66fa-4083-97c4-4ecbe5324915\/\",\"url\":\"https:\/\/zonacuriosa.com.br\/a7719ddf-66fa-4083-97c4-4ecbe5324915\/\",\"name\":\"Vaga de Auxiliar de Creche: Organiza\u00e7\u00e3o, Apoio e Oportunidade no Setor Educacional - Zona Curiosa\",\"isPartOf\":{\"@id\":\"https:\/\/zonacuriosa.com.br\/#website\"},\"datePublished\":\"2025-09-24T02:01:00+00:00\",\"dateModified\":\"2025-09-24T02:01:10+00:00\",\"author\":{\"@id\":\"https:\/\/zonacuriosa.com.br\/#\/schema\/person\/890d2e5780ff9ae3803551e7f1d7a46d\"},\"breadcrumb\":{\"@id\":\"https:\/\/zonacuriosa.com.br\/a7719ddf-66fa-4083-97c4-4ecbe5324915\/#breadcrumb\"},\"inLanguage\":\"de-DE\",\"potentialAction\":[{\"@type\":\"ReadAction\",\"target\":[\"https:\/\/zonacuriosa.com.br\/a7719ddf-66fa-4083-97c4-4ecbe5324915\/\"]}]},{\"@type\":\"BreadcrumbList\",\"@id\":\"https:\/\/zonacuriosa.com.br\/a7719ddf-66fa-4083-97c4-4ecbe5324915\/#breadcrumb\",\"itemListElement\":[{\"@type\":\"ListItem\",\"position\":1,\"name\":\"Home\",\"item\":\"https:\/\/zonacuriosa.com.br\/\"},{\"@type\":\"ListItem\",\"position\":2,\"name\":\"Vaga de Auxiliar de Creche: Organiza\u00e7\u00e3o, Apoio e Oportunidade no Setor Educacional\"}]},{\"@type\":\"WebSite\",\"@id\":\"https:\/\/zonacuriosa.com.br\/#website\",\"url\":\"https:\/\/zonacuriosa.com.br\/\",\"name\":\"Zona Curiosa\",\"description\":\"\",\"potentialAction\":[{\"@type\":\"SearchAction\",\"target\":{\"@type\":\"EntryPoint\",\"urlTemplate\":\"https:\/\/zonacuriosa.com.br\/?s={search_term_string}\"},\"query-input\":\"required name=search_term_string\"}],\"inLanguage\":\"de-DE\"},{\"@type\":\"Person\",\"@id\":\"https:\/\/zonacuriosa.com.br\/#\/schema\/person\/890d2e5780ff9ae3803551e7f1d7a46d\",\"name\":\"ederaugusttomuller\",\"image\":{\"@type\":\"ImageObject\",\"inLanguage\":\"de-DE\",\"@id\":\"https:\/\/zonacuriosa.com.br\/#\/schema\/person\/image\/\",\"url\":\"https:\/\/secure.gravatar.com\/avatar\/96357ca64e7ff2bf802e5dba125702c6?s=96&d=mm&r=g\",\"contentUrl\":\"https:\/\/secure.gravatar.com\/avatar\/96357ca64e7ff2bf802e5dba125702c6?s=96&d=mm&r=g\",\"caption\":\"ederaugusttomuller\"},\"url\":\"https:\/\/zonacuriosa.com.br\/de\/author\/ederaugusttomuller\/\"}]}<\/script>\n<!-- \/ Yoast SEO plugin. -->","yoast_head_json":{"title":"Vaga de Auxiliar de Creche: Organiza\u00e7\u00e3o, Apoio e Oportunidade no Setor Educacional - Zona Curiosa","robots":{"index":"index","follow":"follow","max-snippet":"max-snippet:-1","max-image-preview":"max-image-preview:large","max-video-preview":"max-video-preview:-1"},"canonical":"https:\/\/zonacuriosa.com.br\/de\/a7719ddf-66fa-4083-97c4-4ecbe5324915\/","og_locale":"de_DE","og_type":"article","og_title":"Vaga de Auxiliar de Creche: Organiza\u00e7\u00e3o, Apoio e Oportunidade no Setor Educacional - Zona Curiosa","og_description":"Conhe\u00e7a a vaga de auxiliar de creche, descubra os pontos positivos e desafios dessa fun\u00e7\u00e3o e veja se este \u00e9 o emprego ideal para o seu perfil.","og_url":"https:\/\/zonacuriosa.com.br\/de\/a7719ddf-66fa-4083-97c4-4ecbe5324915\/","og_site_name":"Zona Curiosa","article_published_time":"2025-09-24T02:01:00+00:00","article_modified_time":"2025-09-24T02:01:10+00:00","author":"ederaugusttomuller","twitter_card":"summary_large_image","twitter_misc":{"Written by":"ederaugusttomuller","Est. reading time":"2 Minuten"},"schema":{"@context":"https:\/\/schema.org","@graph":[{"@type":"WebPage","@id":"https:\/\/zonacuriosa.com.br\/a7719ddf-66fa-4083-97c4-4ecbe5324915\/","url":"https:\/\/zonacuriosa.com.br\/a7719ddf-66fa-4083-97c4-4ecbe5324915\/","name":"Vaga de Auxiliar de Creche: Organiza\u00e7\u00e3o, Apoio e Oportunidade no Setor Educacional - Zona Curiosa","isPartOf":{"@id":"https:\/\/zonacuriosa.com.br\/#website"},"datePublished":"2025-09-24T02:01:00+00:00","dateModified":"2025-09-24T02:01:10+00:00","author":{"@id":"https:\/\/zonacuriosa.com.br\/#\/schema\/person\/890d2e5780ff9ae3803551e7f1d7a46d"},"breadcrumb":{"@id":"https:\/\/zonacuriosa.com.br\/a7719ddf-66fa-4083-97c4-4ecbe5324915\/#breadcrumb"},"inLanguage":"de-DE","potentialAction":[{"@type":"ReadAction","target":["https:\/\/zonacuriosa.com.br\/a7719ddf-66fa-4083-97c4-4ecbe5324915\/"]}]},{"@type":"BreadcrumbList","@id":"https:\/\/zonacuriosa.com.br\/a7719ddf-66fa-4083-97c4-4ecbe5324915\/#breadcrumb","itemListElement":[{"@type":"ListItem","position":1,"name":"Home","item":"https:\/\/zonacuriosa.com.br\/"},{"@type":"ListItem","position":2,"name":"Vaga de Auxiliar de Creche: Organiza\u00e7\u00e3o, Apoio e Oportunidade no Setor Educacional"}]},{"@type":"WebSite","@id":"https:\/\/zonacuriosa.com.br\/#website","url":"https:\/\/zonacuriosa.com.br\/","name":"Zona Curiosa","description":"","potentialAction":[{"@type":"SearchAction","target":{"@type":"EntryPoint","urlTemplate":"https:\/\/zonacuriosa.com.br\/?s={search_term_string}"},"query-input":"required name=search_term_string"}],"inLanguage":"de-DE"},{"@type":"Person","@id":"https:\/\/zonacuriosa.com.br\/#\/schema\/person\/890d2e5780ff9ae3803551e7f1d7a46d","name":"ederaugusttomuller","image":{"@type":"ImageObject","inLanguage":"de-DE","@id":"https:\/\/zonacuriosa.com.br\/#\/schema\/person\/image\/","url":"https:\/\/secure.gravatar.com\/avatar\/96357ca64e7ff2bf802e5dba125702c6?s=96&d=mm&r=g","contentUrl":"https:\/\/secure.gravatar.com\/avatar\/96357ca64e7ff2bf802e5dba125702c6?s=96&d=mm&r=g","caption":"ederaugusttomuller"},"url":"https:\/\/zonacuriosa.com.br\/de\/author\/ederaugusttomuller\/"}]}},"_links":{"self":[{"href":"https:\/\/zonacuriosa.com.br\/de\/wp-json\/wp\/v2\/posts\/36475"}],"collection":[{"href":"https:\/\/zonacuriosa.com.br\/de\/wp-json\/wp\/v2\/posts"}],"about":[{"href":"https:\/\/zonacuriosa.com.br\/de\/wp-json\/wp\/v2\/types\/post"}],"author":[{"embeddable":true,"href":"https:\/\/zonacuriosa.com.br\/de\/wp-json\/wp\/v2\/users\/113"}],"replies":[{"embeddable":true,"href":"https:\/\/zonacuriosa.com.br\/de\/wp-json\/wp\/v2\/comments?post=36475"}],"version-history":[{"count":1,"href":"https:\/\/zonacuriosa.com.br\/de\/wp-json\/wp\/v2\/posts\/36475\/revisions"}],"predecessor-version":[{"id":36487,"href":"https:\/\/zonacuriosa.com.br\/de\/wp-json\/wp\/v2\/posts\/36475\/revisions\/36487"}],"wp:attachment":[{"href":"https:\/\/zonacuriosa.com.br\/de\/wp-json\/wp\/v2\/media?parent=36475"}],"wp:term":[{"taxonomy":"category","embeddable":true,"href":"https:\/\/zonacuriosa.com.br\/de\/wp-json\/wp\/v2\/categories?post=36475"},{"taxonomy":"post_tag","embeddable":true,"href":"https:\/\/zonacuriosa.com.br\/de\/wp-json\/wp\/v2\/tags?post=36475"}],"curies":[{"name":"wp","href":"https:\/\/api.w.org\/{rel}","templated":true}]}}