{"id":36334,"date":"2025-09-24T00:22:00","date_gmt":"2025-09-24T00:22:00","guid":{"rendered":"https:\/\/zonacuriosa.com.br\/38716740-47ff-42ff-bfc6-efa7dd4c6350\/"},"modified":"2025-09-24T00:22:59","modified_gmt":"2025-09-24T00:22:59","slug":"38716740-47ff-42ff-bfc6-efa7dd4c6350","status":"publish","type":"post","link":"https:\/\/zonacuriosa.com.br\/de\/38716740-47ff-42ff-bfc6-efa7dd4c6350\/","title":{"rendered":"IT-Assistent\/in gesucht: Festanstellung mit verhandelbarem Gehalt und proaktiven Anforderungen"},"content":{"rendered":"<div class=\"mx-5 sm:mx-0 prose text-left mb-5\">\n<\/p>\n<div style=\"background: #ffffff; border-radius: 12px; box-shadow: 0 10px 30px rgba(0, 0, 0, 0.1); width: 100%; max-width: 340px; padding: 25px; transition: transform 0.3s ease-in-out; overflow: visible; display: flex; flex-direction: column; position: relative; border: 1px solid #28a745; margin-top: 70px; margin-bottom: 50px; margin-left: auto; margin-right: auto;\">\n<div style=\"position: absolute; top: -35px; right: 15px; color: #28a745; padding: 5px 10px; border-radius: 6px; font-size: 14px; font-weight: bold; display: flex; align-items: center; z-index: 10;\">F\u00fcr Sie empfohlen<\/div>\n<div data-namespace-header=\"\" style=\"\">\n<h3 data-namespace-title=\"\" style=\"color: #333; font-size: 20px; font-weight: bold; text-align: left; margin-right: 50px; min-height: 50px; margin-top: 0px;\">IT-Assistent<\/h3>\n<\/p><\/div>\n<p data-namespace-prompt=\"\" style=\"font-size: 16px; color: #666; margin-bottom: 20px; line-height: 1.5; flex-grow: 1; text-align: left; margin-top: 0px;\">F\u00fcr diese Position suchen wir eine proaktive, dynamische und kreative Pers\u00f6nlichkeit. Es handelt sich um einen unbefristeten Vertrag mit verhandelbarem Gehalt und direkter Mitwirkung an der L\u00f6sung technologischer Herausforderungen.<\/p>\n<p>    <a data-namespace-url=\"\" href=\"https:\/\/zonacuriosa.com.br\/de\/redirect\/?https:\/\/www.bne.com.br\/vaga-de-emprego-na-area-informatica-em-camaragibe-pe\/auxiliar-de-ti\/4454437?utm_campaign=google_jobs_apply&#038;utm_source=google_jobs_apply&#038;utm_medium=organic\" style=\"width: 100%; display: inline-block; color: white; text-decoration: none; border-radius: 6px; font-size: 16px; font-weight: bold; text-align: center; transition: transform 0.3s ease, background 0.3s ease; margin-top: auto;\" data-namespace-id=\"5c0d2565-3ba9-4280-a382-ad2a691e2285\"><br \/>\n        <button style=\"width: 100%; height: 55px; background: #e9e9ed; border: 1px solid black; color: black;\">Jetzt bewerben<\/button><br \/>\n    <\/a><br \/>\n    <small style=\"margin-top: 10px; color: #777; font-size: 12px; text-align: center; display: block;\">Sie werden auf eine andere Website weitergeleitet.<\/small>\n<\/div>\n<h2>\u00dcber die offene Stelle als IT-Assistent\/in<\/h2>\n<p>Diese Stelle als IT-Assistent wird von einem IT-Unternehmen angeboten, es handelt sich um einen unbefristeten Vertrag, das Gehalt wird direkt mit dem Unternehmen verhandelt.<\/p>\n<p>Der\/Die Mitarbeiter\/in ist verantwortlich f\u00fcr die Bereitstellung von technischem Support, die Beantwortung von Anrufen, die Unterst\u00fctzung bei der L\u00f6sungsfindung und kreativen Prozessen im Zusammenhang mit Informationstechnologie.<\/p>\n<p>Dynamik, Kreativit\u00e4t, Eigeninitiative und ein starkes Interesse an der L\u00f6sung allt\u00e4glicher Probleme werden erwartet, wodurch der Kandidat zu einem strategischen Bestandteil des Teams wird.<\/p>\n<p>Die Stelle beinhaltet die Bearbeitung vielf\u00e4ltiger Aufgaben und bietet eine hervorragende Gelegenheit, neue F\u00e4higkeiten im IT-Bereich zu entwickeln.<\/p>\n<p>Dies ist eine bedeutende Chance f\u00fcr alle, die sich beruflich weiterentwickeln und ihren Lebenslauf mit echten und herausfordernden Erfahrungen bereichern m\u00f6chten.<\/p>\n<h2>Aufgaben und Arbeitsablauf<\/h2>\n<p>Der IT-Assistent \u00fcbernimmt die Systemwartung, den Benutzersupport, die Unterst\u00fctzung bei der Implementierung neuer L\u00f6sungen und den laufenden Betrieb des Sektors.<\/p>\n<p>Zu den Routineaufgaben geh\u00f6ren die Bearbeitung interner Anfragen, die Organisation von Serviceanfragen, die Bereitstellung von Hardware- und Software-Support sowie die Dokumentation interner Prozesse.<\/p>\n<p>Der\/Die ideale Kandidat\/in sollte neugierig und detailorientiert sein und in der Lage, kontinuierliche Verbesserungen der bestehenden Unternehmensprozesse vorzuschlagen.<\/p>\n<p>Dar\u00fcber hinaus geh\u00f6rt auch die Zusammenarbeit bei der Identifizierung von Fehlern und der Entwicklung schneller L\u00f6sungsans\u00e4tze zum Aufgabenbereich.<\/p>\n<p>Sie werden eng mit anderen Mitgliedern des IT-Teams zusammenarbeiten, daher sind gute Kommunikationsf\u00e4higkeiten und proaktives Handeln unerl\u00e4sslich.<\/p>\n<h2>Positive Aspekte der Stellenausschreibung<\/h2>\n<p>Zu den Vorteilen z\u00e4hlen insbesondere das kreative Umfeld und die M\u00f6glichkeit des st\u00e4ndigen Lernens durch vielf\u00e4ltige technologische Herausforderungen.<\/p>\n<p>Die unbefristete Stelle bietet Arbeitsplatzsicherheit, wobei das Gehalt je nach Profil und Erfahrung des Kandidaten verhandelt werden kann.<\/p>\n<p>Die direkte Einbindung in die L\u00f6sungsentwicklung und der Umgang mit neuen Technologien erh\u00f6hen die Karrierechancen.<\/p>\n<p>Es bestehen echte M\u00f6glichkeiten f\u00fcr internes Wachstum und die Anerkennung der mit den implementierten technologischen L\u00f6sungen erzielten Ergebnisse.<\/p>\n<h2>M\u00f6gliche Herausforderungen und Aufmerksamkeitspunkte<\/h2>\n<p>Wie in jedem IT-Sektor kann der Druck, schnelle L\u00f6sungen zu finden, immer wieder auftreten und erfordert daher Belastbarkeit und Anpassungsf\u00e4higkeit von dem ausgew\u00e4hlten Experten.<\/p>\n<p>Ein weiterer Punkt ist, dass eine st\u00e4ndige Aktualisierung der Kenntnisse \u00fcber Markttrends erforderlich ist, was gegebenenfalls zus\u00e4tzliches Lernen erfordert.<\/p>\n<h2>Endg\u00fcltiges Urteil<\/h2>\n<p>Die Position als IT-Assistent ist ein hervorragender Einstiegspunkt f\u00fcr alle, die Herausforderungen suchen, Freude am Probleml\u00f6sen haben und eine effektive Weiterentwicklung in diesem Sektor anstreben.<\/p>\n<p>Das verhandelbare Gehalt erm\u00f6glicht faire Gehaltsverhandlungen auf Basis Ihres Profils und macht die Stelle somit noch attraktiver f\u00fcr IT-Fachkr\u00e4fte.<\/p>\n<div style=\"background: #ffffff; border-radius: 12px; box-shadow: 0 10px 30px rgba(0, 0, 0, 0.1); width: 100%; max-width: 340px; padding: 25px; transition: transform 0.3s ease-in-out; overflow: visible; display: flex; flex-direction: column; position: relative; border: 1px solid #28a745; margin-top: 70px; margin-bottom: 50px; margin-left: auto; margin-right: auto;\">\n<div style=\"position: absolute; top: -35px; right: 15px; color: #28a745; padding: 5px 10px; border-radius: 6px; font-size: 14px; font-weight: bold; display: flex; align-items: center; z-index: 10;\">F\u00fcr Sie empfohlen<\/div>\n<div data-namespace-header=\"\" style=\"\">\n<h3 data-namespace-title=\"\" style=\"color: #333; font-size: 20px; font-weight: bold; text-align: left; margin-right: 50px; min-height: 50px; margin-top: 0px;\">IT-Assistent<\/h3>\n<\/p><\/div>\n<p data-namespace-prompt=\"\" style=\"font-size: 16px; color: #666; margin-bottom: 20px; line-height: 1.5; flex-grow: 1; text-align: left; margin-top: 0px;\">F\u00fcr diese Position suchen wir eine proaktive, dynamische und kreative Pers\u00f6nlichkeit. Es handelt sich um einen unbefristeten Vertrag mit verhandelbarem Gehalt und direkter Mitwirkung an der L\u00f6sung technologischer Herausforderungen.<\/p>\n<p>    <a data-namespace-url=\"\" href=\"https:\/\/zonacuriosa.com.br\/de\/redirect\/?https:\/\/www.bne.com.br\/vaga-de-emprego-na-area-informatica-em-camaragibe-pe\/auxiliar-de-ti\/4454437?utm_campaign=google_jobs_apply&#038;utm_source=google_jobs_apply&#038;utm_medium=organic\" style=\"width: 100%; display: inline-block; color: white; text-decoration: none; border-radius: 6px; font-size: 16px; font-weight: bold; text-align: center; transition: transform 0.3s ease, background 0.3s ease; margin-top: auto;\" data-namespace-id=\"5c0d2565-3ba9-4280-a382-ad2a691e2285\"><br \/>\n        <button style=\"width: 100%; height: 55px; background: #e9e9ed; border: 1px solid black; color: black;\">Jetzt bewerben<\/button><br \/>\n    <\/a><br \/>\n    <small style=\"margin-top: 10px; color: #777; font-size: 12px; text-align: center; display: block;\">Sie werden auf eine andere Website weitergeleitet.<\/small>\n<\/div>\n<\/div>","protected":false},"excerpt":{"rendered":"<p>Wir suchen eine\/n IT-Assistent\/in in Festanstellung mit verhandelbarem Gehalt. Sie sollten proaktiv, kreativ und engagiert sein. Informieren Sie sich \u00fcber die Stelle, die wichtigsten Aspekte und wie Sie sich bewerben k\u00f6nnen!<\/p>","protected":false},"author":113,"featured_media":0,"comment_status":"open","ping_status":"open","sticky":false,"template":"","format":"standard","meta":{"footnotes":""},"categories":[11],"tags":[],"yoast_head":"<!-- This site is optimized with the Yoast SEO plugin v23.3 - https:\/\/yoast.com\/wordpress\/plugins\/seo\/ -->\n<title>Vaga de Auxiliar de TI: Oportunidade Efetiva com Sal\u00e1rio a Combinar e Requisitos de Proatividade - Zona Curiosa<\/title>\n<meta name=\"robots\" content=\"index, follow, max-snippet:-1, max-image-preview:large, max-video-preview:-1\" \/>\n<link rel=\"canonical\" href=\"https:\/\/zonacuriosa.com.br\/de\/38716740-47ff-42ff-bfc6-efa7dd4c6350\/\" \/>\n<meta property=\"og:locale\" content=\"de_DE\" \/>\n<meta property=\"og:type\" content=\"article\" \/>\n<meta property=\"og:title\" content=\"Vaga de Auxiliar de TI: Oportunidade Efetiva com Sal\u00e1rio a Combinar e Requisitos de Proatividade - Zona Curiosa\" \/>\n<meta property=\"og:description\" content=\"Vaga efetiva de Auxiliar de TI com sal\u00e1rio a combinar. Perfil inquieto, criativo e proativo. Avalie a oportunidade, conhe\u00e7a os destaques e saiba como se candidatar!\" \/>\n<meta property=\"og:url\" content=\"https:\/\/zonacuriosa.com.br\/de\/38716740-47ff-42ff-bfc6-efa7dd4c6350\/\" \/>\n<meta property=\"og:site_name\" content=\"Zona Curiosa\" \/>\n<meta property=\"article:published_time\" content=\"2025-09-24T00:22:00+00:00\" \/>\n<meta property=\"article:modified_time\" content=\"2025-09-24T00:22:59+00:00\" \/>\n<meta name=\"author\" content=\"ederaugusttomuller\" \/>\n<meta name=\"twitter:card\" content=\"summary_large_image\" \/>\n<meta name=\"twitter:label1\" content=\"Written by\" \/>\n\t<meta name=\"twitter:data1\" content=\"ederaugusttomuller\" \/>\n\t<meta name=\"twitter:label2\" content=\"Est. reading time\" \/>\n\t<meta name=\"twitter:data2\" content=\"2 Minuten\" \/>\n<script type=\"application\/ld+json\" class=\"yoast-schema-graph\">{\"@context\":\"https:\/\/schema.org\",\"@graph\":[{\"@type\":\"WebPage\",\"@id\":\"https:\/\/zonacuriosa.com.br\/38716740-47ff-42ff-bfc6-efa7dd4c6350\/\",\"url\":\"https:\/\/zonacuriosa.com.br\/38716740-47ff-42ff-bfc6-efa7dd4c6350\/\",\"name\":\"Vaga de Auxiliar de TI: Oportunidade Efetiva com Sal\u00e1rio a Combinar e Requisitos de Proatividade - Zona Curiosa\",\"isPartOf\":{\"@id\":\"https:\/\/zonacuriosa.com.br\/#website\"},\"datePublished\":\"2025-09-24T00:22:00+00:00\",\"dateModified\":\"2025-09-24T00:22:59+00:00\",\"author\":{\"@id\":\"https:\/\/zonacuriosa.com.br\/#\/schema\/person\/890d2e5780ff9ae3803551e7f1d7a46d\"},\"breadcrumb\":{\"@id\":\"https:\/\/zonacuriosa.com.br\/38716740-47ff-42ff-bfc6-efa7dd4c6350\/#breadcrumb\"},\"inLanguage\":\"de-DE\",\"potentialAction\":[{\"@type\":\"ReadAction\",\"target\":[\"https:\/\/zonacuriosa.com.br\/38716740-47ff-42ff-bfc6-efa7dd4c6350\/\"]}]},{\"@type\":\"BreadcrumbList\",\"@id\":\"https:\/\/zonacuriosa.com.br\/38716740-47ff-42ff-bfc6-efa7dd4c6350\/#breadcrumb\",\"itemListElement\":[{\"@type\":\"ListItem\",\"position\":1,\"name\":\"Home\",\"item\":\"https:\/\/zonacuriosa.com.br\/\"},{\"@type\":\"ListItem\",\"position\":2,\"name\":\"Vaga de Auxiliar de TI: Oportunidade Efetiva com Sal\u00e1rio a Combinar e Requisitos de Proatividade\"}]},{\"@type\":\"WebSite\",\"@id\":\"https:\/\/zonacuriosa.com.br\/#website\",\"url\":\"https:\/\/zonacuriosa.com.br\/\",\"name\":\"Zona Curiosa\",\"description\":\"\",\"potentialAction\":[{\"@type\":\"SearchAction\",\"target\":{\"@type\":\"EntryPoint\",\"urlTemplate\":\"https:\/\/zonacuriosa.com.br\/?s={search_term_string}\"},\"query-input\":\"required name=search_term_string\"}],\"inLanguage\":\"de-DE\"},{\"@type\":\"Person\",\"@id\":\"https:\/\/zonacuriosa.com.br\/#\/schema\/person\/890d2e5780ff9ae3803551e7f1d7a46d\",\"name\":\"ederaugusttomuller\",\"image\":{\"@type\":\"ImageObject\",\"inLanguage\":\"de-DE\",\"@id\":\"https:\/\/zonacuriosa.com.br\/#\/schema\/person\/image\/\",\"url\":\"https:\/\/secure.gravatar.com\/avatar\/96357ca64e7ff2bf802e5dba125702c6?s=96&d=mm&r=g\",\"contentUrl\":\"https:\/\/secure.gravatar.com\/avatar\/96357ca64e7ff2bf802e5dba125702c6?s=96&d=mm&r=g\",\"caption\":\"ederaugusttomuller\"},\"url\":\"https:\/\/zonacuriosa.com.br\/de\/author\/ederaugusttomuller\/\"}]}<\/script>\n<!-- \/ Yoast SEO plugin. -->","yoast_head_json":{"title":"Vaga de Auxiliar de TI: Oportunidade Efetiva com Sal\u00e1rio a Combinar e Requisitos de Proatividade - Zona Curiosa","robots":{"index":"index","follow":"follow","max-snippet":"max-snippet:-1","max-image-preview":"max-image-preview:large","max-video-preview":"max-video-preview:-1"},"canonical":"https:\/\/zonacuriosa.com.br\/de\/38716740-47ff-42ff-bfc6-efa7dd4c6350\/","og_locale":"de_DE","og_type":"article","og_title":"Vaga de Auxiliar de TI: Oportunidade Efetiva com Sal\u00e1rio a Combinar e Requisitos de Proatividade - Zona Curiosa","og_description":"Vaga efetiva de Auxiliar de TI com sal\u00e1rio a combinar. Perfil inquieto, criativo e proativo. Avalie a oportunidade, conhe\u00e7a os destaques e saiba como se candidatar!","og_url":"https:\/\/zonacuriosa.com.br\/de\/38716740-47ff-42ff-bfc6-efa7dd4c6350\/","og_site_name":"Zona Curiosa","article_published_time":"2025-09-24T00:22:00+00:00","article_modified_time":"2025-09-24T00:22:59+00:00","author":"ederaugusttomuller","twitter_card":"summary_large_image","twitter_misc":{"Written by":"ederaugusttomuller","Est. reading time":"2 Minuten"},"schema":{"@context":"https:\/\/schema.org","@graph":[{"@type":"WebPage","@id":"https:\/\/zonacuriosa.com.br\/38716740-47ff-42ff-bfc6-efa7dd4c6350\/","url":"https:\/\/zonacuriosa.com.br\/38716740-47ff-42ff-bfc6-efa7dd4c6350\/","name":"Vaga de Auxiliar de TI: Oportunidade Efetiva com Sal\u00e1rio a Combinar e Requisitos de Proatividade - Zona Curiosa","isPartOf":{"@id":"https:\/\/zonacuriosa.com.br\/#website"},"datePublished":"2025-09-24T00:22:00+00:00","dateModified":"2025-09-24T00:22:59+00:00","author":{"@id":"https:\/\/zonacuriosa.com.br\/#\/schema\/person\/890d2e5780ff9ae3803551e7f1d7a46d"},"breadcrumb":{"@id":"https:\/\/zonacuriosa.com.br\/38716740-47ff-42ff-bfc6-efa7dd4c6350\/#breadcrumb"},"inLanguage":"de-DE","potentialAction":[{"@type":"ReadAction","target":["https:\/\/zonacuriosa.com.br\/38716740-47ff-42ff-bfc6-efa7dd4c6350\/"]}]},{"@type":"BreadcrumbList","@id":"https:\/\/zonacuriosa.com.br\/38716740-47ff-42ff-bfc6-efa7dd4c6350\/#breadcrumb","itemListElement":[{"@type":"ListItem","position":1,"name":"Home","item":"https:\/\/zonacuriosa.com.br\/"},{"@type":"ListItem","position":2,"name":"Vaga de Auxiliar de TI: Oportunidade Efetiva com Sal\u00e1rio a Combinar e Requisitos de Proatividade"}]},{"@type":"WebSite","@id":"https:\/\/zonacuriosa.com.br\/#website","url":"https:\/\/zonacuriosa.com.br\/","name":"Zona Curiosa","description":"","potentialAction":[{"@type":"SearchAction","target":{"@type":"EntryPoint","urlTemplate":"https:\/\/zonacuriosa.com.br\/?s={search_term_string}"},"query-input":"required name=search_term_string"}],"inLanguage":"de-DE"},{"@type":"Person","@id":"https:\/\/zonacuriosa.com.br\/#\/schema\/person\/890d2e5780ff9ae3803551e7f1d7a46d","name":"ederaugusttomuller","image":{"@type":"ImageObject","inLanguage":"de-DE","@id":"https:\/\/zonacuriosa.com.br\/#\/schema\/person\/image\/","url":"https:\/\/secure.gravatar.com\/avatar\/96357ca64e7ff2bf802e5dba125702c6?s=96&d=mm&r=g","contentUrl":"https:\/\/secure.gravatar.com\/avatar\/96357ca64e7ff2bf802e5dba125702c6?s=96&d=mm&r=g","caption":"ederaugusttomuller"},"url":"https:\/\/zonacuriosa.com.br\/de\/author\/ederaugusttomuller\/"}]}},"_links":{"self":[{"href":"https:\/\/zonacuriosa.com.br\/de\/wp-json\/wp\/v2\/posts\/36334"}],"collection":[{"href":"https:\/\/zonacuriosa.com.br\/de\/wp-json\/wp\/v2\/posts"}],"about":[{"href":"https:\/\/zonacuriosa.com.br\/de\/wp-json\/wp\/v2\/types\/post"}],"author":[{"embeddable":true,"href":"https:\/\/zonacuriosa.com.br\/de\/wp-json\/wp\/v2\/users\/113"}],"replies":[{"embeddable":true,"href":"https:\/\/zonacuriosa.com.br\/de\/wp-json\/wp\/v2\/comments?post=36334"}],"version-history":[{"count":1,"href":"https:\/\/zonacuriosa.com.br\/de\/wp-json\/wp\/v2\/posts\/36334\/revisions"}],"predecessor-version":[{"id":36348,"href":"https:\/\/zonacuriosa.com.br\/de\/wp-json\/wp\/v2\/posts\/36334\/revisions\/36348"}],"wp:attachment":[{"href":"https:\/\/zonacuriosa.com.br\/de\/wp-json\/wp\/v2\/media?parent=36334"}],"wp:term":[{"taxonomy":"category","embeddable":true,"href":"https:\/\/zonacuriosa.com.br\/de\/wp-json\/wp\/v2\/categories?post=36334"},{"taxonomy":"post_tag","embeddable":true,"href":"https:\/\/zonacuriosa.com.br\/de\/wp-json\/wp\/v2\/tags?post=36334"}],"curies":[{"name":"wp","href":"https:\/\/api.w.org\/{rel}","templated":true}]}}