{"id":36207,"date":"2025-09-23T23:59:00","date_gmt":"2025-09-23T23:59:00","guid":{"rendered":"https:\/\/zonacuriosa.com.br\/2e8cbf11-924c-4b86-9b17-e0a387b6a4fd\/"},"modified":"2025-09-23T23:59:22","modified_gmt":"2025-09-23T23:59:22","slug":"2e8cbf11-924c-4b86-9b17-e0a387b6a4fd","status":"publish","type":"post","link":"https:\/\/zonacuriosa.com.br\/de\/2e8cbf11-924c-4b86-9b17-e0a387b6a4fd\/","title":{"rendered":"Mitarbeiter\/in in der Obst- und Gem\u00fcseabteilung: attraktives Gehalt, Sozialleistungen und \u00fcberschaubare Arbeitszeiten."},"content":{"rendered":"<div class=\"mx-5 sm:mx-0 prose text-left mb-5\">\n<\/p>\n<div style=\"background: #ffffff; border-radius: 12px; box-shadow: 0 10px 30px rgba(0, 0, 0, 0.1); width: 100%; max-width: 340px; padding: 25px; transition: transform 0.3s ease-in-out; overflow: visible; display: flex; flex-direction: column; position: relative; border: 1px solid #28a745; margin-top: 70px; margin-bottom: 50px; margin-left: auto; margin-right: auto;\">\n<div style=\"position: absolute; top: -35px; right: 15px; color: #28a745; padding: 5px 10px; border-radius: 6px; font-size: 14px; font-weight: bold; display: flex; align-items: center; z-index: 10;\">F\u00fcr Sie empfohlen<\/div>\n<div data-namespace-header=\"\" style=\"\">\n<h3 data-namespace-title=\"\" style=\"color: #333; font-size: 20px; font-weight: bold; text-align: left; margin-right: 50px; min-height: 50px; margin-top: 0px;\">Obst- und Gem\u00fcseverk\u00e4ufer<\/h3>\n<\/p><\/div>\n<p data-namespace-prompt=\"\" style=\"font-size: 16px; color: #666; margin-bottom: 20px; line-height: 1.5; flex-grow: 1; text-align: left; margin-top: 0px;\">Diese Stelle bietet ein festes Gehalt mit Sozialleistungen, direkten Kundenkontakt und gute Chancen auf eine Festanstellung. Auch Menschen mit Behinderung sind willkommen; ein Grundschulabschluss gen\u00fcgt.<\/p>\n<p>    <a data-namespace-url=\"\" href=\"https:\/\/zonacuriosa.com.br\/de\/redirect\/?https:\/\/www.infojobs.com.br\/vaga-de-balconista-flv-em-sao-paulo__10939792.aspx?utm_campaign=google_jobs_apply&#038;utm_source=google_jobs_apply&#038;utm_medium=organic\" style=\"width: 100%; display: inline-block; color: white; text-decoration: none; border-radius: 6px; font-size: 16px; font-weight: bold; text-align: center; transition: transform 0.3s ease, background 0.3s ease; margin-top: auto;\" data-namespace-id=\"5c0d2565-3ba9-4280-a382-ad2a691e2285\"><br \/>\n        <button style=\"width: 100%; height: 55px; background: #e9e9ed; border: 1px solid black; color: black;\">Jetzt bewerben<\/button><br \/>\n    <\/a><br \/>\n    <small style=\"margin-top: 10px; color: #777; font-size: 12px; text-align: center; display: block;\">Sie werden auf eine andere Website weitergeleitet.<\/small>\n<\/div>\n<p>Die Stelle als Obst- und Gem\u00fcseverk\u00e4ufer\/in bietet ein Gehalt von 1.971,00 R$ pro Monat gem\u00e4\u00df einem Vertrag nach brasilianischem Arbeitsrecht (CLT) und umfasst eine Teilzeitstelle in der Nachmittagsschicht. Die Arbeit erfolgt ausschlie\u00dflich vor Ort, und das Auswahlverfahren ist inklusiv und bietet Chancengleichheit f\u00fcr Menschen mit Behinderungen.<\/p>\n<p>Zu den wichtigsten Vorteilen geh\u00f6ren: kostenlose Kranken- und Zahnversicherung nach drei Monaten, Mahlzeiten vor Ort an Wochenenden und Feiertagen, subventionierter Fahrtkostenzuschuss, Teilnahme an Rabattprogrammen und ein monatlicher Anwesenheitsbonus.<\/p>\n<h2>Wie sieht ein typischer Arbeitstag im Obst- und Gem\u00fcsebereich aus?<\/h2>\n<p>Die Fachkraft ist daf\u00fcr verantwortlich, Obst, Gem\u00fcse und Gr\u00fcnzeug aus den Auslagen zu entnehmen, um den Bereich zu reinigen und zu desinfizieren.<\/p>\n<p>Dazu geh\u00f6rt auch das Auff\u00fcllen der Lagerbest\u00e4nde nach dem FIFO-Prinzip (First In, First Out), wobei Qualit\u00e4t und Organisation im Verkaufsbereich Priorit\u00e4t haben.<\/p>\n<p>Zu den weiteren Aufgaben geh\u00f6ren das Sch\u00e4len, Schneiden, Verpacken und Auspreisen der Artikel, um einen attraktiven und sicheren Raum f\u00fcr die Kunden zu gew\u00e4hrleisten.<\/p>\n<p>Der Angestellte hilft auch beim Entladen der Waren, pr\u00fcft deren Qualit\u00e4t und Quantit\u00e4t und sortiert ungenie\u00dfbare Produkte aus.<\/p>\n<p>Es ist unerl\u00e4sslich, in diesem Sektor Ordnung und Hygiene aufrechtzuerhalten, einschlie\u00dflich der t\u00e4glich verwendeten Ger\u00e4te, Utensilien und Maschinen.<\/p>\n<h2>Positive Aspekte der Stellenausschreibung<\/h2>\n<p>Das Highlight ist das attraktive Einstiegsgehalt und die umfassenden Sozialleistungen. Viele Stellen bieten keine kostenlose Krankenversicherung, hier hingegen genie\u00dft der Mitarbeiter dieses Privileg nach der Probezeit.<\/p>\n<p>Ein weiteres Unterscheidungsmerkmal ist die M\u00f6glichkeit, Menschen mit Behinderungen einzustellen, was die Inklusion und Vielfalt innerhalb des Teams erh\u00f6ht.<\/p>\n<h2>Negative Aspekte der Stellenanzeige<\/h2>\n<p>Die Arbeitszeit ist Teilzeit, was f\u00fcr manche ein geringeres Gehalt im Vergleich zu Vollzeitstellen bedeuten kann.<\/p>\n<p>Die Notwendigkeit, an Wochenenden zu arbeiten, mag f\u00fcr diejenigen, die einen traditionellen Tagesablauf suchen, nicht attraktiv sein, aber das ist die Realit\u00e4t im Einzelhandel.<\/p>\n<h2>Endg\u00fcltiges Urteil<\/h2>\n<p>Die Stelle als Verk\u00e4ufer\/in an der Obst- und Gem\u00fcsetheke ist ideal f\u00fcr alle, die in den Lebensmitteleinzelhandel einsteigen m\u00f6chten. Sie bietet attraktive Sozialleistungen und ein integratives Arbeitsumfeld. Das Gehalt ist dem erforderlichen Bildungsniveau entsprechend wettbewerbsf\u00e4hig, und es gibt Entwicklungsm\u00f6glichkeiten f\u00fcr leistungsstarke Mitarbeiter.<\/p>\n<div style=\"background: #ffffff; border-radius: 12px; box-shadow: 0 10px 30px rgba(0, 0, 0, 0.1); width: 100%; max-width: 340px; padding: 25px; transition: transform 0.3s ease-in-out; overflow: visible; display: flex; flex-direction: column; position: relative; border: 1px solid #28a745; margin-top: 70px; margin-bottom: 50px; margin-left: auto; margin-right: auto;\">\n<div style=\"position: absolute; top: -35px; right: 15px; color: #28a745; padding: 5px 10px; border-radius: 6px; font-size: 14px; font-weight: bold; display: flex; align-items: center; z-index: 10;\">F\u00fcr Sie empfohlen<\/div>\n<div data-namespace-header=\"\" style=\"\">\n<h3 data-namespace-title=\"\" style=\"color: #333; font-size: 20px; font-weight: bold; text-align: left; margin-right: 50px; min-height: 50px; margin-top: 0px;\">Obst- und Gem\u00fcseverk\u00e4ufer<\/h3>\n<\/p><\/div>\n<p data-namespace-prompt=\"\" style=\"font-size: 16px; color: #666; margin-bottom: 20px; line-height: 1.5; flex-grow: 1; text-align: left; margin-top: 0px;\">Diese Stelle bietet ein festes Gehalt mit Sozialleistungen, direkten Kundenkontakt und gute Chancen auf eine Festanstellung. Auch Menschen mit Behinderung sind willkommen; ein Grundschulabschluss gen\u00fcgt.<\/p>\n<p>    <a data-namespace-url=\"\" href=\"https:\/\/zonacuriosa.com.br\/de\/redirect\/?https:\/\/www.infojobs.com.br\/vaga-de-balconista-flv-em-sao-paulo__10939792.aspx?utm_campaign=google_jobs_apply&#038;utm_source=google_jobs_apply&#038;utm_medium=organic\" style=\"width: 100%; display: inline-block; color: white; text-decoration: none; border-radius: 6px; font-size: 16px; font-weight: bold; text-align: center; transition: transform 0.3s ease, background 0.3s ease; margin-top: auto;\" data-namespace-id=\"5c0d2565-3ba9-4280-a382-ad2a691e2285\"><br \/>\n        <button style=\"width: 100%; height: 55px; background: #e9e9ed; border: 1px solid black; color: black;\">Jetzt bewerben<\/button><br \/>\n    <\/a><br \/>\n    <small style=\"margin-top: 10px; color: #777; font-size: 12px; text-align: center; display: block;\">Sie werden auf eine andere Website weitergeleitet.<\/small>\n<\/div>\n<\/div>","protected":false},"excerpt":{"rendered":"<p>Informieren Sie sich \u00fcber die Details der Stelle als Obst- und Gem\u00fcseverk\u00e4ufer\/in: Festgehalt, umfassende Sozialleistungen, Inklusion von Menschen mit Behinderungen und eine echte Chance auf berufliches Wachstum im Lebensmitteleinzelhandel.<\/p>","protected":false},"author":113,"featured_media":0,"comment_status":"open","ping_status":"open","sticky":false,"template":"","format":"standard","meta":{"footnotes":""},"categories":[11],"tags":[],"yoast_head":"<!-- This site is optimized with the Yoast SEO plugin v23.3 - https:\/\/yoast.com\/wordpress\/plugins\/seo\/ -->\n<title>Balconista de FLV: sal\u00e1rio atrativo, benef\u00edcios e rotina acess\u00edvel - Zona Curiosa<\/title>\n<meta name=\"robots\" content=\"index, follow, max-snippet:-1, max-image-preview:large, max-video-preview:-1\" \/>\n<link rel=\"canonical\" href=\"https:\/\/zonacuriosa.com.br\/de\/2e8cbf11-924c-4b86-9b17-e0a387b6a4fd\/\" \/>\n<meta property=\"og:locale\" content=\"de_DE\" \/>\n<meta property=\"og:type\" content=\"article\" \/>\n<meta property=\"og:title\" content=\"Balconista de FLV: sal\u00e1rio atrativo, benef\u00edcios e rotina acess\u00edvel - Zona Curiosa\" \/>\n<meta property=\"og:description\" content=\"Confira detalhes sobre a vaga de Balconista de FLV: sal\u00e1rio fixo, benef\u00edcios completos, inclus\u00e3o para PCD e oportunidade real de crescimento no varejo de alimentos.\" \/>\n<meta property=\"og:url\" content=\"https:\/\/zonacuriosa.com.br\/de\/2e8cbf11-924c-4b86-9b17-e0a387b6a4fd\/\" \/>\n<meta property=\"og:site_name\" content=\"Zona Curiosa\" \/>\n<meta property=\"article:published_time\" content=\"2025-09-23T23:59:00+00:00\" \/>\n<meta property=\"article:modified_time\" content=\"2025-09-23T23:59:22+00:00\" \/>\n<meta name=\"author\" content=\"ederaugusttomuller\" \/>\n<meta name=\"twitter:card\" content=\"summary_large_image\" \/>\n<meta name=\"twitter:label1\" content=\"Written by\" \/>\n\t<meta name=\"twitter:data1\" content=\"ederaugusttomuller\" \/>\n\t<meta name=\"twitter:label2\" content=\"Est. reading time\" \/>\n\t<meta name=\"twitter:data2\" content=\"2 Minuten\" \/>\n<script type=\"application\/ld+json\" class=\"yoast-schema-graph\">{\"@context\":\"https:\/\/schema.org\",\"@graph\":[{\"@type\":\"WebPage\",\"@id\":\"https:\/\/zonacuriosa.com.br\/2e8cbf11-924c-4b86-9b17-e0a387b6a4fd\/\",\"url\":\"https:\/\/zonacuriosa.com.br\/2e8cbf11-924c-4b86-9b17-e0a387b6a4fd\/\",\"name\":\"Balconista de FLV: sal\u00e1rio atrativo, benef\u00edcios e rotina acess\u00edvel - Zona Curiosa\",\"isPartOf\":{\"@id\":\"https:\/\/zonacuriosa.com.br\/#website\"},\"datePublished\":\"2025-09-23T23:59:00+00:00\",\"dateModified\":\"2025-09-23T23:59:22+00:00\",\"author\":{\"@id\":\"https:\/\/zonacuriosa.com.br\/#\/schema\/person\/890d2e5780ff9ae3803551e7f1d7a46d\"},\"breadcrumb\":{\"@id\":\"https:\/\/zonacuriosa.com.br\/2e8cbf11-924c-4b86-9b17-e0a387b6a4fd\/#breadcrumb\"},\"inLanguage\":\"de-DE\",\"potentialAction\":[{\"@type\":\"ReadAction\",\"target\":[\"https:\/\/zonacuriosa.com.br\/2e8cbf11-924c-4b86-9b17-e0a387b6a4fd\/\"]}]},{\"@type\":\"BreadcrumbList\",\"@id\":\"https:\/\/zonacuriosa.com.br\/2e8cbf11-924c-4b86-9b17-e0a387b6a4fd\/#breadcrumb\",\"itemListElement\":[{\"@type\":\"ListItem\",\"position\":1,\"name\":\"Home\",\"item\":\"https:\/\/zonacuriosa.com.br\/\"},{\"@type\":\"ListItem\",\"position\":2,\"name\":\"Balconista de FLV: sal\u00e1rio atrativo, benef\u00edcios e rotina acess\u00edvel\"}]},{\"@type\":\"WebSite\",\"@id\":\"https:\/\/zonacuriosa.com.br\/#website\",\"url\":\"https:\/\/zonacuriosa.com.br\/\",\"name\":\"Zona Curiosa\",\"description\":\"\",\"potentialAction\":[{\"@type\":\"SearchAction\",\"target\":{\"@type\":\"EntryPoint\",\"urlTemplate\":\"https:\/\/zonacuriosa.com.br\/?s={search_term_string}\"},\"query-input\":\"required name=search_term_string\"}],\"inLanguage\":\"de-DE\"},{\"@type\":\"Person\",\"@id\":\"https:\/\/zonacuriosa.com.br\/#\/schema\/person\/890d2e5780ff9ae3803551e7f1d7a46d\",\"name\":\"ederaugusttomuller\",\"image\":{\"@type\":\"ImageObject\",\"inLanguage\":\"de-DE\",\"@id\":\"https:\/\/zonacuriosa.com.br\/#\/schema\/person\/image\/\",\"url\":\"https:\/\/secure.gravatar.com\/avatar\/96357ca64e7ff2bf802e5dba125702c6?s=96&d=mm&r=g\",\"contentUrl\":\"https:\/\/secure.gravatar.com\/avatar\/96357ca64e7ff2bf802e5dba125702c6?s=96&d=mm&r=g\",\"caption\":\"ederaugusttomuller\"},\"url\":\"https:\/\/zonacuriosa.com.br\/de\/author\/ederaugusttomuller\/\"}]}<\/script>\n<!-- \/ Yoast SEO plugin. -->","yoast_head_json":{"title":"Balconista de FLV: sal\u00e1rio atrativo, benef\u00edcios e rotina acess\u00edvel - Zona Curiosa","robots":{"index":"index","follow":"follow","max-snippet":"max-snippet:-1","max-image-preview":"max-image-preview:large","max-video-preview":"max-video-preview:-1"},"canonical":"https:\/\/zonacuriosa.com.br\/de\/2e8cbf11-924c-4b86-9b17-e0a387b6a4fd\/","og_locale":"de_DE","og_type":"article","og_title":"Balconista de FLV: sal\u00e1rio atrativo, benef\u00edcios e rotina acess\u00edvel - Zona Curiosa","og_description":"Confira detalhes sobre a vaga de Balconista de FLV: sal\u00e1rio fixo, benef\u00edcios completos, inclus\u00e3o para PCD e oportunidade real de crescimento no varejo de alimentos.","og_url":"https:\/\/zonacuriosa.com.br\/de\/2e8cbf11-924c-4b86-9b17-e0a387b6a4fd\/","og_site_name":"Zona Curiosa","article_published_time":"2025-09-23T23:59:00+00:00","article_modified_time":"2025-09-23T23:59:22+00:00","author":"ederaugusttomuller","twitter_card":"summary_large_image","twitter_misc":{"Written by":"ederaugusttomuller","Est. reading time":"2 Minuten"},"schema":{"@context":"https:\/\/schema.org","@graph":[{"@type":"WebPage","@id":"https:\/\/zonacuriosa.com.br\/2e8cbf11-924c-4b86-9b17-e0a387b6a4fd\/","url":"https:\/\/zonacuriosa.com.br\/2e8cbf11-924c-4b86-9b17-e0a387b6a4fd\/","name":"Balconista de FLV: sal\u00e1rio atrativo, benef\u00edcios e rotina acess\u00edvel - Zona Curiosa","isPartOf":{"@id":"https:\/\/zonacuriosa.com.br\/#website"},"datePublished":"2025-09-23T23:59:00+00:00","dateModified":"2025-09-23T23:59:22+00:00","author":{"@id":"https:\/\/zonacuriosa.com.br\/#\/schema\/person\/890d2e5780ff9ae3803551e7f1d7a46d"},"breadcrumb":{"@id":"https:\/\/zonacuriosa.com.br\/2e8cbf11-924c-4b86-9b17-e0a387b6a4fd\/#breadcrumb"},"inLanguage":"de-DE","potentialAction":[{"@type":"ReadAction","target":["https:\/\/zonacuriosa.com.br\/2e8cbf11-924c-4b86-9b17-e0a387b6a4fd\/"]}]},{"@type":"BreadcrumbList","@id":"https:\/\/zonacuriosa.com.br\/2e8cbf11-924c-4b86-9b17-e0a387b6a4fd\/#breadcrumb","itemListElement":[{"@type":"ListItem","position":1,"name":"Home","item":"https:\/\/zonacuriosa.com.br\/"},{"@type":"ListItem","position":2,"name":"Balconista de FLV: sal\u00e1rio atrativo, benef\u00edcios e rotina acess\u00edvel"}]},{"@type":"WebSite","@id":"https:\/\/zonacuriosa.com.br\/#website","url":"https:\/\/zonacuriosa.com.br\/","name":"Zona Curiosa","description":"","potentialAction":[{"@type":"SearchAction","target":{"@type":"EntryPoint","urlTemplate":"https:\/\/zonacuriosa.com.br\/?s={search_term_string}"},"query-input":"required name=search_term_string"}],"inLanguage":"de-DE"},{"@type":"Person","@id":"https:\/\/zonacuriosa.com.br\/#\/schema\/person\/890d2e5780ff9ae3803551e7f1d7a46d","name":"ederaugusttomuller","image":{"@type":"ImageObject","inLanguage":"de-DE","@id":"https:\/\/zonacuriosa.com.br\/#\/schema\/person\/image\/","url":"https:\/\/secure.gravatar.com\/avatar\/96357ca64e7ff2bf802e5dba125702c6?s=96&d=mm&r=g","contentUrl":"https:\/\/secure.gravatar.com\/avatar\/96357ca64e7ff2bf802e5dba125702c6?s=96&d=mm&r=g","caption":"ederaugusttomuller"},"url":"https:\/\/zonacuriosa.com.br\/de\/author\/ederaugusttomuller\/"}]}},"_links":{"self":[{"href":"https:\/\/zonacuriosa.com.br\/de\/wp-json\/wp\/v2\/posts\/36207"}],"collection":[{"href":"https:\/\/zonacuriosa.com.br\/de\/wp-json\/wp\/v2\/posts"}],"about":[{"href":"https:\/\/zonacuriosa.com.br\/de\/wp-json\/wp\/v2\/types\/post"}],"author":[{"embeddable":true,"href":"https:\/\/zonacuriosa.com.br\/de\/wp-json\/wp\/v2\/users\/113"}],"replies":[{"embeddable":true,"href":"https:\/\/zonacuriosa.com.br\/de\/wp-json\/wp\/v2\/comments?post=36207"}],"version-history":[{"count":1,"href":"https:\/\/zonacuriosa.com.br\/de\/wp-json\/wp\/v2\/posts\/36207\/revisions"}],"predecessor-version":[{"id":36289,"href":"https:\/\/zonacuriosa.com.br\/de\/wp-json\/wp\/v2\/posts\/36207\/revisions\/36289"}],"wp:attachment":[{"href":"https:\/\/zonacuriosa.com.br\/de\/wp-json\/wp\/v2\/media?parent=36207"}],"wp:term":[{"taxonomy":"category","embeddable":true,"href":"https:\/\/zonacuriosa.com.br\/de\/wp-json\/wp\/v2\/categories?post=36207"},{"taxonomy":"post_tag","embeddable":true,"href":"https:\/\/zonacuriosa.com.br\/de\/wp-json\/wp\/v2\/tags?post=36207"}],"curies":[{"name":"wp","href":"https:\/\/api.w.org\/{rel}","templated":true}]}}