{"id":36079,"date":"2025-09-23T23:32:00","date_gmt":"2025-09-23T23:32:00","guid":{"rendered":"https:\/\/zonacuriosa.com.br\/86dcd6ac-219c-44e3-a756-5259f21087f0\/"},"modified":"2025-09-23T23:32:08","modified_gmt":"2025-09-23T23:32:08","slug":"86dcd6ac-219c-44e3-a756-5259f21087f0","status":"publish","type":"post","link":"https:\/\/zonacuriosa.com.br\/de\/86dcd6ac-219c-44e3-a756-5259f21087f0\/","title":{"rendered":"Videografenstelle: Festanstellung f\u00fcr kreative Profis"},"content":{"rendered":"<div class=\"mx-5 sm:mx-0 prose text-left mb-5\">\n<\/p>\n<div style=\"background: #ffffff; border-radius: 12px; box-shadow: 0 10px 30px rgba(0, 0, 0, 0.1); width: 100%; max-width: 340px; padding: 25px; transition: transform 0.3s ease-in-out; overflow: visible; display: flex; flex-direction: column; position: relative; border: 1px solid #28a745; margin-top: 70px; margin-bottom: 50px; margin-left: auto; margin-right: auto;\">\n<div style=\"position: absolute; top: -35px; right: 15px; color: #28a745; padding: 5px 10px; border-radius: 6px; font-size: 14px; font-weight: bold; display: flex; align-items: center; z-index: 10;\">F\u00fcr Sie empfohlen<\/div>\n<div data-namespace-header=\"\" style=\"\">\n<h3 data-namespace-title=\"\" style=\"color: #333; font-size: 20px; font-weight: bold; text-align: left; margin-right: 50px; min-height: 50px; margin-top: 0px;\">Kamera<\/h3>\n<\/p><\/div>\n<p data-namespace-prompt=\"\" style=\"font-size: 16px; color: #666; margin-bottom: 20px; line-height: 1.5; flex-grow: 1; text-align: left; margin-top: 0px;\">Wir suchen eine\/n Videograf\/in in Festanstellung, speziell f\u00fcr Menschen mit Behinderungen. Eine Chance f\u00fcr Sportler\/innen, L\u00e4ufer\/innen und alle, die sich im Bereich Kommunikation weiterentwickeln m\u00f6chten.<\/p>\n<p>    <a data-namespace-url=\"\" href=\"https:\/\/zonacuriosa.com.br\/de\/redirect\/?https:\/\/www.bne.com.br\/vaga-de-emprego-na-area-comunicacao-em-niteroi-rj\/filmador\/3892935?utm_campaign=google_jobs_apply&#038;utm_source=google_jobs_apply&#038;utm_medium=organic\" style=\"width: 100%; display: inline-block; color: white; text-decoration: none; border-radius: 6px; font-size: 16px; font-weight: bold; text-align: center; transition: transform 0.3s ease, background 0.3s ease; margin-top: auto;\" data-namespace-id=\"5c0d2565-3ba9-4280-a382-ad2a691e2285\"><br \/>\n        <button style=\"width: 100%; height: 55px; background: #e9e9ed; border: 1px solid black; color: black;\">Jetzt bewerben<\/button><br \/>\n    <\/a><br \/>\n    <small style=\"margin-top: 10px; color: #777; font-size: 12px; text-align: center; display: block;\">Sie werden auf eine andere Website weitergeleitet.<\/small>\n<\/div>\n<p><!-- Apresenta\u00e7\u00e3o da vaga --><br \/>\nDie Stelle als Videograf\/in bietet kreativen Fachkr\u00e4ften, die in den Arbeitsmarkt einsteigen oder wieder einsteigen m\u00f6chten, eine hervorragende Gelegenheit. Es handelt sich um eine unbefristete Anstellung, und das Gehalt wird im Auswahlverfahren mit den Bewerbern verhandelt. Das einstellende Unternehmen ist im Kommunikationssektor t\u00e4tig und sch\u00e4tzt dynamische Fachkr\u00e4fte. Bewerbungen von Menschen mit Behinderung, die Erfahrung oder Interesse im audiovisuellen Bereich haben, sind ausdr\u00fccklich erw\u00fcnscht.<\/p>\n<p><!-- Responsabilidades e rotinas do filmador --><\/p>\n<h2>Aufgaben und Verantwortlichkeiten<\/h2>\n<p>Der\/Die Bild- und Tontechniker\/in ist f\u00fcr die Erstellung von Bildern in verschiedenen Kontexten und Projekten verantwortlich, darunter Veranstaltungen, institutionelle Produktionen und interne Kampagnen. Zu den Aufgaben geh\u00f6ren die Bedienung der Aufnahmeger\u00e4te, die Sicherstellung der Bildqualit\u00e4t des produzierten Materials und die Zusammenarbeit mit anderen Kommunikationsfachleuten.<\/p>\n<p>Da die Arbeit auch im Freien stattfindet, suchen wir insbesondere sportbegeisterte und aktive Personen. Die Organisation von Ausr\u00fcstung und digitalen Dateien geh\u00f6rt zu den Aufgaben. Eine klare Kommunikation im Team ist unerl\u00e4sslich f\u00fcr effiziente Ergebnisse und tr\u00e4gt zur Wertsch\u00f6pfung im Arbeitsalltag des Unternehmens bei.<\/p>\n<p><!-- Pontos positivos da vaga --><\/p>\n<h2>Highlights und Vorteile<\/h2>\n<p>Der gr\u00f6\u00dfte Vorteil dieser Stelle ist ihre Offenheit f\u00fcr Fachkr\u00e4fte mit Behinderung, wodurch Inklusion und Vielfalt gef\u00f6rdert werden. Dar\u00fcber hinaus finden Sportbegeisterte ein Umfeld, das dieses Profil wertsch\u00e4tzt und die Arbeit besser mit ihrem Lebensstil in Einklang bringt.<\/p>\n<p>Ein weiterer positiver Aspekt ist der unbefristete Vertrag, der mehr Stabilit\u00e4t und Entwicklungsm\u00f6glichkeiten im Unternehmen bietet. Die M\u00f6glichkeit, das Gehalt individuell zu verhandeln, schafft Flexibilit\u00e4t und w\u00fcrdigt die Erfahrung und Kompetenz des Mitarbeiters.<\/p>\n<p><!-- Pontos negativos da vaga --><\/p>\n<h2>Nachteile und zu ber\u00fccksichtigende Punkte<\/h2>\n<p>Zu ber\u00fccksichtigen ist unter anderem der Mangel an \u00f6ffentlich zug\u00e4nglichen Informationen \u00fcber den Arbeitgeber, was bei manchen Bewerbern Zweifel hervorrufen k\u00f6nnte. Zudem ist das Gehalt verhandelbar, weshalb es wichtig ist, diesbez\u00fcglich Absprachen zu treffen, um Erwartungen und Werte in Einklang zu bringen.<\/p>\n<p>Schlie\u00dflich kann die Suche nach einem sehr spezifischen Profil die Chancen f\u00fcr einige Fachkr\u00e4fte einschr\u00e4nken, insbesondere f\u00fcr diejenigen, die nicht regelm\u00e4\u00dfig Sport treiben oder nicht in der N\u00e4he des Unternehmens wohnen.<\/p>\n<p><!-- Veredito --><\/p>\n<h2>Endg\u00fcltiges Urteil<\/h2>\n<p>F\u00fcr diejenigen, die dem gew\u00fcnschten Profil entsprechen, k\u00f6nnte diese Stelle als Videograf\/in eine hervorragende Wahl im Kommunikationssektor sein. Die gebotenen Vorteile, insbesondere die Offenheit f\u00fcr Inklusion und die unbefristete Anstellung, machen die M\u00f6glichkeit f\u00fcr engagierte Fachkr\u00e4fte, die neue berufliche Herausforderungen suchen, noch attraktiver.<\/p>\n<div style=\"background: #ffffff; border-radius: 12px; box-shadow: 0 10px 30px rgba(0, 0, 0, 0.1); width: 100%; max-width: 340px; padding: 25px; transition: transform 0.3s ease-in-out; overflow: visible; display: flex; flex-direction: column; position: relative; border: 1px solid #28a745; margin-top: 70px; margin-bottom: 50px; margin-left: auto; margin-right: auto;\">\n<div style=\"position: absolute; top: -35px; right: 15px; color: #28a745; padding: 5px 10px; border-radius: 6px; font-size: 14px; font-weight: bold; display: flex; align-items: center; z-index: 10;\">F\u00fcr Sie empfohlen<\/div>\n<div data-namespace-header=\"\" style=\"\">\n<h3 data-namespace-title=\"\" style=\"color: #333; font-size: 20px; font-weight: bold; text-align: left; margin-right: 50px; min-height: 50px; margin-top: 0px;\">Kamera<\/h3>\n<\/p><\/div>\n<p data-namespace-prompt=\"\" style=\"font-size: 16px; color: #666; margin-bottom: 20px; line-height: 1.5; flex-grow: 1; text-align: left; margin-top: 0px;\">Wir suchen eine\/n Videograf\/in in Festanstellung, speziell f\u00fcr Menschen mit Behinderungen. Eine Chance f\u00fcr Sportler\/innen, L\u00e4ufer\/innen und alle, die sich im Bereich Kommunikation weiterentwickeln m\u00f6chten.<\/p>\n<p>    <a data-namespace-url=\"\" href=\"https:\/\/zonacuriosa.com.br\/de\/redirect\/?https:\/\/www.bne.com.br\/vaga-de-emprego-na-area-comunicacao-em-niteroi-rj\/filmador\/3892935?utm_campaign=google_jobs_apply&#038;utm_source=google_jobs_apply&#038;utm_medium=organic\" style=\"width: 100%; display: inline-block; color: white; text-decoration: none; border-radius: 6px; font-size: 16px; font-weight: bold; text-align: center; transition: transform 0.3s ease, background 0.3s ease; margin-top: auto;\" data-namespace-id=\"5c0d2565-3ba9-4280-a382-ad2a691e2285\"><br \/>\n        <button style=\"width: 100%; height: 55px; background: #e9e9ed; border: 1px solid black; color: black;\">Jetzt bewerben<\/button><br \/>\n    <\/a><br \/>\n    <small style=\"margin-top: 10px; color: #777; font-size: 12px; text-align: center; display: block;\">Sie werden auf eine andere Website weitergeleitet.<\/small>\n<\/div>\n<\/div>","protected":false},"excerpt":{"rendered":"<p>Erfahren Sie mehr \u00fcber die Stelle als Videograf\/in mit unbefristetem Vertrag, die auch f\u00fcr Menschen mit Behinderung offen ist. Stabilit\u00e4t, Inklusion und echte Chancen im Kommunikationsbereich erwarten Sie. Jetzt informieren!<\/p>","protected":false},"author":113,"featured_media":0,"comment_status":"open","ping_status":"open","sticky":false,"template":"","format":"standard","meta":{"footnotes":""},"categories":[11],"tags":[],"yoast_head":"<!-- This site is optimized with the Yoast SEO plugin v23.3 - https:\/\/yoast.com\/wordpress\/plugins\/seo\/ -->\n<title>Vaga de Filmador: Oportunidade Efetiva para Profissionais Criativos - Zona Curiosa<\/title>\n<meta name=\"robots\" content=\"index, follow, max-snippet:-1, max-image-preview:large, max-video-preview:-1\" \/>\n<link rel=\"canonical\" href=\"https:\/\/zonacuriosa.com.br\/de\/86dcd6ac-219c-44e3-a756-5259f21087f0\/\" \/>\n<meta property=\"og:locale\" content=\"de_DE\" \/>\n<meta property=\"og:type\" content=\"article\" \/>\n<meta property=\"og:title\" content=\"Vaga de Filmador: Oportunidade Efetiva para Profissionais Criativos - Zona Curiosa\" \/>\n<meta property=\"og:description\" content=\"Descubra os detalhes da vaga de filmador, com contrato efetivo e abertura para profissionais PCD. Estabilidade, inclus\u00e3o e oportunidades reais no setor de comunica\u00e7\u00e3o. Saiba mais agora!\" \/>\n<meta property=\"og:url\" content=\"https:\/\/zonacuriosa.com.br\/de\/86dcd6ac-219c-44e3-a756-5259f21087f0\/\" \/>\n<meta property=\"og:site_name\" content=\"Zona Curiosa\" \/>\n<meta property=\"article:published_time\" content=\"2025-09-23T23:32:00+00:00\" \/>\n<meta property=\"article:modified_time\" content=\"2025-09-23T23:32:08+00:00\" \/>\n<meta name=\"author\" content=\"ederaugusttomuller\" \/>\n<meta name=\"twitter:card\" content=\"summary_large_image\" \/>\n<meta name=\"twitter:label1\" content=\"Written by\" \/>\n\t<meta name=\"twitter:data1\" content=\"ederaugusttomuller\" \/>\n\t<meta name=\"twitter:label2\" content=\"Est. reading time\" \/>\n\t<meta name=\"twitter:data2\" content=\"2 Minuten\" \/>\n<script type=\"application\/ld+json\" class=\"yoast-schema-graph\">{\"@context\":\"https:\/\/schema.org\",\"@graph\":[{\"@type\":\"WebPage\",\"@id\":\"https:\/\/zonacuriosa.com.br\/86dcd6ac-219c-44e3-a756-5259f21087f0\/\",\"url\":\"https:\/\/zonacuriosa.com.br\/86dcd6ac-219c-44e3-a756-5259f21087f0\/\",\"name\":\"Vaga de Filmador: Oportunidade Efetiva para Profissionais Criativos - Zona Curiosa\",\"isPartOf\":{\"@id\":\"https:\/\/zonacuriosa.com.br\/#website\"},\"datePublished\":\"2025-09-23T23:32:00+00:00\",\"dateModified\":\"2025-09-23T23:32:08+00:00\",\"author\":{\"@id\":\"https:\/\/zonacuriosa.com.br\/#\/schema\/person\/890d2e5780ff9ae3803551e7f1d7a46d\"},\"breadcrumb\":{\"@id\":\"https:\/\/zonacuriosa.com.br\/86dcd6ac-219c-44e3-a756-5259f21087f0\/#breadcrumb\"},\"inLanguage\":\"de-DE\",\"potentialAction\":[{\"@type\":\"ReadAction\",\"target\":[\"https:\/\/zonacuriosa.com.br\/86dcd6ac-219c-44e3-a756-5259f21087f0\/\"]}]},{\"@type\":\"BreadcrumbList\",\"@id\":\"https:\/\/zonacuriosa.com.br\/86dcd6ac-219c-44e3-a756-5259f21087f0\/#breadcrumb\",\"itemListElement\":[{\"@type\":\"ListItem\",\"position\":1,\"name\":\"Home\",\"item\":\"https:\/\/zonacuriosa.com.br\/\"},{\"@type\":\"ListItem\",\"position\":2,\"name\":\"Vaga de Filmador: Oportunidade Efetiva para Profissionais Criativos\"}]},{\"@type\":\"WebSite\",\"@id\":\"https:\/\/zonacuriosa.com.br\/#website\",\"url\":\"https:\/\/zonacuriosa.com.br\/\",\"name\":\"Zona Curiosa\",\"description\":\"\",\"potentialAction\":[{\"@type\":\"SearchAction\",\"target\":{\"@type\":\"EntryPoint\",\"urlTemplate\":\"https:\/\/zonacuriosa.com.br\/?s={search_term_string}\"},\"query-input\":\"required name=search_term_string\"}],\"inLanguage\":\"de-DE\"},{\"@type\":\"Person\",\"@id\":\"https:\/\/zonacuriosa.com.br\/#\/schema\/person\/890d2e5780ff9ae3803551e7f1d7a46d\",\"name\":\"ederaugusttomuller\",\"image\":{\"@type\":\"ImageObject\",\"inLanguage\":\"de-DE\",\"@id\":\"https:\/\/zonacuriosa.com.br\/#\/schema\/person\/image\/\",\"url\":\"https:\/\/secure.gravatar.com\/avatar\/96357ca64e7ff2bf802e5dba125702c6?s=96&d=mm&r=g\",\"contentUrl\":\"https:\/\/secure.gravatar.com\/avatar\/96357ca64e7ff2bf802e5dba125702c6?s=96&d=mm&r=g\",\"caption\":\"ederaugusttomuller\"},\"url\":\"https:\/\/zonacuriosa.com.br\/de\/author\/ederaugusttomuller\/\"}]}<\/script>\n<!-- \/ Yoast SEO plugin. -->","yoast_head_json":{"title":"Vaga de Filmador: Oportunidade Efetiva para Profissionais Criativos - Zona Curiosa","robots":{"index":"index","follow":"follow","max-snippet":"max-snippet:-1","max-image-preview":"max-image-preview:large","max-video-preview":"max-video-preview:-1"},"canonical":"https:\/\/zonacuriosa.com.br\/de\/86dcd6ac-219c-44e3-a756-5259f21087f0\/","og_locale":"de_DE","og_type":"article","og_title":"Vaga de Filmador: Oportunidade Efetiva para Profissionais Criativos - Zona Curiosa","og_description":"Descubra os detalhes da vaga de filmador, com contrato efetivo e abertura para profissionais PCD. Estabilidade, inclus\u00e3o e oportunidades reais no setor de comunica\u00e7\u00e3o. Saiba mais agora!","og_url":"https:\/\/zonacuriosa.com.br\/de\/86dcd6ac-219c-44e3-a756-5259f21087f0\/","og_site_name":"Zona Curiosa","article_published_time":"2025-09-23T23:32:00+00:00","article_modified_time":"2025-09-23T23:32:08+00:00","author":"ederaugusttomuller","twitter_card":"summary_large_image","twitter_misc":{"Written by":"ederaugusttomuller","Est. reading time":"2 Minuten"},"schema":{"@context":"https:\/\/schema.org","@graph":[{"@type":"WebPage","@id":"https:\/\/zonacuriosa.com.br\/86dcd6ac-219c-44e3-a756-5259f21087f0\/","url":"https:\/\/zonacuriosa.com.br\/86dcd6ac-219c-44e3-a756-5259f21087f0\/","name":"Vaga de Filmador: Oportunidade Efetiva para Profissionais Criativos - Zona Curiosa","isPartOf":{"@id":"https:\/\/zonacuriosa.com.br\/#website"},"datePublished":"2025-09-23T23:32:00+00:00","dateModified":"2025-09-23T23:32:08+00:00","author":{"@id":"https:\/\/zonacuriosa.com.br\/#\/schema\/person\/890d2e5780ff9ae3803551e7f1d7a46d"},"breadcrumb":{"@id":"https:\/\/zonacuriosa.com.br\/86dcd6ac-219c-44e3-a756-5259f21087f0\/#breadcrumb"},"inLanguage":"de-DE","potentialAction":[{"@type":"ReadAction","target":["https:\/\/zonacuriosa.com.br\/86dcd6ac-219c-44e3-a756-5259f21087f0\/"]}]},{"@type":"BreadcrumbList","@id":"https:\/\/zonacuriosa.com.br\/86dcd6ac-219c-44e3-a756-5259f21087f0\/#breadcrumb","itemListElement":[{"@type":"ListItem","position":1,"name":"Home","item":"https:\/\/zonacuriosa.com.br\/"},{"@type":"ListItem","position":2,"name":"Vaga de Filmador: Oportunidade Efetiva para Profissionais Criativos"}]},{"@type":"WebSite","@id":"https:\/\/zonacuriosa.com.br\/#website","url":"https:\/\/zonacuriosa.com.br\/","name":"Zona Curiosa","description":"","potentialAction":[{"@type":"SearchAction","target":{"@type":"EntryPoint","urlTemplate":"https:\/\/zonacuriosa.com.br\/?s={search_term_string}"},"query-input":"required name=search_term_string"}],"inLanguage":"de-DE"},{"@type":"Person","@id":"https:\/\/zonacuriosa.com.br\/#\/schema\/person\/890d2e5780ff9ae3803551e7f1d7a46d","name":"ederaugusttomuller","image":{"@type":"ImageObject","inLanguage":"de-DE","@id":"https:\/\/zonacuriosa.com.br\/#\/schema\/person\/image\/","url":"https:\/\/secure.gravatar.com\/avatar\/96357ca64e7ff2bf802e5dba125702c6?s=96&d=mm&r=g","contentUrl":"https:\/\/secure.gravatar.com\/avatar\/96357ca64e7ff2bf802e5dba125702c6?s=96&d=mm&r=g","caption":"ederaugusttomuller"},"url":"https:\/\/zonacuriosa.com.br\/de\/author\/ederaugusttomuller\/"}]}},"_links":{"self":[{"href":"https:\/\/zonacuriosa.com.br\/de\/wp-json\/wp\/v2\/posts\/36079"}],"collection":[{"href":"https:\/\/zonacuriosa.com.br\/de\/wp-json\/wp\/v2\/posts"}],"about":[{"href":"https:\/\/zonacuriosa.com.br\/de\/wp-json\/wp\/v2\/types\/post"}],"author":[{"embeddable":true,"href":"https:\/\/zonacuriosa.com.br\/de\/wp-json\/wp\/v2\/users\/113"}],"replies":[{"embeddable":true,"href":"https:\/\/zonacuriosa.com.br\/de\/wp-json\/wp\/v2\/comments?post=36079"}],"version-history":[{"count":1,"href":"https:\/\/zonacuriosa.com.br\/de\/wp-json\/wp\/v2\/posts\/36079\/revisions"}],"predecessor-version":[{"id":36176,"href":"https:\/\/zonacuriosa.com.br\/de\/wp-json\/wp\/v2\/posts\/36079\/revisions\/36176"}],"wp:attachment":[{"href":"https:\/\/zonacuriosa.com.br\/de\/wp-json\/wp\/v2\/media?parent=36079"}],"wp:term":[{"taxonomy":"category","embeddable":true,"href":"https:\/\/zonacuriosa.com.br\/de\/wp-json\/wp\/v2\/categories?post=36079"},{"taxonomy":"post_tag","embeddable":true,"href":"https:\/\/zonacuriosa.com.br\/de\/wp-json\/wp\/v2\/tags?post=36079"}],"curies":[{"name":"wp","href":"https:\/\/api.w.org\/{rel}","templated":true}]}}