{"id":35974,"date":"2025-09-23T22:59:00","date_gmt":"2025-09-23T22:59:00","guid":{"rendered":"https:\/\/zonacuriosa.com.br\/79a8f42c-c95c-4990-9872-e570bf048444\/"},"modified":"2025-09-23T22:59:40","modified_gmt":"2025-09-23T22:59:40","slug":"79a8f42c-c95c-4990-9872-e570bf048444","status":"publish","type":"post","link":"https:\/\/zonacuriosa.com.br\/de\/79a8f42c-c95c-4990-9872-e570bf048444\/","title":{"rendered":"Stellenangebot f\u00fcr einen Unternehmer: Befristete Stelle mit Schwerpunkt Vertrieb und proaktives Handeln."},"content":{"rendered":"<div class=\"mx-5 sm:mx-0 prose text-left mb-5\">\n<\/p>\n<div style=\"background: #ffffff; border-radius: 12px; box-shadow: 0 10px 30px rgba(0, 0, 0, 0.1); width: 100%; max-width: 340px; padding: 25px; transition: transform 0.3s ease-in-out; overflow: visible; display: flex; flex-direction: column; position: relative; border: 1px solid #28a745; margin-top: 70px; margin-bottom: 50px; margin-left: auto; margin-right: auto;\">\n<div style=\"position: absolute; top: -35px; right: 15px; color: #28a745; padding: 5px 10px; border-radius: 6px; font-size: 14px; font-weight: bold; display: flex; align-items: center; z-index: 10;\">F\u00fcr Sie empfohlen<\/div>\n<div data-namespace-header=\"\" style=\"\">\n<h3 data-namespace-title=\"\" style=\"color: #333; font-size: 20px; font-weight: bold; text-align: left; margin-right: 50px; min-height: 50px; margin-top: 0px;\">Gesch\u00e4ftsmann<\/h3>\n<\/p><\/div>\n<p data-namespace-prompt=\"\" style=\"font-size: 16px; color: #666; margin-bottom: 20px; line-height: 1.5; flex-grow: 1; text-align: left; margin-top: 0px;\">Befristete T\u00e4tigkeit im Vereinssektor mit Schwerpunkt Vertrieb. Eigeninitiative und selbstst\u00e4ndiges Arbeiten sind gefragt. Dynamische Position mit verhandelbarem Gehalt und M\u00f6glichkeiten zur Weiterentwicklung Ihrer F\u00e4higkeiten.<\/p>\n<p>    <a data-namespace-url=\"\" href=\"https:\/\/zonacuriosa.com.br\/de\/redirect\/?https:\/\/www.bne.com.br\/vaga-de-emprego-na-area-associacoes-e-diversos-em-guarulhos-sp\/empresario\/4615765?utm_campaign=google_jobs_apply&#038;utm_source=google_jobs_apply&#038;utm_medium=organic\" style=\"width: 100%; display: inline-block; color: white; text-decoration: none; border-radius: 6px; font-size: 16px; font-weight: bold; text-align: center; transition: transform 0.3s ease, background 0.3s ease; margin-top: auto;\" data-namespace-id=\"5c0d2565-3ba9-4280-a382-ad2a691e2285\"><br \/>\n        <button style=\"width: 100%; height: 55px; background: #e9e9ed; border: 1px solid black; color: black;\">Jetzt bewerben<\/button><br \/>\n    <\/a><br \/>\n    <small style=\"margin-top: 10px; color: #777; font-size: 12px; text-align: center; display: block;\">Sie werden auf eine andere Website weitergeleitet.<\/small>\n<\/div>\n<p>Diese Gelegenheit f\u00fcr Unternehmer ist eine befristete Stelle mit individuell zu vereinbarender Verg\u00fctung. Der Starttermin ist sofort m\u00f6glich und bietet somit mehr Dynamik f\u00fcr alle, die schnell in den Markt einsteigen m\u00f6chten. Das befristete Format ist sowohl f\u00fcr diejenigen geeignet, die neue Erfahrungen sammeln m\u00f6chten, als auch f\u00fcr diejenigen, die ihr Einkommen aufbessern wollen.<\/p>\n<p>Der ideale Kandidat muss vollj\u00e4hrig, proaktiv und vertriebsbegeistert sein. Zu den Aufgaben geh\u00f6ren die direkte Kundenbetreuung, die Akquise von Neukunden und das Angebot der Unternehmensdienstleistungen. Die Position bietet Raum f\u00fcr pers\u00f6nliche Weiterentwicklung, da sie selbstst\u00e4ndiges Arbeiten und direkten Kontakt zum Tagesgesch\u00e4ft des Unternehmens f\u00f6rdert.<\/p>\n<h2>Hauptaufgaben und Tagesablauf eines Unternehmers<\/h2>\n<p>Im Rahmen der t\u00e4glichen Aufgaben dieser Position ist der\/die Mitarbeiter\/in f\u00fcr die Akquise neuer Kunden, die Pr\u00e4sentation von Dienstleistungen und die Erl\u00e4uterung der Nutzenversprechen verantwortlich. Der Aufbau von Beziehungen und die Pflege guter Kommunikationsf\u00e4higkeiten mit unterschiedlichen Zielgruppen sind von entscheidender Bedeutung.<\/p>\n<p>Neben der Fokussierung auf den Vertrieb ist es unerl\u00e4sslich, alle t\u00e4glichen Aktivit\u00e4ten zu dokumentieren und so Organisation und Kontrolle im Kundenservice zu gew\u00e4hrleisten. Proaktives Handeln ist gefragt, da viele Entscheidungen selbstst\u00e4ndig getroffen werden m\u00fcssen.<\/p>\n<p>Vom Unternehmer wird t\u00e4glich erwartet, dass er neue Strategien entwickelt und seine Kommunikation an das jeweilige Publikum anpasst. Die dynamische Natur der Rolle erm\u00f6glicht kontinuierliches Lernen, insbesondere im Bereich der Verkaufstechniken.<\/p>\n<p>Die Stelle kann die Teilnahme an Meetings und die Identifizierung von Kooperationsm\u00f6glichkeiten mit Partnern umfassen. Auch die \u00dcberwachung von Zielen und Ergebnissen geh\u00f6rt zu den Aufgaben und f\u00f6rdert die Entwicklung analytischer F\u00e4higkeiten.<\/p>\n<p>Der Unternehmer wird immer wieder mit Herausforderungen konfrontiert, die seine Kreativit\u00e4t und Agilit\u00e4t auf die Probe stellen. Daher ist diese Rolle oft attraktiv f\u00fcr diejenigen, die Grenzen \u00fcberschreiten und die Unternehmenswelt pr\u00e4gen wollen.<\/p>\n<h2>Positive Aspekte der Position<\/h2>\n<p>Einer der gr\u00f6\u00dften Vorteile ist die Flexibilit\u00e4t, die Zeitarbeit bietet \u2013 ideal f\u00fcr alle, die vielf\u00e4ltige Erfahrungen sammeln m\u00f6chten. Auch die M\u00f6glichkeit, sein Netzwerk im Verbandssektor auszubauen, ist ein bedeutender Pluspunkt.<\/p>\n<p>Die Fokussierung auf den Vertrieb f\u00f6rdert wichtige Marktkompetenzen wie \u00dcberzeugungskraft, Kommunikationsst\u00e4rke und Verhandlungsgeschick. Dies wertet Ihren Lebenslauf auf und kann Ihnen zuk\u00fcnftige Karrierechancen er\u00f6ffnen.<\/p>\n<p>Da die Stelle sofort zu besetzen ist, kann der\/die erfolgreiche Kandidat\/in schnell mit der Arbeit beginnen und sich rasch einarbeiten. Die gew\u00e4hrte Autonomie tr\u00e4gt zur pers\u00f6nlichen Weiterentwicklung bei.<\/p>\n<h2>Negative Punkte, die zu ber\u00fccksichtigen sind<\/h2>\n<p>Befristete Stellen bieten nicht immer langfristige Stabilit\u00e4t. Fachkr\u00e4fte m\u00fcssen ihre n\u00e4chsten Karriereschritte sorgf\u00e4ltig planen, um Phasen der Inaktivit\u00e4t nach Vertragsende zu vermeiden.<\/p>\n<p>Das Gehalt ist verhandelbar, daher ist die H\u00f6he des Verdienstes schwer vorhersehbar und es kann notwendig sein, die Betr\u00e4ge w\u00e4hrend des Auswahlprozesses auszuhandeln.<\/p>\n<p>Dar\u00fcber hinaus kann das Verkaufstempo anspruchsvoll sein und erfordert Durchhalteverm\u00f6gen, um die Ziele zu erreichen und mit potenziellen R\u00fcckschl\u00e4gen im Verkaufsprozess umzugehen.<\/p>\n<h2>Endg\u00fcltiges Urteil<\/h2>\n<p>Die befristete Stelle als Vertriebsmitarbeiter\/in eignet sich f\u00fcr proaktive und zielstrebige Personen, die Wert auf selbstst\u00e4ndiges Arbeiten legen und ihre Vertriebskompetenzen weiterentwickeln m\u00f6chten. Da es sich um eine kurzfristige T\u00e4tigkeit handelt, ist sie ideal f\u00fcr alle, die neue Erfahrungen sammeln oder schnell eine Anstellung finden m\u00f6chten. Lernm\u00f6glichkeiten sind garantiert, insbesondere f\u00fcr diejenigen, die Herausforderungen und Flexibilit\u00e4t sch\u00e4tzen.<\/p>\n<div style=\"background: #ffffff; border-radius: 12px; box-shadow: 0 10px 30px rgba(0, 0, 0, 0.1); width: 100%; max-width: 340px; padding: 25px; transition: transform 0.3s ease-in-out; overflow: visible; display: flex; flex-direction: column; position: relative; border: 1px solid #28a745; margin-top: 70px; margin-bottom: 50px; margin-left: auto; margin-right: auto;\">\n<div style=\"position: absolute; top: -35px; right: 15px; color: #28a745; padding: 5px 10px; border-radius: 6px; font-size: 14px; font-weight: bold; display: flex; align-items: center; z-index: 10;\">F\u00fcr Sie empfohlen<\/div>\n<div data-namespace-header=\"\" style=\"\">\n<h3 data-namespace-title=\"\" style=\"color: #333; font-size: 20px; font-weight: bold; text-align: left; margin-right: 50px; min-height: 50px; margin-top: 0px;\">Gesch\u00e4ftsmann<\/h3>\n<\/p><\/div>\n<p data-namespace-prompt=\"\" style=\"font-size: 16px; color: #666; margin-bottom: 20px; line-height: 1.5; flex-grow: 1; text-align: left; margin-top: 0px;\">Befristete T\u00e4tigkeit im Vereinssektor mit Schwerpunkt Vertrieb. Eigeninitiative und selbstst\u00e4ndiges Arbeiten sind gefragt. Dynamische Position mit verhandelbarem Gehalt und M\u00f6glichkeiten zur Weiterentwicklung Ihrer F\u00e4higkeiten.<\/p>\n<p>    <a data-namespace-url=\"\" href=\"https:\/\/zonacuriosa.com.br\/de\/redirect\/?https:\/\/www.bne.com.br\/vaga-de-emprego-na-area-associacoes-e-diversos-em-guarulhos-sp\/empresario\/4615765?utm_campaign=google_jobs_apply&#038;utm_source=google_jobs_apply&#038;utm_medium=organic\" style=\"width: 100%; display: inline-block; color: white; text-decoration: none; border-radius: 6px; font-size: 16px; font-weight: bold; text-align: center; transition: transform 0.3s ease, background 0.3s ease; margin-top: auto;\" data-namespace-id=\"5c0d2565-3ba9-4280-a382-ad2a691e2285\"><br \/>\n        <button style=\"width: 100%; height: 55px; background: #e9e9ed; border: 1px solid black; color: black;\">Jetzt bewerben<\/button><br \/>\n    <\/a><br \/>\n    <small style=\"margin-top: 10px; color: #777; font-size: 12px; text-align: center; display: block;\">Sie werden auf eine andere Website weitergeleitet.<\/small>\n<\/div>\n<\/div>","protected":false},"excerpt":{"rendered":"<p>Tempor\u00e4re Chance f\u00fcr einen unternehmerisch denkenden Vertriebsprofi mit ausgepr\u00e4gter Eigeninitiative. Gehalt nach Vereinbarung, viel Freiraum zum Lernen und Weiterentwickeln. \u00dcberzeugen Sie sich selbst und bewerben Sie sich!<\/p>","protected":false},"author":113,"featured_media":0,"comment_status":"open","ping_status":"open","sticky":false,"template":"","format":"standard","meta":{"footnotes":""},"categories":[11],"tags":[],"yoast_head":"<!-- This site is optimized with the Yoast SEO plugin v23.3 - https:\/\/yoast.com\/wordpress\/plugins\/seo\/ -->\n<title>Vaga para Empres\u00e1rio: Tempor\u00e1rio com Foco em Vendas e Proatividade - Zona Curiosa<\/title>\n<meta name=\"robots\" content=\"index, follow, max-snippet:-1, max-image-preview:large, max-video-preview:-1\" \/>\n<link rel=\"canonical\" href=\"https:\/\/zonacuriosa.com.br\/de\/79a8f42c-c95c-4990-9872-e570bf048444\/\" \/>\n<meta property=\"og:locale\" content=\"de_DE\" \/>\n<meta property=\"og:type\" content=\"article\" \/>\n<meta property=\"og:title\" content=\"Vaga para Empres\u00e1rio: Tempor\u00e1rio com Foco em Vendas e Proatividade - Zona Curiosa\" \/>\n<meta property=\"og:description\" content=\"Oportunidade tempor\u00e1ria para empres\u00e1rio com foco em vendas e proatividade. Sal\u00e1rio a combinar e autonomia para aprender e crescer. Veja os pontos positivos e candidate-se!\" \/>\n<meta property=\"og:url\" content=\"https:\/\/zonacuriosa.com.br\/de\/79a8f42c-c95c-4990-9872-e570bf048444\/\" \/>\n<meta property=\"og:site_name\" content=\"Zona Curiosa\" \/>\n<meta property=\"article:published_time\" content=\"2025-09-23T22:59:00+00:00\" \/>\n<meta property=\"article:modified_time\" content=\"2025-09-23T22:59:40+00:00\" \/>\n<meta name=\"author\" content=\"ederaugusttomuller\" \/>\n<meta name=\"twitter:card\" content=\"summary_large_image\" \/>\n<meta name=\"twitter:label1\" content=\"Written by\" \/>\n\t<meta name=\"twitter:data1\" content=\"ederaugusttomuller\" \/>\n\t<meta name=\"twitter:label2\" content=\"Est. reading time\" \/>\n\t<meta name=\"twitter:data2\" content=\"3 Minuten\" \/>\n<script type=\"application\/ld+json\" class=\"yoast-schema-graph\">{\"@context\":\"https:\/\/schema.org\",\"@graph\":[{\"@type\":\"WebPage\",\"@id\":\"https:\/\/zonacuriosa.com.br\/79a8f42c-c95c-4990-9872-e570bf048444\/\",\"url\":\"https:\/\/zonacuriosa.com.br\/79a8f42c-c95c-4990-9872-e570bf048444\/\",\"name\":\"Vaga para Empres\u00e1rio: Tempor\u00e1rio com Foco em Vendas e Proatividade - Zona Curiosa\",\"isPartOf\":{\"@id\":\"https:\/\/zonacuriosa.com.br\/#website\"},\"datePublished\":\"2025-09-23T22:59:00+00:00\",\"dateModified\":\"2025-09-23T22:59:40+00:00\",\"author\":{\"@id\":\"https:\/\/zonacuriosa.com.br\/#\/schema\/person\/890d2e5780ff9ae3803551e7f1d7a46d\"},\"breadcrumb\":{\"@id\":\"https:\/\/zonacuriosa.com.br\/79a8f42c-c95c-4990-9872-e570bf048444\/#breadcrumb\"},\"inLanguage\":\"de-DE\",\"potentialAction\":[{\"@type\":\"ReadAction\",\"target\":[\"https:\/\/zonacuriosa.com.br\/79a8f42c-c95c-4990-9872-e570bf048444\/\"]}]},{\"@type\":\"BreadcrumbList\",\"@id\":\"https:\/\/zonacuriosa.com.br\/79a8f42c-c95c-4990-9872-e570bf048444\/#breadcrumb\",\"itemListElement\":[{\"@type\":\"ListItem\",\"position\":1,\"name\":\"Home\",\"item\":\"https:\/\/zonacuriosa.com.br\/\"},{\"@type\":\"ListItem\",\"position\":2,\"name\":\"Vaga para Empres\u00e1rio: Tempor\u00e1rio com Foco em Vendas e Proatividade\"}]},{\"@type\":\"WebSite\",\"@id\":\"https:\/\/zonacuriosa.com.br\/#website\",\"url\":\"https:\/\/zonacuriosa.com.br\/\",\"name\":\"Zona Curiosa\",\"description\":\"\",\"potentialAction\":[{\"@type\":\"SearchAction\",\"target\":{\"@type\":\"EntryPoint\",\"urlTemplate\":\"https:\/\/zonacuriosa.com.br\/?s={search_term_string}\"},\"query-input\":\"required name=search_term_string\"}],\"inLanguage\":\"de-DE\"},{\"@type\":\"Person\",\"@id\":\"https:\/\/zonacuriosa.com.br\/#\/schema\/person\/890d2e5780ff9ae3803551e7f1d7a46d\",\"name\":\"ederaugusttomuller\",\"image\":{\"@type\":\"ImageObject\",\"inLanguage\":\"de-DE\",\"@id\":\"https:\/\/zonacuriosa.com.br\/#\/schema\/person\/image\/\",\"url\":\"https:\/\/secure.gravatar.com\/avatar\/96357ca64e7ff2bf802e5dba125702c6?s=96&d=mm&r=g\",\"contentUrl\":\"https:\/\/secure.gravatar.com\/avatar\/96357ca64e7ff2bf802e5dba125702c6?s=96&d=mm&r=g\",\"caption\":\"ederaugusttomuller\"},\"url\":\"https:\/\/zonacuriosa.com.br\/de\/author\/ederaugusttomuller\/\"}]}<\/script>\n<!-- \/ Yoast SEO plugin. -->","yoast_head_json":{"title":"Vaga para Empres\u00e1rio: Tempor\u00e1rio com Foco em Vendas e Proatividade - Zona Curiosa","robots":{"index":"index","follow":"follow","max-snippet":"max-snippet:-1","max-image-preview":"max-image-preview:large","max-video-preview":"max-video-preview:-1"},"canonical":"https:\/\/zonacuriosa.com.br\/de\/79a8f42c-c95c-4990-9872-e570bf048444\/","og_locale":"de_DE","og_type":"article","og_title":"Vaga para Empres\u00e1rio: Tempor\u00e1rio com Foco em Vendas e Proatividade - Zona Curiosa","og_description":"Oportunidade tempor\u00e1ria para empres\u00e1rio com foco em vendas e proatividade. Sal\u00e1rio a combinar e autonomia para aprender e crescer. Veja os pontos positivos e candidate-se!","og_url":"https:\/\/zonacuriosa.com.br\/de\/79a8f42c-c95c-4990-9872-e570bf048444\/","og_site_name":"Zona Curiosa","article_published_time":"2025-09-23T22:59:00+00:00","article_modified_time":"2025-09-23T22:59:40+00:00","author":"ederaugusttomuller","twitter_card":"summary_large_image","twitter_misc":{"Written by":"ederaugusttomuller","Est. reading time":"3 Minuten"},"schema":{"@context":"https:\/\/schema.org","@graph":[{"@type":"WebPage","@id":"https:\/\/zonacuriosa.com.br\/79a8f42c-c95c-4990-9872-e570bf048444\/","url":"https:\/\/zonacuriosa.com.br\/79a8f42c-c95c-4990-9872-e570bf048444\/","name":"Vaga para Empres\u00e1rio: Tempor\u00e1rio com Foco em Vendas e Proatividade - Zona Curiosa","isPartOf":{"@id":"https:\/\/zonacuriosa.com.br\/#website"},"datePublished":"2025-09-23T22:59:00+00:00","dateModified":"2025-09-23T22:59:40+00:00","author":{"@id":"https:\/\/zonacuriosa.com.br\/#\/schema\/person\/890d2e5780ff9ae3803551e7f1d7a46d"},"breadcrumb":{"@id":"https:\/\/zonacuriosa.com.br\/79a8f42c-c95c-4990-9872-e570bf048444\/#breadcrumb"},"inLanguage":"de-DE","potentialAction":[{"@type":"ReadAction","target":["https:\/\/zonacuriosa.com.br\/79a8f42c-c95c-4990-9872-e570bf048444\/"]}]},{"@type":"BreadcrumbList","@id":"https:\/\/zonacuriosa.com.br\/79a8f42c-c95c-4990-9872-e570bf048444\/#breadcrumb","itemListElement":[{"@type":"ListItem","position":1,"name":"Home","item":"https:\/\/zonacuriosa.com.br\/"},{"@type":"ListItem","position":2,"name":"Vaga para Empres\u00e1rio: Tempor\u00e1rio com Foco em Vendas e Proatividade"}]},{"@type":"WebSite","@id":"https:\/\/zonacuriosa.com.br\/#website","url":"https:\/\/zonacuriosa.com.br\/","name":"Zona Curiosa","description":"","potentialAction":[{"@type":"SearchAction","target":{"@type":"EntryPoint","urlTemplate":"https:\/\/zonacuriosa.com.br\/?s={search_term_string}"},"query-input":"required name=search_term_string"}],"inLanguage":"de-DE"},{"@type":"Person","@id":"https:\/\/zonacuriosa.com.br\/#\/schema\/person\/890d2e5780ff9ae3803551e7f1d7a46d","name":"ederaugusttomuller","image":{"@type":"ImageObject","inLanguage":"de-DE","@id":"https:\/\/zonacuriosa.com.br\/#\/schema\/person\/image\/","url":"https:\/\/secure.gravatar.com\/avatar\/96357ca64e7ff2bf802e5dba125702c6?s=96&d=mm&r=g","contentUrl":"https:\/\/secure.gravatar.com\/avatar\/96357ca64e7ff2bf802e5dba125702c6?s=96&d=mm&r=g","caption":"ederaugusttomuller"},"url":"https:\/\/zonacuriosa.com.br\/de\/author\/ederaugusttomuller\/"}]}},"_links":{"self":[{"href":"https:\/\/zonacuriosa.com.br\/de\/wp-json\/wp\/v2\/posts\/35974"}],"collection":[{"href":"https:\/\/zonacuriosa.com.br\/de\/wp-json\/wp\/v2\/posts"}],"about":[{"href":"https:\/\/zonacuriosa.com.br\/de\/wp-json\/wp\/v2\/types\/post"}],"author":[{"embeddable":true,"href":"https:\/\/zonacuriosa.com.br\/de\/wp-json\/wp\/v2\/users\/113"}],"replies":[{"embeddable":true,"href":"https:\/\/zonacuriosa.com.br\/de\/wp-json\/wp\/v2\/comments?post=35974"}],"version-history":[{"count":1,"href":"https:\/\/zonacuriosa.com.br\/de\/wp-json\/wp\/v2\/posts\/35974\/revisions"}],"predecessor-version":[{"id":35987,"href":"https:\/\/zonacuriosa.com.br\/de\/wp-json\/wp\/v2\/posts\/35974\/revisions\/35987"}],"wp:attachment":[{"href":"https:\/\/zonacuriosa.com.br\/de\/wp-json\/wp\/v2\/media?parent=35974"}],"wp:term":[{"taxonomy":"category","embeddable":true,"href":"https:\/\/zonacuriosa.com.br\/de\/wp-json\/wp\/v2\/categories?post=35974"},{"taxonomy":"post_tag","embeddable":true,"href":"https:\/\/zonacuriosa.com.br\/de\/wp-json\/wp\/v2\/tags?post=35974"}],"curies":[{"name":"wp","href":"https:\/\/api.w.org\/{rel}","templated":true}]}}