{"id":103081,"date":"2026-04-09T12:07:00","date_gmt":"2026-04-09T12:07:00","guid":{"rendered":"https:\/\/zonacuriosa.com.br\/15f8841a-0bc8-4a8f-9367-afd8afef4563\/"},"modified":"2026-04-09T12:07:58","modified_gmt":"2026-04-09T12:07:58","slug":"15f8841a-0bc8-4a8f-9367-afd8afef4563","status":"publish","type":"post","link":"https:\/\/zonacuriosa.com.br\/de\/15f8841a-0bc8-4a8f-9367-afd8afef4563\/","title":{"rendered":"Auxiliar Administrativo PCD: Benef\u00edcios, Jornada e Como se Destacar"},"content":{"rendered":"<div class=\"mx-5 sm:mx-0 prose text-left mb-5\">\n<\/p>\n<div style=\"background: #ffffff; border-radius: 12px; box-shadow: 0 10px 30px rgba(0, 0, 0, 0.1); width: 100%; max-width: 340px; padding: 25px; transition: transform 0.3s ease-in-out; overflow: visible; display: flex; flex-direction: column; position: relative; border: 1px solid #28a745; margin-top: 70px; margin-bottom: 50px; margin-left: auto; margin-right: auto;\">\n<div style=\"position: absolute; top: -35px; right: 15px; color: #28a745; padding: 5px 10px; border-radius: 6px; font-size: 14px; font-weight: bold; display: flex; align-items: center; z-index: 10;\">F\u00fcr Sie empfohlen<\/div>\n<div data-namespace-header=\"\" style=\"\">\n<h3 data-namespace-title=\"\" style=\"color: #333; font-size: 20px; font-weight: bold; text-align: left; margin-right: 50px; min-height: 50px; margin-top: 0px;\">Verwaltungsassistent\/in (mit Behinderung)<\/h3>\n<\/p><\/div>\n<p data-namespace-prompt=\"\" style=\"font-size: 16px; color: #666; margin-bottom: 20px; line-height: 1.5; flex-grow: 1; text-align: left; margin-top: 0px;\">Vaga efetiva presencial com benef\u00edcios como participa\u00e7\u00e3o nos lucros, planos de sa\u00fade, vale alimenta\u00e7\u00e3o e desconto em aluguel de ve\u00edculos. Exige ensino m\u00e9dio e experi\u00eancia administrativa.<\/p>\n<p>    <a data-namespace-url=\"\" href=\"https:\/\/zonacuriosa.com.br\/de\/redirect\/?https:\/\/localiza.gupy.io\/jobs\/11027568?jobBoardSource=gupy_public_page&#038;utm_campaign=google_jobs_apply&#038;utm_source=google_jobs_apply&#038;utm_medium=organic\" style=\"width: 100%; display: inline-block; color: white; text-decoration: none; border-radius: 6px; font-size: 16px; font-weight: bold; text-align: center; transition: transform 0.3s ease, background 0.3s ease; margin-top: auto;\" data-namespace-id=\"5c0d2565-3ba9-4280-a382-ad2a691e2285\"><br \/>\n        <button style=\"width: 100%; height: 55px; background: #e9e9ed; border: 1px solid black; color: black;\">Bewerben Sie sich f\u00fcr die Stelle<\/button><br \/>\n    <\/a><br \/>\n    <small style=\"margin-top: 10px; color: #777; font-size: 12px; text-align: center; display: block;\">Sie werden auf eine andere Website weitergeleitet.<\/small>\n<\/div>\n<h2>Oportunidade de Emprego e Condi\u00e7\u00f5es<\/h2>\n<p>O cargo de Auxiliar Administrativo PCD oferece contrata\u00e7\u00e3o formal e jornada presencial, com foco em inclus\u00e3o e desenvolvimento de pessoas com defici\u00eancia.<\/p>\n<p>A remunera\u00e7\u00e3o n\u00e3o foi divulgada, mas a empresa proporciona ampla variedade de benef\u00edcios, incluindo programas de desenvolvimento e descontos exclusivos.<\/p>\n<p>Entre os requisitos, exigem ensino m\u00e9dio completo, dom\u00ednio do pacote Office e experi\u00eancia pr\u00e9via em rotinas administrativas b\u00e1sicas.<\/p>\n<p>O ambiente \u00e9 colaborativo, com treinamento interno constante e acesso a uma universidade corporativa para aprimoramento cont\u00ednuo dos colaboradores.<\/p>\n<p>H\u00e1 incentivo real ao crescimento na carreira, valorizando diversidade e incentivando o alto desempenho diariamente.<\/p>\n<h2>Tagesablauf und Verantwortlichkeiten<\/h2>\n<p>A rotina do Auxiliar Administrativo envolve apoio no controle e compra de materiais, confer\u00eancia de notas fiscais, gest\u00e3o de pagamentos e inclus\u00e3o de dados em sistemas internos.<\/p>\n<p>Entre outras tarefas, est\u00e1 a administra\u00e7\u00e3o de benef\u00edcios, organiza\u00e7\u00e3o documental e agilidade nos processos de contas a pagar nas filiais.<\/p>\n<p>O contato com outros setores \u00e9 comum, criando oportunidades para expandir habilidades interpessoais e adquirir conhecimento multidisciplinar.<\/p>\n<p>O profissional precisa lidar com demandas variadas, demonstrando organiza\u00e7\u00e3o e aten\u00e7\u00e3o a detalhes nas rotinas di\u00e1rias.<\/p>\n<p>Essas atividades proporcionam experi\u00eancia valiosa para quem busca se consolidar na \u00e1rea administrativa.<\/p>\n<h2>Positive Aspekte der Position.<\/h2>\n<p>Um grande destaque \u00e9 o suporte oferecido ao desenvolvimento pessoal, com treinamentos constantes e acesso a diversos cursos.<\/p>\n<p>O pacote de benef\u00edcios \u00e9 competitivo, incluindo participa\u00e7\u00e3o nos lucros, vales diversos, conv\u00eanios de sa\u00fade e op\u00e7\u00f5es diferenciadas como aux\u00edlio creche.<\/p>\n<h2>Verbesserungspotenzial<\/h2>\n<p>O ritmo pode ser intenso em per\u00edodos de maior demanda administrativa, exigindo disposi\u00e7\u00e3o e boa gest\u00e3o do tempo por parte do candidato.<\/p>\n<p>Como n\u00e3o h\u00e1 divulga\u00e7\u00e3o p\u00fablica da faixa salarial, interessados precisam alinhar expectativas diretamente com o time de sele\u00e7\u00e3o na fase final do processo.<\/p>\n<h2>Endg\u00fcltiges Urteil<\/h2>\n<p>Para profissionais PCD em busca de oportunidade administrativa est\u00e1vel, com m\u00faltiplos benef\u00edcios e ambiente inclusivo, esta vaga \u00e9 recomendada.<\/p>\n<p>\u00c9 poss\u00edvel crescer e aprender muito, principalmente para quem valoriza aprendizado cont\u00ednuo e deseja construir uma carreira s\u00f3lida.<\/p>\n<div style=\"background: #ffffff; border-radius: 12px; box-shadow: 0 10px 30px rgba(0, 0, 0, 0.1); width: 100%; max-width: 340px; padding: 25px; transition: transform 0.3s ease-in-out; overflow: visible; display: flex; flex-direction: column; position: relative; border: 1px solid #28a745; margin-top: 70px; margin-bottom: 50px; margin-left: auto; margin-right: auto;\">\n<div style=\"position: absolute; top: -35px; right: 15px; color: #28a745; padding: 5px 10px; border-radius: 6px; font-size: 14px; font-weight: bold; display: flex; align-items: center; z-index: 10;\">F\u00fcr Sie empfohlen<\/div>\n<div data-namespace-header=\"\" style=\"\">\n<h3 data-namespace-title=\"\" style=\"color: #333; font-size: 20px; font-weight: bold; text-align: left; margin-right: 50px; min-height: 50px; margin-top: 0px;\">Verwaltungsassistent\/in (mit Behinderung)<\/h3>\n<\/p><\/div>\n<p data-namespace-prompt=\"\" style=\"font-size: 16px; color: #666; margin-bottom: 20px; line-height: 1.5; flex-grow: 1; text-align: left; margin-top: 0px;\">Vaga efetiva presencial com benef\u00edcios como participa\u00e7\u00e3o nos lucros, planos de sa\u00fade, vale alimenta\u00e7\u00e3o e desconto em aluguel de ve\u00edculos. Exige ensino m\u00e9dio e experi\u00eancia administrativa.<\/p>\n<p>    <a data-namespace-url=\"\" href=\"https:\/\/zonacuriosa.com.br\/de\/redirect\/?https:\/\/localiza.gupy.io\/jobs\/11027568?jobBoardSource=gupy_public_page&#038;utm_campaign=google_jobs_apply&#038;utm_source=google_jobs_apply&#038;utm_medium=organic\" style=\"width: 100%; display: inline-block; color: white; text-decoration: none; border-radius: 6px; font-size: 16px; font-weight: bold; text-align: center; transition: transform 0.3s ease, background 0.3s ease; margin-top: auto;\" data-namespace-id=\"5c0d2565-3ba9-4280-a382-ad2a691e2285\"><br \/>\n        <button style=\"width: 100%; height: 55px; background: #e9e9ed; border: 1px solid black; color: black;\">Bewerben Sie sich f\u00fcr die Stelle<\/button><br \/>\n    <\/a><br \/>\n    <small style=\"margin-top: 10px; color: #777; font-size: 12px; text-align: center; display: block;\">Sie werden auf eine andere Website weitergeleitet.<\/small>\n<\/div>\n<\/div>","protected":false},"excerpt":{"rendered":"<p>Descubra se a vaga de Auxiliar Administrativo PCD \u00e9 ideal para voc\u00ea! Saiba sobre benef\u00edcios, rotina, vantagens e nosso veredito sobre esta oportunidade de carreira.<\/p>","protected":false},"author":113,"featured_media":0,"comment_status":"open","ping_status":"open","sticky":false,"template":"","format":"standard","meta":{"footnotes":""},"categories":[11],"tags":[],"yoast_head":"<!-- This site is optimized with the Yoast SEO plugin v23.3 - https:\/\/yoast.com\/wordpress\/plugins\/seo\/ -->\n<title>Auxiliar Administrativo PCD: Benef\u00edcios, Jornada e Como se Destacar - Zona Curiosa<\/title>\n<meta name=\"robots\" content=\"index, follow, max-snippet:-1, max-image-preview:large, max-video-preview:-1\" \/>\n<link rel=\"canonical\" href=\"https:\/\/zonacuriosa.com.br\/de\/15f8841a-0bc8-4a8f-9367-afd8afef4563\/\" \/>\n<meta property=\"og:locale\" content=\"de_DE\" \/>\n<meta property=\"og:type\" content=\"article\" \/>\n<meta property=\"og:title\" content=\"Auxiliar Administrativo PCD: Benef\u00edcios, Jornada e Como se Destacar - Zona Curiosa\" \/>\n<meta property=\"og:description\" content=\"Descubra se a vaga de Auxiliar Administrativo PCD \u00e9 ideal para voc\u00ea! Saiba sobre benef\u00edcios, rotina, vantagens e nosso veredito sobre esta oportunidade de carreira.\" \/>\n<meta property=\"og:url\" content=\"https:\/\/zonacuriosa.com.br\/de\/15f8841a-0bc8-4a8f-9367-afd8afef4563\/\" \/>\n<meta property=\"og:site_name\" content=\"Zona Curiosa\" \/>\n<meta property=\"article:published_time\" content=\"2026-04-09T12:07:00+00:00\" \/>\n<meta property=\"article:modified_time\" content=\"2026-04-09T12:07:58+00:00\" \/>\n<meta name=\"author\" content=\"ederaugusttomuller\" \/>\n<meta name=\"twitter:card\" content=\"summary_large_image\" \/>\n<meta name=\"twitter:label1\" content=\"Written by\" \/>\n\t<meta name=\"twitter:data1\" content=\"ederaugusttomuller\" \/>\n\t<meta name=\"twitter:label2\" content=\"Est. reading time\" \/>\n\t<meta name=\"twitter:data2\" content=\"2 Minuten\" \/>\n<script type=\"application\/ld+json\" class=\"yoast-schema-graph\">{\"@context\":\"https:\/\/schema.org\",\"@graph\":[{\"@type\":\"WebPage\",\"@id\":\"https:\/\/zonacuriosa.com.br\/15f8841a-0bc8-4a8f-9367-afd8afef4563\/\",\"url\":\"https:\/\/zonacuriosa.com.br\/15f8841a-0bc8-4a8f-9367-afd8afef4563\/\",\"name\":\"Auxiliar Administrativo PCD: Benef\u00edcios, Jornada e Como se Destacar - Zona Curiosa\",\"isPartOf\":{\"@id\":\"https:\/\/zonacuriosa.com.br\/#website\"},\"datePublished\":\"2026-04-09T12:07:00+00:00\",\"dateModified\":\"2026-04-09T12:07:58+00:00\",\"author\":{\"@id\":\"https:\/\/zonacuriosa.com.br\/#\/schema\/person\/890d2e5780ff9ae3803551e7f1d7a46d\"},\"breadcrumb\":{\"@id\":\"https:\/\/zonacuriosa.com.br\/15f8841a-0bc8-4a8f-9367-afd8afef4563\/#breadcrumb\"},\"inLanguage\":\"de-DE\",\"potentialAction\":[{\"@type\":\"ReadAction\",\"target\":[\"https:\/\/zonacuriosa.com.br\/15f8841a-0bc8-4a8f-9367-afd8afef4563\/\"]}]},{\"@type\":\"BreadcrumbList\",\"@id\":\"https:\/\/zonacuriosa.com.br\/15f8841a-0bc8-4a8f-9367-afd8afef4563\/#breadcrumb\",\"itemListElement\":[{\"@type\":\"ListItem\",\"position\":1,\"name\":\"Home\",\"item\":\"https:\/\/zonacuriosa.com.br\/\"},{\"@type\":\"ListItem\",\"position\":2,\"name\":\"Auxiliar Administrativo PCD: Benef\u00edcios, Jornada e Como se Destacar\"}]},{\"@type\":\"WebSite\",\"@id\":\"https:\/\/zonacuriosa.com.br\/#website\",\"url\":\"https:\/\/zonacuriosa.com.br\/\",\"name\":\"Zona Curiosa\",\"description\":\"\",\"potentialAction\":[{\"@type\":\"SearchAction\",\"target\":{\"@type\":\"EntryPoint\",\"urlTemplate\":\"https:\/\/zonacuriosa.com.br\/?s={search_term_string}\"},\"query-input\":\"required name=search_term_string\"}],\"inLanguage\":\"de-DE\"},{\"@type\":\"Person\",\"@id\":\"https:\/\/zonacuriosa.com.br\/#\/schema\/person\/890d2e5780ff9ae3803551e7f1d7a46d\",\"name\":\"ederaugusttomuller\",\"image\":{\"@type\":\"ImageObject\",\"inLanguage\":\"de-DE\",\"@id\":\"https:\/\/zonacuriosa.com.br\/#\/schema\/person\/image\/\",\"url\":\"https:\/\/secure.gravatar.com\/avatar\/96357ca64e7ff2bf802e5dba125702c6?s=96&d=mm&r=g\",\"contentUrl\":\"https:\/\/secure.gravatar.com\/avatar\/96357ca64e7ff2bf802e5dba125702c6?s=96&d=mm&r=g\",\"caption\":\"ederaugusttomuller\"},\"url\":\"https:\/\/zonacuriosa.com.br\/de\/author\/ederaugusttomuller\/\"}]}<\/script>\n<!-- \/ Yoast SEO plugin. -->","yoast_head_json":{"title":"Auxiliar Administrativo PCD: Benef\u00edcios, Jornada e Como se Destacar - Zona Curiosa","robots":{"index":"index","follow":"follow","max-snippet":"max-snippet:-1","max-image-preview":"max-image-preview:large","max-video-preview":"max-video-preview:-1"},"canonical":"https:\/\/zonacuriosa.com.br\/de\/15f8841a-0bc8-4a8f-9367-afd8afef4563\/","og_locale":"de_DE","og_type":"article","og_title":"Auxiliar Administrativo PCD: Benef\u00edcios, Jornada e Como se Destacar - Zona Curiosa","og_description":"Descubra se a vaga de Auxiliar Administrativo PCD \u00e9 ideal para voc\u00ea! Saiba sobre benef\u00edcios, rotina, vantagens e nosso veredito sobre esta oportunidade de carreira.","og_url":"https:\/\/zonacuriosa.com.br\/de\/15f8841a-0bc8-4a8f-9367-afd8afef4563\/","og_site_name":"Zona Curiosa","article_published_time":"2026-04-09T12:07:00+00:00","article_modified_time":"2026-04-09T12:07:58+00:00","author":"ederaugusttomuller","twitter_card":"summary_large_image","twitter_misc":{"Written by":"ederaugusttomuller","Est. reading time":"2 Minuten"},"schema":{"@context":"https:\/\/schema.org","@graph":[{"@type":"WebPage","@id":"https:\/\/zonacuriosa.com.br\/15f8841a-0bc8-4a8f-9367-afd8afef4563\/","url":"https:\/\/zonacuriosa.com.br\/15f8841a-0bc8-4a8f-9367-afd8afef4563\/","name":"Auxiliar Administrativo PCD: Benef\u00edcios, Jornada e Como se Destacar - Zona Curiosa","isPartOf":{"@id":"https:\/\/zonacuriosa.com.br\/#website"},"datePublished":"2026-04-09T12:07:00+00:00","dateModified":"2026-04-09T12:07:58+00:00","author":{"@id":"https:\/\/zonacuriosa.com.br\/#\/schema\/person\/890d2e5780ff9ae3803551e7f1d7a46d"},"breadcrumb":{"@id":"https:\/\/zonacuriosa.com.br\/15f8841a-0bc8-4a8f-9367-afd8afef4563\/#breadcrumb"},"inLanguage":"de-DE","potentialAction":[{"@type":"ReadAction","target":["https:\/\/zonacuriosa.com.br\/15f8841a-0bc8-4a8f-9367-afd8afef4563\/"]}]},{"@type":"BreadcrumbList","@id":"https:\/\/zonacuriosa.com.br\/15f8841a-0bc8-4a8f-9367-afd8afef4563\/#breadcrumb","itemListElement":[{"@type":"ListItem","position":1,"name":"Home","item":"https:\/\/zonacuriosa.com.br\/"},{"@type":"ListItem","position":2,"name":"Auxiliar Administrativo PCD: Benef\u00edcios, Jornada e Como se Destacar"}]},{"@type":"WebSite","@id":"https:\/\/zonacuriosa.com.br\/#website","url":"https:\/\/zonacuriosa.com.br\/","name":"Zona Curiosa","description":"","potentialAction":[{"@type":"SearchAction","target":{"@type":"EntryPoint","urlTemplate":"https:\/\/zonacuriosa.com.br\/?s={search_term_string}"},"query-input":"required name=search_term_string"}],"inLanguage":"de-DE"},{"@type":"Person","@id":"https:\/\/zonacuriosa.com.br\/#\/schema\/person\/890d2e5780ff9ae3803551e7f1d7a46d","name":"ederaugusttomuller","image":{"@type":"ImageObject","inLanguage":"de-DE","@id":"https:\/\/zonacuriosa.com.br\/#\/schema\/person\/image\/","url":"https:\/\/secure.gravatar.com\/avatar\/96357ca64e7ff2bf802e5dba125702c6?s=96&d=mm&r=g","contentUrl":"https:\/\/secure.gravatar.com\/avatar\/96357ca64e7ff2bf802e5dba125702c6?s=96&d=mm&r=g","caption":"ederaugusttomuller"},"url":"https:\/\/zonacuriosa.com.br\/de\/author\/ederaugusttomuller\/"}]}},"_links":{"self":[{"href":"https:\/\/zonacuriosa.com.br\/de\/wp-json\/wp\/v2\/posts\/103081"}],"collection":[{"href":"https:\/\/zonacuriosa.com.br\/de\/wp-json\/wp\/v2\/posts"}],"about":[{"href":"https:\/\/zonacuriosa.com.br\/de\/wp-json\/wp\/v2\/types\/post"}],"author":[{"embeddable":true,"href":"https:\/\/zonacuriosa.com.br\/de\/wp-json\/wp\/v2\/users\/113"}],"replies":[{"embeddable":true,"href":"https:\/\/zonacuriosa.com.br\/de\/wp-json\/wp\/v2\/comments?post=103081"}],"version-history":[{"count":1,"href":"https:\/\/zonacuriosa.com.br\/de\/wp-json\/wp\/v2\/posts\/103081\/revisions"}],"predecessor-version":[{"id":103090,"href":"https:\/\/zonacuriosa.com.br\/de\/wp-json\/wp\/v2\/posts\/103081\/revisions\/103090"}],"wp:attachment":[{"href":"https:\/\/zonacuriosa.com.br\/de\/wp-json\/wp\/v2\/media?parent=103081"}],"wp:term":[{"taxonomy":"category","embeddable":true,"href":"https:\/\/zonacuriosa.com.br\/de\/wp-json\/wp\/v2\/categories?post=103081"},{"taxonomy":"post_tag","embeddable":true,"href":"https:\/\/zonacuriosa.com.br\/de\/wp-json\/wp\/v2\/tags?post=103081"}],"curies":[{"name":"wp","href":"https:\/\/api.w.org\/{rel}","templated":true}]}}