{"id":102591,"date":"2026-04-07T15:19:00","date_gmt":"2026-04-07T15:19:00","guid":{"rendered":"https:\/\/zonacuriosa.com.br\/3c62121a-517e-4314-a437-c0ca4bf9f966\/"},"modified":"2026-04-07T15:19:34","modified_gmt":"2026-04-07T15:19:34","slug":"3c62121a-517e-4314-a437-c0ca4bf9f966","status":"publish","type":"post","link":"https:\/\/zonacuriosa.com.br\/de\/3c62121a-517e-4314-a437-c0ca4bf9f966\/","title":{"rendered":"Coordenador de Regula\u00e7\u00e3o Acad\u00eamica: Home Office, Benef\u00edcios e Crescimento"},"content":{"rendered":"<div class=\"mx-5 sm:mx-0 prose text-left mb-5\">\n<\/p>\n<div style=\"background: #ffffff; border-radius: 12px; box-shadow: 0 10px 30px rgba(0, 0, 0, 0.1); width: 100%; max-width: 340px; padding: 25px; transition: transform 0.3s ease-in-out; overflow: visible; display: flex; flex-direction: column; position: relative; border: 1px solid #28a745; margin-top: 70px; margin-bottom: 50px; margin-left: auto; margin-right: auto;\">\n<div style=\"position: absolute; top: -35px; right: 15px; color: #28a745; padding: 5px 10px; border-radius: 6px; font-size: 14px; font-weight: bold; display: flex; align-items: center; z-index: 10;\">F\u00fcr Sie empfohlen<\/div>\n<div data-namespace-header=\"\" style=\"\">\n<h3 data-namespace-title=\"\" style=\"color: #333; font-size: 20px; font-weight: bold; text-align: left; margin-right: 50px; min-height: 50px; margin-top: 0px;\">Coordenador de Regula\u00e7\u00e3o Acad\u00eamica<\/h3>\n<\/p><\/div>\n<p data-namespace-prompt=\"\" style=\"font-size: 16px; color: #666; margin-bottom: 20px; line-height: 1.5; flex-grow: 1; text-align: left; margin-top: 0px;\">Se voc\u00ea gosta de desafios, possui p\u00f3s-gradua\u00e7\u00e3o, experi\u00eancia no setor de regula\u00e7\u00e3o acad\u00eamica e est\u00e1 em busca de desenvolvimento profissional com home office e benef\u00edcios atrativos, essa vaga \u00e9 para voc\u00ea.<\/p>\n<p>    <a data-namespace-url=\"\" href=\"https:\/\/zonacuriosa.com.br\/de\/redirect\/?https:\/\/trabalheconosco.vagas.com.br\/animaeducacao\/oportunidade\/coordenador-de-regulacao-academica-unp-natal\/2802920?utm_campaign=google_jobs_apply&#038;utm_source=google_jobs_apply&#038;utm_medium=organic\" style=\"width: 100%; display: inline-block; color: white; text-decoration: none; border-radius: 6px; font-size: 16px; font-weight: bold; text-align: center; transition: transform 0.3s ease, background 0.3s ease; margin-top: auto;\" data-namespace-id=\"5c0d2565-3ba9-4280-a382-ad2a691e2285\"><br \/>\n        <button style=\"width: 100%; height: 55px; background: #e9e9ed; border: 1px solid black; color: black;\">Bewerben Sie sich f\u00fcr die Stelle<\/button><br \/>\n    <\/a><br \/>\n    <small style=\"margin-top: 10px; color: #777; font-size: 12px; text-align: center; display: block;\">Sie werden auf eine andere Website weitergeleitet.<\/small>\n<\/div>\n<p>Esta vaga para Coordenador de Regula\u00e7\u00e3o Acad\u00eamica representa uma \u00f3tima oportunidade para quem tem experi\u00eancia e busca estabilidade em uma empresa reconhecida nacionalmente. Embora n\u00e3o seja informado o sal\u00e1rio, o regime \u00e9 home office com uma carga hor\u00e1ria mensal de 220 horas, distribu\u00edda de segunda a sexta, das 8h30 \u00e0s 18h30. A oferta inclui benef\u00edcios como bolsa de estudos, programa de bem-estar, day-off, e incentivos ligados \u00e0 qualidade de vida.<\/p>\n<h2>Responsabilidades e Atividades<\/h2>\n<p>O profissional dever\u00e1 planejar, coordenar e supervisionar os processos de regula\u00e7\u00e3o acad\u00eamica junto aos \u00f3rg\u00e3os reguladores. Isso abrange lidar com a legisla\u00e7\u00e3o vigente da educa\u00e7\u00e3o superior e atuar em sintonia com normas e prazos. Al\u00e9m disso, transformar\u00e1 dados regulat\u00f3rios em insights estrat\u00e9gicos e apoiar\u00e1 a lideran\u00e7a na condu\u00e7\u00e3o do time em contexto nacional.<\/p>\n<p>\u00c9 esperado dom\u00ednio dos sistemas do MEC\/INEP, garantindo conformidade legal em todos os processos institucionais. A rotina exige olhar anal\u00edtico, resolu\u00e7\u00e3o de problemas e atualiza\u00e7\u00e3o constante quanto \u00e0s normas do setor educacional.<\/p>\n<h2>Wichtigste positive Aspekte<\/h2>\n<p>Entre os principais atrativos da vaga est\u00e3o o home office e uma extensa lista de benef\u00edcios, incluindo bolsas de estudo de at\u00e9 100% de desconto. Outro destaque \u00e9 o ambiente inclusivo e igualit\u00e1rio, no qual diversidade \u00e9 valorizada e respeitada. O pacote de incentivos demonstra o compromisso com a qualidade de vida e o desenvolvimento profissional do colaborador.<\/p>\n<h2>Wichtige Punkte<\/h2>\n<p>A aus\u00eancia da divulga\u00e7\u00e3o do sal\u00e1rio pode ser um ponto negativo para candidatos que valorizam transpar\u00eancia. Al\u00e9m disso, a demanda por experi\u00eancia espec\u00edfica torna a concorr\u00eancia mais acirrada, exigindo qualifica\u00e7\u00e3o elevada dos interessados.<\/p>\n<h2>Urteil<\/h2>\n<p>Se voc\u00ea almeja atuar com impacto direto na regula\u00e7\u00e3o acad\u00eamica e busca um excelente equil\u00edbrio entre vida profissional e benef\u00edcios, esta vaga se mostra uma escolha estrat\u00e9gica. O fato de atuar remotamente e contar com programas de bem-estar s\u00f3 refor\u00e7a a atratividade da oportunidade.<\/p>\n<div style=\"background: #ffffff; border-radius: 12px; box-shadow: 0 10px 30px rgba(0, 0, 0, 0.1); width: 100%; max-width: 340px; padding: 25px; transition: transform 0.3s ease-in-out; overflow: visible; display: flex; flex-direction: column; position: relative; border: 1px solid #28a745; margin-top: 70px; margin-bottom: 50px; margin-left: auto; margin-right: auto;\">\n<div style=\"position: absolute; top: -35px; right: 15px; color: #28a745; padding: 5px 10px; border-radius: 6px; font-size: 14px; font-weight: bold; display: flex; align-items: center; z-index: 10;\">F\u00fcr Sie empfohlen<\/div>\n<div data-namespace-header=\"\" style=\"\">\n<h3 data-namespace-title=\"\" style=\"color: #333; font-size: 20px; font-weight: bold; text-align: left; margin-right: 50px; min-height: 50px; margin-top: 0px;\">Coordenador de Regula\u00e7\u00e3o Acad\u00eamica<\/h3>\n<\/p><\/div>\n<p data-namespace-prompt=\"\" style=\"font-size: 16px; color: #666; margin-bottom: 20px; line-height: 1.5; flex-grow: 1; text-align: left; margin-top: 0px;\">Se voc\u00ea gosta de desafios, possui p\u00f3s-gradua\u00e7\u00e3o, experi\u00eancia no setor de regula\u00e7\u00e3o acad\u00eamica e est\u00e1 em busca de desenvolvimento profissional com home office e benef\u00edcios atrativos, essa vaga \u00e9 para voc\u00ea.<\/p>\n<p>    <a data-namespace-url=\"\" href=\"https:\/\/zonacuriosa.com.br\/de\/redirect\/?https:\/\/trabalheconosco.vagas.com.br\/animaeducacao\/oportunidade\/coordenador-de-regulacao-academica-unp-natal\/2802920?utm_campaign=google_jobs_apply&#038;utm_source=google_jobs_apply&#038;utm_medium=organic\" style=\"width: 100%; display: inline-block; color: white; text-decoration: none; border-radius: 6px; font-size: 16px; font-weight: bold; text-align: center; transition: transform 0.3s ease, background 0.3s ease; margin-top: auto;\" data-namespace-id=\"5c0d2565-3ba9-4280-a382-ad2a691e2285\"><br \/>\n        <button style=\"width: 100%; height: 55px; background: #e9e9ed; border: 1px solid black; color: black;\">Bewerben Sie sich f\u00fcr die Stelle<\/button><br \/>\n    <\/a><br \/>\n    <small style=\"margin-top: 10px; color: #777; font-size: 12px; text-align: center; display: block;\">Sie werden auf eine andere Website weitergeleitet.<\/small>\n<\/div>\n<\/div>","protected":false},"excerpt":{"rendered":"<p>Oportunidade \u00fanica para Coordenador de Regula\u00e7\u00e3o Acad\u00eamica! Home office, benef\u00edcios como bolsa de estudos, programas de bem-estar e ambiente inclusivo aguardam voc\u00ea. Saiba por que se candidatar!<\/p>","protected":false},"author":113,"featured_media":0,"comment_status":"open","ping_status":"open","sticky":false,"template":"","format":"standard","meta":{"footnotes":""},"categories":[11],"tags":[],"yoast_head":"<!-- This site is optimized with the Yoast SEO plugin v23.3 - https:\/\/yoast.com\/wordpress\/plugins\/seo\/ -->\n<title>Coordenador de Regula\u00e7\u00e3o Acad\u00eamica: Home Office, Benef\u00edcios e Crescimento - Zona Curiosa<\/title>\n<meta name=\"robots\" content=\"index, follow, max-snippet:-1, max-image-preview:large, max-video-preview:-1\" \/>\n<link rel=\"canonical\" href=\"https:\/\/zonacuriosa.com.br\/de\/3c62121a-517e-4314-a437-c0ca4bf9f966\/\" \/>\n<meta property=\"og:locale\" content=\"de_DE\" \/>\n<meta property=\"og:type\" content=\"article\" \/>\n<meta property=\"og:title\" content=\"Coordenador de Regula\u00e7\u00e3o Acad\u00eamica: Home Office, Benef\u00edcios e Crescimento - Zona Curiosa\" \/>\n<meta property=\"og:description\" content=\"Oportunidade \u00fanica para Coordenador de Regula\u00e7\u00e3o Acad\u00eamica! Home office, benef\u00edcios como bolsa de estudos, programas de bem-estar e ambiente inclusivo aguardam voc\u00ea. Saiba por que se candidatar!\" \/>\n<meta property=\"og:url\" content=\"https:\/\/zonacuriosa.com.br\/de\/3c62121a-517e-4314-a437-c0ca4bf9f966\/\" \/>\n<meta property=\"og:site_name\" content=\"Zona Curiosa\" \/>\n<meta property=\"article:published_time\" content=\"2026-04-07T15:19:00+00:00\" \/>\n<meta property=\"article:modified_time\" content=\"2026-04-07T15:19:34+00:00\" \/>\n<meta name=\"author\" content=\"ederaugusttomuller\" \/>\n<meta name=\"twitter:card\" content=\"summary_large_image\" \/>\n<meta name=\"twitter:label1\" content=\"Written by\" \/>\n\t<meta name=\"twitter:data1\" content=\"ederaugusttomuller\" \/>\n\t<meta name=\"twitter:label2\" content=\"Est. reading time\" \/>\n\t<meta name=\"twitter:data2\" content=\"2 Minuten\" \/>\n<script type=\"application\/ld+json\" class=\"yoast-schema-graph\">{\"@context\":\"https:\/\/schema.org\",\"@graph\":[{\"@type\":\"WebPage\",\"@id\":\"https:\/\/zonacuriosa.com.br\/3c62121a-517e-4314-a437-c0ca4bf9f966\/\",\"url\":\"https:\/\/zonacuriosa.com.br\/3c62121a-517e-4314-a437-c0ca4bf9f966\/\",\"name\":\"Coordenador de Regula\u00e7\u00e3o Acad\u00eamica: Home Office, Benef\u00edcios e Crescimento - Zona Curiosa\",\"isPartOf\":{\"@id\":\"https:\/\/zonacuriosa.com.br\/#website\"},\"datePublished\":\"2026-04-07T15:19:00+00:00\",\"dateModified\":\"2026-04-07T15:19:34+00:00\",\"author\":{\"@id\":\"https:\/\/zonacuriosa.com.br\/#\/schema\/person\/890d2e5780ff9ae3803551e7f1d7a46d\"},\"breadcrumb\":{\"@id\":\"https:\/\/zonacuriosa.com.br\/3c62121a-517e-4314-a437-c0ca4bf9f966\/#breadcrumb\"},\"inLanguage\":\"de-DE\",\"potentialAction\":[{\"@type\":\"ReadAction\",\"target\":[\"https:\/\/zonacuriosa.com.br\/3c62121a-517e-4314-a437-c0ca4bf9f966\/\"]}]},{\"@type\":\"BreadcrumbList\",\"@id\":\"https:\/\/zonacuriosa.com.br\/3c62121a-517e-4314-a437-c0ca4bf9f966\/#breadcrumb\",\"itemListElement\":[{\"@type\":\"ListItem\",\"position\":1,\"name\":\"Home\",\"item\":\"https:\/\/zonacuriosa.com.br\/\"},{\"@type\":\"ListItem\",\"position\":2,\"name\":\"Coordenador de Regula\u00e7\u00e3o Acad\u00eamica: Home Office, Benef\u00edcios e Crescimento\"}]},{\"@type\":\"WebSite\",\"@id\":\"https:\/\/zonacuriosa.com.br\/#website\",\"url\":\"https:\/\/zonacuriosa.com.br\/\",\"name\":\"Zona Curiosa\",\"description\":\"\",\"potentialAction\":[{\"@type\":\"SearchAction\",\"target\":{\"@type\":\"EntryPoint\",\"urlTemplate\":\"https:\/\/zonacuriosa.com.br\/?s={search_term_string}\"},\"query-input\":\"required name=search_term_string\"}],\"inLanguage\":\"de-DE\"},{\"@type\":\"Person\",\"@id\":\"https:\/\/zonacuriosa.com.br\/#\/schema\/person\/890d2e5780ff9ae3803551e7f1d7a46d\",\"name\":\"ederaugusttomuller\",\"image\":{\"@type\":\"ImageObject\",\"inLanguage\":\"de-DE\",\"@id\":\"https:\/\/zonacuriosa.com.br\/#\/schema\/person\/image\/\",\"url\":\"https:\/\/secure.gravatar.com\/avatar\/96357ca64e7ff2bf802e5dba125702c6?s=96&d=mm&r=g\",\"contentUrl\":\"https:\/\/secure.gravatar.com\/avatar\/96357ca64e7ff2bf802e5dba125702c6?s=96&d=mm&r=g\",\"caption\":\"ederaugusttomuller\"},\"url\":\"https:\/\/zonacuriosa.com.br\/de\/author\/ederaugusttomuller\/\"}]}<\/script>\n<!-- \/ Yoast SEO plugin. -->","yoast_head_json":{"title":"Coordenador de Regula\u00e7\u00e3o Acad\u00eamica: Home Office, Benef\u00edcios e Crescimento - Zona Curiosa","robots":{"index":"index","follow":"follow","max-snippet":"max-snippet:-1","max-image-preview":"max-image-preview:large","max-video-preview":"max-video-preview:-1"},"canonical":"https:\/\/zonacuriosa.com.br\/de\/3c62121a-517e-4314-a437-c0ca4bf9f966\/","og_locale":"de_DE","og_type":"article","og_title":"Coordenador de Regula\u00e7\u00e3o Acad\u00eamica: Home Office, Benef\u00edcios e Crescimento - Zona Curiosa","og_description":"Oportunidade \u00fanica para Coordenador de Regula\u00e7\u00e3o Acad\u00eamica! Home office, benef\u00edcios como bolsa de estudos, programas de bem-estar e ambiente inclusivo aguardam voc\u00ea. Saiba por que se candidatar!","og_url":"https:\/\/zonacuriosa.com.br\/de\/3c62121a-517e-4314-a437-c0ca4bf9f966\/","og_site_name":"Zona Curiosa","article_published_time":"2026-04-07T15:19:00+00:00","article_modified_time":"2026-04-07T15:19:34+00:00","author":"ederaugusttomuller","twitter_card":"summary_large_image","twitter_misc":{"Written by":"ederaugusttomuller","Est. reading time":"2 Minuten"},"schema":{"@context":"https:\/\/schema.org","@graph":[{"@type":"WebPage","@id":"https:\/\/zonacuriosa.com.br\/3c62121a-517e-4314-a437-c0ca4bf9f966\/","url":"https:\/\/zonacuriosa.com.br\/3c62121a-517e-4314-a437-c0ca4bf9f966\/","name":"Coordenador de Regula\u00e7\u00e3o Acad\u00eamica: Home Office, Benef\u00edcios e Crescimento - Zona Curiosa","isPartOf":{"@id":"https:\/\/zonacuriosa.com.br\/#website"},"datePublished":"2026-04-07T15:19:00+00:00","dateModified":"2026-04-07T15:19:34+00:00","author":{"@id":"https:\/\/zonacuriosa.com.br\/#\/schema\/person\/890d2e5780ff9ae3803551e7f1d7a46d"},"breadcrumb":{"@id":"https:\/\/zonacuriosa.com.br\/3c62121a-517e-4314-a437-c0ca4bf9f966\/#breadcrumb"},"inLanguage":"de-DE","potentialAction":[{"@type":"ReadAction","target":["https:\/\/zonacuriosa.com.br\/3c62121a-517e-4314-a437-c0ca4bf9f966\/"]}]},{"@type":"BreadcrumbList","@id":"https:\/\/zonacuriosa.com.br\/3c62121a-517e-4314-a437-c0ca4bf9f966\/#breadcrumb","itemListElement":[{"@type":"ListItem","position":1,"name":"Home","item":"https:\/\/zonacuriosa.com.br\/"},{"@type":"ListItem","position":2,"name":"Coordenador de Regula\u00e7\u00e3o Acad\u00eamica: Home Office, Benef\u00edcios e Crescimento"}]},{"@type":"WebSite","@id":"https:\/\/zonacuriosa.com.br\/#website","url":"https:\/\/zonacuriosa.com.br\/","name":"Zona Curiosa","description":"","potentialAction":[{"@type":"SearchAction","target":{"@type":"EntryPoint","urlTemplate":"https:\/\/zonacuriosa.com.br\/?s={search_term_string}"},"query-input":"required name=search_term_string"}],"inLanguage":"de-DE"},{"@type":"Person","@id":"https:\/\/zonacuriosa.com.br\/#\/schema\/person\/890d2e5780ff9ae3803551e7f1d7a46d","name":"ederaugusttomuller","image":{"@type":"ImageObject","inLanguage":"de-DE","@id":"https:\/\/zonacuriosa.com.br\/#\/schema\/person\/image\/","url":"https:\/\/secure.gravatar.com\/avatar\/96357ca64e7ff2bf802e5dba125702c6?s=96&d=mm&r=g","contentUrl":"https:\/\/secure.gravatar.com\/avatar\/96357ca64e7ff2bf802e5dba125702c6?s=96&d=mm&r=g","caption":"ederaugusttomuller"},"url":"https:\/\/zonacuriosa.com.br\/de\/author\/ederaugusttomuller\/"}]}},"_links":{"self":[{"href":"https:\/\/zonacuriosa.com.br\/de\/wp-json\/wp\/v2\/posts\/102591"}],"collection":[{"href":"https:\/\/zonacuriosa.com.br\/de\/wp-json\/wp\/v2\/posts"}],"about":[{"href":"https:\/\/zonacuriosa.com.br\/de\/wp-json\/wp\/v2\/types\/post"}],"author":[{"embeddable":true,"href":"https:\/\/zonacuriosa.com.br\/de\/wp-json\/wp\/v2\/users\/113"}],"replies":[{"embeddable":true,"href":"https:\/\/zonacuriosa.com.br\/de\/wp-json\/wp\/v2\/comments?post=102591"}],"version-history":[{"count":1,"href":"https:\/\/zonacuriosa.com.br\/de\/wp-json\/wp\/v2\/posts\/102591\/revisions"}],"predecessor-version":[{"id":102601,"href":"https:\/\/zonacuriosa.com.br\/de\/wp-json\/wp\/v2\/posts\/102591\/revisions\/102601"}],"wp:attachment":[{"href":"https:\/\/zonacuriosa.com.br\/de\/wp-json\/wp\/v2\/media?parent=102591"}],"wp:term":[{"taxonomy":"category","embeddable":true,"href":"https:\/\/zonacuriosa.com.br\/de\/wp-json\/wp\/v2\/categories?post=102591"},{"taxonomy":"post_tag","embeddable":true,"href":"https:\/\/zonacuriosa.com.br\/de\/wp-json\/wp\/v2\/tags?post=102591"}],"curies":[{"name":"wp","href":"https:\/\/api.w.org\/{rel}","templated":true}]}}